{"id":107727,"date":"2025-12-08T18:14:10","date_gmt":"2025-12-08T18:14:10","guid":{"rendered":"https:\/\/www.europesays.com\/no\/107727\/"},"modified":"2025-12-08T18:14:10","modified_gmt":"2025-12-08T18:14:10","slug":"norge-far-sin-forste-nasjonale-sikkerhetsradgiver","status":"publish","type":"post","link":"https:\/\/www.europesays.com\/no\/107727\/","title":{"rendered":"Norge f\u00e5r sin f\u00f8rste nasjonale sikkerhetsr\u00e5dgiver"},"content":{"rendered":"\n<p class=\"_lead_o9xde_2 _lead_xtcu6_50 layout-component text-serif-m layout-normal text-serif-l layout-component layout-wide layout-padded _wide_17hqh_1 layout-padded\">Rollen begrunnes med dagens sikkerhetspolitiske situasjon.<\/p>\n<p><img alt=\"Statssekret\u00e6r Thomas Boe Hornburg (Ap) utnevnes til nasjonal sikkerhetsr\u00e5dgiver. Her avbildet i februar i \u00e5r. Foto: Javad Parsa \/ NTB\" class=\"_image_qp4xg_65 layout-component layout-wide\" data-fullscreen- data-track-element-type=\"Article image fullscreen\" data-track-name=\"ImageFullscreen\" fetchpriority=\"high\" decoding=\"sync\" loading=\"eager\" height=\"5536\" itemprop=\"image\"  src=\"https:\/\/www.europesays.com\/no\/wp-content\/uploads\/2025\/12\/6c8a428a-de57-4734-b84c-61a6bc83aafe\"  style=\"object-position:0% 0%\" width=\"8304\"\/>Statssekret\u00e6r Thomas Boe Hornburg (Ap) utnevnes til nasjonal sikkerhetsr\u00e5dgiver. Her avbildet i februar i \u00e5r. Foto: Javad Parsa \/ NTB<\/p>\n<ul aria-hidden=\"true\" class=\"_images_ntbth_112\">\n<li><a class=\"_link_ntbth_117\" href=\"https:\/\/www.vg.no\/forfatter\/ntb\" style=\"z-index:1\" title=\"NTB\" rel=\"nofollow noopener\" target=\"_blank\"><img alt=\"Bilde av NTB\" class=\"_image_ntbth_93\" fetchpriority=\"low\" loading=\"lazy\" decoding=\"async\" itemprop=\"image\"  src=\"https:\/\/www.europesays.com\/no\/wp-content\/uploads\/2025\/12\/1765217649_438_c33980b0-5d07-4027-84a1-813f90a7c8d6\"  width=\"480\"\/><\/a><\/li>\n<\/ul>\n<p> Oppdatert mandag 8. desember kl. 18:35     <\/p>\n<p class=\"_paragraph_o9xde_4 _paragraph_xtcu6_10 layout-component text-serif-m layout-normal text-serif-m layout-padded\">Det er statssekret\u00e6rstatssekret\u00e6rEn h\u00f8yere tjenesteperson i regjeringen som bist\u00e5r en minister med politiske og administrative oppgaver. Thomas Hornburg ved Statsministerens kontor (SMK) som n\u00e5 trer inn i den nyopprettede stillingen.<\/p>\n<p class=\"_paragraph_o9xde_4 _paragraph_xtcu6_10 layout-component text-serif-m layout-normal text-serif-m layout-padded\"> \u2013 Det er en alvorlig sikkerhetspolitisk situasjon, og regjeringen behandler stadig flere saker knyttet til nasjonal sikkerhet, sier statsminister Jonas Gahr St\u00f8re (Ap) i en <a href=\"https:\/\/www.regjeringen.no\/no\/aktuelt\/nasjonal-sikkerhetsradgiver-ved-statsministerens-kontor\/id3142274\/\" class=\"_link_o9xde_39\" rel=\"nofollow noopener\" target=\"_blank\">pressemelding<\/a>.<\/p>\n<p class=\"_paragraph_o9xde_4 _paragraph_xtcu6_10 layout-component text-serif-m layout-normal text-serif-m layout-padded\">Stillingen opprettes samme \u00e5r som St\u00f8re for f\u00f8rste gang la fram en nasjonal sikkerhetsstrategi. Hornburg f\u00e5r s\u00e6rlig ansvar for \u00e5 f\u00f8lge opp denne strategien, men fortsetter samtidig i jobben som statssekret\u00e6r.<\/p>\n<p><img alt=\"Hornburg ble ansatt som politisk r\u00e5dgiver for St\u00f8re i 2016. Han hadde da jobbet i Schibsted i 16 \u00e5r, blant annet som kommentator i Aftenposten. Han har hatt utenrikspolitikk, samfunnssikkerhet og forsvarspolitikk i sin portef\u00f8lje som statssekret\u00e6r ved SMK siden h\u00f8sten 2021. Her avbildet med St\u00f8re i 2017.  Foto: H\u00e5kon Mosvold Larsen \/ NTB\" class=\"_image_qp4xg_65 layout-component layout-normal\" data-fullscreen- data-track-element-type=\"Article image fullscreen\" data-track-name=\"ImageFullscreen\" decoding=\"async\" loading=\"lazy\" height=\"2497\" itemprop=\"image\"  src=\"https:\/\/www.europesays.com\/no\/wp-content\/uploads\/2025\/12\/32450047-aab7-47cd-8a10-a185da2ec62f\"  style=\"object-position:0% 0%\" width=\"3745\"\/>Hornburg ble ansatt som politisk r\u00e5dgiver for St\u00f8re i 2016. Han hadde da jobbet i Schibsted i 16 \u00e5r, blant annet som kommentator i Aftenposten. Han har hatt utenrikspolitikk, samfunnssikkerhet og forsvarspolitikk i sin portef\u00f8lje som statssekret\u00e6r ved SMK siden h\u00f8sten 2021. Her avbildet med St\u00f8re i 2017.  Foto: H\u00e5kon Mosvold Larsen \/ NTB<\/p>\n<p class=\"_paragraph_o9xde_4 _paragraph_xtcu6_10 layout-component text-serif-m layout-normal text-serif-m layout-padded\">I tillegg skal han r\u00e5dgi statsministeren i sp\u00f8rsm\u00e5l om nasjonal sikkerhet og koordinere arbeid mellom departementene. <\/p>\n<p class=\"_paragraph_o9xde_4 _paragraph_xtcu6_10 layout-component text-serif-m layout-normal text-serif-m layout-padded\">\u2013 Statsministerens kontor (SMK) har en rolle som p\u00e5driver og koordinator for oppf\u00f8lging av nasjonal sikkerhetsstrategi. Det tydeliggj\u00f8res n\u00e5 ved at en av statssekret\u00e6rene ved Statsministerens kontor f\u00e5r ansvar som nasjonal sikkerhetsr\u00e5dgiver, sier St\u00f8re.<\/p>\n<p class=\"_paragraph_o9xde_4 _paragraph_xtcu6_10 layout-component text-serif-m layout-normal text-serif-m layout-padded\">Rollen er mer vanlig internasjonalt. Tilsvarende stillinger eksisterer b\u00e5de hos amerikanske, britiske og svenske myndigheter.<\/p>\n","protected":false},"excerpt":{"rendered":"Rollen begrunnes med dagens sikkerhetspolitiske situasjon. Statssekret\u00e6r Thomas Boe Hornburg (Ap) utnevnes til nasjonal sikkerhetsr\u00e5dgiver. Her avbildet i&hellip;\n","protected":false},"author":2,"featured_media":107728,"comment_status":"","ping_status":"","sticky":false,"template":"","format":"standard","meta":{"footnotes":""},"categories":[10],"tags":[20,21,24,25,15,22,23,13,30,28,281,29,14,16,568,26,27],"class_list":{"0":"post-107727","1":"post","2":"type-post","3":"status-publish","4":"format-standard","5":"has-post-thumbnail","7":"category-norge","8":"tag-breaking-news","9":"tag-breakingnews","10":"tag-featured-news","11":"tag-featurednews","12":"tag-headlines","13":"tag-latest-news","14":"tag-latestnews","15":"tag-news","16":"tag-no","17":"tag-norge","18":"tag-norsk-politikk","19":"tag-norway","20":"tag-nyheter","21":"tag-overskrifter","22":"tag-store-regjeringen","23":"tag-top-stories","24":"tag-topstories"},"share_on_mastodon":{"url":"https:\/\/pubeurope.com\/@no\/115685311998518249","error":""},"_links":{"self":[{"href":"https:\/\/www.europesays.com\/no\/wp-json\/wp\/v2\/posts\/107727","targetHints":{"allow":["GET"]}}],"collection":[{"href":"https:\/\/www.europesays.com\/no\/wp-json\/wp\/v2\/posts"}],"about":[{"href":"https:\/\/www.europesays.com\/no\/wp-json\/wp\/v2\/types\/post"}],"author":[{"embeddable":true,"href":"https:\/\/www.europesays.com\/no\/wp-json\/wp\/v2\/users\/2"}],"replies":[{"embeddable":true,"href":"https:\/\/www.europesays.com\/no\/wp-json\/wp\/v2\/comments?post=107727"}],"version-history":[{"count":0,"href":"https:\/\/www.europesays.com\/no\/wp-json\/wp\/v2\/posts\/107727\/revisions"}],"wp:featuredmedia":[{"embeddable":true,"href":"https:\/\/www.europesays.com\/no\/wp-json\/wp\/v2\/media\/107728"}],"wp:attachment":[{"href":"https:\/\/www.europesays.com\/no\/wp-json\/wp\/v2\/media?parent=107727"}],"wp:term":[{"taxonomy":"category","embeddable":true,"href":"https:\/\/www.europesays.com\/no\/wp-json\/wp\/v2\/categories?post=107727"},{"taxonomy":"post_tag","embeddable":true,"href":"https:\/\/www.europesays.com\/no\/wp-json\/wp\/v2\/tags?post=107727"}],"curies":[{"name":"wp","href":"https:\/\/api.w.org\/{rel}","templated":true}]}}