{"id":107731,"date":"2025-12-08T18:16:16","date_gmt":"2025-12-08T18:16:16","guid":{"rendered":"https:\/\/www.europesays.com\/no\/107731\/"},"modified":"2025-12-08T18:16:16","modified_gmt":"2025-12-08T18:16:16","slug":"sport-ishockey-etter-den-massive-kritikken-ja-det-var-feil-dato-men-det-var-jo-kjempegoy-hamar-arbeiderblad","status":"publish","type":"post","link":"https:\/\/www.europesays.com\/no\/107731\/","title":{"rendered":"Sport, Ishockey | Etter den massive kritikken: \u2013 Ja, det var feil dato, men det var jo kjempeg\u00f8y &#8211; Hamar Arbeiderblad"},"content":{"rendered":"<ol>\n<li><a href=\"https:\/\/news.google.com\/rss\/articles\/CBMirAFBVV95cUxPR2RnTHBoWTd0RzlNUlJWQ3RJd01hbUdjNXcycVREU0xuYlJfSF9pY2hMNnVvU2JwTXJMbnB1SU5kcXp3eWdZZ25DcEVCa092b2hqNTB0YmUwM3VJeldNNmFfZ1RZd1dZUllwcVZwandEOW5QT3lETjI1V2hNMWpoQU5Fdzl1dFQ2WWZLSGtZYVZob1JndHppWmlWRTRQTlR1bHBROWdqTUUzRW5R?oc=5\" target=\"_blank\" rel=\"nofollow noopener\">Sport, Ishockey | Etter den massive kritikken: \u2013 Ja, det var feil dato, men det var jo kjempeg\u00f8y<\/a>&nbsp;&nbsp;Hamar Arbeiderblad<\/li>\n<li><a href=\"https:\/\/news.google.com\/rss\/articles\/CBMigwFBVV95cUxNbzdPSUVyZ1M4WW42NnpiLTFTWWxJWHlBNk5POHI5dGtEelQ1MURuYTJaZE45c0tIdTBVZFN5WERPZG9FdDNlQXpPaUxld05HblhpTHlSUjc1Y2lJOXhFMktjQWpZT3hSVllpcTJ1VmFac3dsd21yNGRpUVR2czkyeDZTZw?oc=5\" target=\"_blank\" rel=\"nofollow noopener\">Freser mot Lillehammer etter ydmykelse: \u2013 Det er ikke takt og tone<\/a>&nbsp;&nbsp;Gudbrandsd\u00f8len Dagningen<\/li>\n<li><a href=\"https:\/\/news.google.com\/rss\/articles\/CBMi6AFBVV95cUxQU2ZJU1ViZVRjTWRyN0dwRFR3aVJVbEttM1RQaDVsSTFjWlcwcWlEY2dxbWkwUHpIbkFDU3NuTmtLUEpJX1praGlXdVZWNHg2UGFLd3lOelhQQU9ubFBHZnB0SkxwNkFpc08wRWJJNk9ZX3drbmtHbzhZVzhEOVMxUGdGMFZucDg5YVRvTjVKTDdIUEtodWdNc3N2VE5ZZUJlQU0yOWJ5TE11TnROTWlBV0NhUTVHSjhnME5wUmtHZmZ5VG1kXzRsbXFVbTFUeHAwN1lDcWszNFV3aWhlS0YwbWhkZEd3NXRB?oc=5\" target=\"_blank\" rel=\"nofollow noopener\">Lise Bodil og gjengen fikk p\u00e5skj\u00f8nnelse p\u00e5 tribunen da bortefeltet var glissent: \u2013 St\u00f8tter ikke laget ved \u00e5 ikke v\u00e6re her<\/a>&nbsp;&nbsp;Hamar Arbeiderblad<\/li>\n<li><a href=\"https:\/\/news.google.com\/rss\/articles\/CBMiU0FVX3lxTE90bDlNS2QxTmI0bGVhY19feUdCWmhzXzFacjNWbE5MQWlsZEZZdWRjVUtUZzZjZ3lHOGhXbzQweUN0bV9GWnhZTjBOLVNQdjRKZ3Zj?oc=5\" target=\"_blank\" rel=\"nofollow noopener\">Statpack: EHL runde 22<\/a>&nbsp;&nbsp;Storhamar Hockey<\/li>\n<li><a href=\"https:\/\/news.google.com\/rss\/articles\/CBMiaEFVX3lxTE8teFRZcGlIU29KNjB2WHRlanBDRHZQR1FHSE9sYkV6VUlqNktKUHVIdExwdFg4UEo4UDh6aW5BZzQtdnVkbTVTdUZOYXRTcl9lRnMzX2xibXFuYS15QzBGZ1JmLU1ycUE5?oc=5\" target=\"_blank\" rel=\"nofollow noopener\">Sport, Lillehammer | \u2013 Klubben g\u00e5r ikke i minus<\/a>&nbsp;&nbsp;Gudbrandsd\u00f8len Dagningen<\/li>\n<\/ol>\n","protected":false},"excerpt":{"rendered":"Sport, Ishockey | Etter den massive kritikken: \u2013 Ja, det var feil dato, men det var jo kjempeg\u00f8y&nbsp;&nbsp;Hamar&hellip;\n","protected":false},"author":2,"featured_media":106817,"comment_status":"","ping_status":"","sticky":false,"template":"","format":"standard","meta":{"footnotes":""},"categories":[59],"tags":[30,28,29,83,82],"class_list":{"0":"post-107731","1":"post","2":"type-post","3":"status-publish","4":"format-standard","5":"has-post-thumbnail","7":"category-sport","8":"tag-no","9":"tag-norge","10":"tag-norway","11":"tag-sport","12":"tag-sports"},"share_on_mastodon":{"url":"https:\/\/pubeurope.com\/@no\/115685319226965058","error":""},"_links":{"self":[{"href":"https:\/\/www.europesays.com\/no\/wp-json\/wp\/v2\/posts\/107731","targetHints":{"allow":["GET"]}}],"collection":[{"href":"https:\/\/www.europesays.com\/no\/wp-json\/wp\/v2\/posts"}],"about":[{"href":"https:\/\/www.europesays.com\/no\/wp-json\/wp\/v2\/types\/post"}],"author":[{"embeddable":true,"href":"https:\/\/www.europesays.com\/no\/wp-json\/wp\/v2\/users\/2"}],"replies":[{"embeddable":true,"href":"https:\/\/www.europesays.com\/no\/wp-json\/wp\/v2\/comments?post=107731"}],"version-history":[{"count":0,"href":"https:\/\/www.europesays.com\/no\/wp-json\/wp\/v2\/posts\/107731\/revisions"}],"wp:featuredmedia":[{"embeddable":true,"href":"https:\/\/www.europesays.com\/no\/wp-json\/wp\/v2\/media\/106817"}],"wp:attachment":[{"href":"https:\/\/www.europesays.com\/no\/wp-json\/wp\/v2\/media?parent=107731"}],"wp:term":[{"taxonomy":"category","embeddable":true,"href":"https:\/\/www.europesays.com\/no\/wp-json\/wp\/v2\/categories?post=107731"},{"taxonomy":"post_tag","embeddable":true,"href":"https:\/\/www.europesays.com\/no\/wp-json\/wp\/v2\/tags?post=107731"}],"curies":[{"name":"wp","href":"https:\/\/api.w.org\/{rel}","templated":true}]}}