{"id":107734,"date":"2025-12-08T18:23:06","date_gmt":"2025-12-08T18:23:06","guid":{"rendered":"https:\/\/www.europesays.com\/no\/107734\/"},"modified":"2025-12-08T18:23:06","modified_gmt":"2025-12-08T18:23:06","slug":"sjokk-exiten-veldig-sart","status":"publish","type":"post","link":"https:\/\/www.europesays.com\/no\/107734\/","title":{"rendered":"Sjokk-exiten: &#8211; Veldig s\u00e5rt"},"content":{"rendered":"<p>Det ble til slutt Carina Dahl (40) og\u00a0Ole Thomas Hansens (26) som trakk det korteste str\u00e5et, og med det m\u00e5tte takke for seg i kvartfinalen av\u00a0\u00abSkal vi danse\u00bb.<\/p>\n<p>L\u00f8rdagens sending startet bra for duoen. Danseparet fikk nemlig 39 av 40 mulige poeng av dommerne for sin tango som Dahls far, Morten \u00abDiesel\u00bb Dahl, var med p\u00e5.<\/p>\n<p>Kritikken satt likevel l\u00f8sere hos dommerne etter parets showdans, som var inspirert av Madonnas\u00a0\u00abVogue\u00bb.\u00a0<\/p>\n<p>De negative tilbakemeldingene gikk blant annet p\u00e5 at de ikke inkluderte dansetrinn fra dansestilen Vogue.<\/p>\n<p>\u2013 Det f\u00f8les ekstra kjipt, fordi vi gjorde et valg som vi st\u00e5r veldig st\u00f8tt i. Ogs\u00e5 var det det vi skulle ryke p\u00e5, f\u00f8les det i hvert fall ut som, sa en tydelig ber\u00f8rt Dahl til TV 2 rett etter kvartfinalen l\u00f8rdag.<\/p>\n<p>    <a class=\"article__link\" data-ga-active-label=\"\" data-ga-active-label-animation=\"\" href=\"https:\/\/www.tv2.no\/underholdning\/hyllet-faren-det-var-beintoft\/18360029\/\" rel=\"nofollow noopener\" target=\"_blank\"><\/p>\n<p>    <img class=\"image__img lazyload\" itemprop=\"image\" title=\"\" alt=\"\" width=\"978\" height=\"411\" bad-src=\"https:\/\/www.europesays.com\/no\/wp-content\/uploads\/2025\/12\/18360040.webp\" fetchpriority=\"auto\" \/><\/p>\n<p>\n            Hyllet faren: \u2013 Det var beint\u00f8ft\n        <\/p>\n<p>    <\/a><\/p>\n<p>M\u00f8tt med kritikk fra flere dansere<\/p>\n<p>Vogue, eller\u00a0\u00abvoguing\u00bb,\u00a0er en dansestil som oppsto i ballroom-kulturen\u00a0blant afroamerikanske og latinamerikanske personer i LHBT-milj\u00f8et i New York p\u00e5 1960-tallet.<\/p>\n<p>N\u00e5r TV 2 snakker med artisten mandag, forklarer hun hvorfor de ikke inkluderte typiske dansetrinn fra vogue i showdansen.<\/p>\n<p> \u2013 Det er jo Ole som er koreografen her og han hadde en veldig g\u00f8y id\u00e9 med disse d\u00f8rene, som jeg elsket. For han var det ogs\u00e5 viktig \u00e5 ikke tr\u00e5kke p\u00e5 noen t\u00e6r i vouge-milj\u00f8et.\u00a0<\/p>\n<p>Kort tid tilbake fikk\u00a0\u00abSkal vi danse\u00bb hard kritikk for\u00a0m\u00e5ten hiphop- og streetdans\u00adkulturen blir fremstilt p\u00e5, i\u00a0en\u00a0<a href=\"https:\/\/www.vg.no\/rampelys\/i\/q6plWO\/dansere-reagerer-paa-skal-vi-danse-fremstiller-hiphop-paa-en-maate-som-skaper-ubehag\" target=\"_blank\" style=\"letter-spacing: 0.01em;\" rel=\"nofollow noopener\">VG-artikkel<\/a>.<\/p>\n<p>Flere dansere mener fremstillingen blant annet skaper ubehag og provokasjon, og at representasjonen er s\u00e5 ukorrekt at den bagatelliserer en levende kultur og et helt fagfelt.<\/p>\n<p>Eier ikke dansestiler<\/p>\n<p>Dahl og Hansen tok opp valget sitt med produksjonen i forkant.\u00a0<\/p>\n<p>\u2013 De var helt med p\u00e5 at det ikke var valg av dansestil som var viktig, men \u00e5 la seg inspirere av MTV-opptredenen til Madonna.\u00a0Det var greit at vi l\u00f8ste det slik vi gjorde.\u00a0<\/p>\n<p>\u2013 Man kan jo v\u00e6re etterp\u00e5klok \u00e5 sp\u00f8rre seg selv om det faktisk er s\u00e5nn at milj\u00f8er eier dansestiler eller bevegelser, fordi s\u00e5nn er det jo faktisk ikke.<\/p>\n<p>    <a class=\"article__link\" data-ga-active-label=\"\" data-ga-active-label-animation=\"\" href=\"https:\/\/www.tv2.no\/underholdning\/leah-behn-vanskelig-a-holde-folelsene-tilbake\/18359794\/\" rel=\"nofollow noopener\" target=\"_blank\"><\/p>\n<p>    <img class=\"image__img lazyload\" itemprop=\"image\" title=\"\" alt=\"\" width=\"587\" height=\"247\" bad-src=\"https:\/\/www.europesays.com\/no\/wp-content\/uploads\/2025\/12\/18360740.webp\" fetchpriority=\"auto\" \/><\/p>\n<p>\n            Leah Behn: \u2013 Vanskelig \u00e5 holde f\u00f8lelsene tilbake\n        <\/p>\n<p>    <\/a><\/p>\n<p>Dahl trekker blant annet frem Danby Chois dans fra l\u00f8rdag.<\/p>\n<p>\u2013 Han danset jo til Michael Jackson, og det var jo ikke s\u00e5nn at han tr\u00e5kket p\u00e5 noens t\u00e6r selv om det var \u00e5penbart Michael Jacksons dansestil og koreografi. S\u00e5 vi endte egentlig opp med \u00e5 verken \u00abplease\u00bb vogue-milj\u00f8et eller dommerne.<\/p>\n<p>\u2013 Uheldig<\/p>\n<p>Videre sier hun at det er\u00a0veldig mange variabler som spiller inn n\u00e5r man ender opp med \u00e5 ryke ut av konkurransen.\u00a0<\/p>\n<p>\u2013 Det var uheldig at m\u00e5ten vi valgte \u00e5 l\u00f8se showoppgaven p\u00e5, ikke falt i smak hos dommerne. Selv om vi fikk 39 poeng og jubel p\u00e5 den f\u00f8rste dansen, s\u00e5 endte det alts\u00e5 i duell likevel. Da var det ogs\u00e5 veldig uheldig \u00e5 st\u00e5 mot hele Norges OL-prinsesse Tiril (Eckhoff).\u00a0<\/p>\n<p>\u2013 Dette er jo ikke bare en dansekonkurranse, men lik s\u00e5 vel en profilkonkurranse.\u00a0<\/p>\n<p>Skulle \u00f8nske hun fikk v\u00e6re med videre<\/p>\n<p>Artisten innr\u00f8mmer at det er trist \u00e5 ikke f\u00e5 v\u00e6re med videre.<\/p>\n<p>\u2013 Det som er vondest er jo \u00e5 ikke f\u00e5 oppleve alt man hadde planlagt for b\u00e5de semifinale og finale. Det er veldig s\u00e5rt. Det f\u00f8les ogs\u00e5 veldig rart n\u00e5r denne danse-hverdagen tar slutt, selv om den uansett hadde v\u00e6rt slutt om to uker. Det er likevel vondt \u00e5 g\u00e5 glipp av de siste to ukene.<\/p>\n<p>    <a class=\"article__link\" data-ga-active-label=\"\" data-ga-active-label-animation=\"\" href=\"https:\/\/www.tv2.no\/underholdning\/ute-av-skal-vi-danse\/18359529\/\" rel=\"nofollow noopener\" target=\"_blank\"><\/p>\n<p>    <img class=\"image__img lazyload\" itemprop=\"image\" title=\"Foto: Thomas Evensen \/ TV 2\" alt=\"20251206 Oslo: Skal vi danse s.20. Foto: Thomas Evensen \/ TV 2\" width=\"587\" height=\"247\" bad-src=\"https:\/\/www.europesays.com\/no\/wp-content\/uploads\/2025\/12\/18364149.webp\" fetchpriority=\"auto\" \/><\/p>\n<p>\n            Ute av \u00abSkal vi danse\u00bb\n        <\/p>\n<p>    <\/a><\/p>\n<p>Avslutningsvis sier hun at \u00abSkal vi danse\u00bb-reisen har v\u00e6rt g\u00f8y og krevende.<\/p>\n<p>\u2013 Det er et krevende eventyr, det her, som jeg skulle \u00f8nske jeg fikk v\u00e6re med p\u00e5 hele veien ut. Men alt i alt er jeg veldig stolt og takknemlig for disse tre m\u00e5nedene. <\/p>\n<p>I et innlegg p\u00e5 <a href=\"https:\/\/www.instagram.com\/carinadahl\/p\/DSAE-S7DL6Z\/?hl=nb&amp;img_index=3\" target=\"_blank\" rel=\"nofollow noopener\">Instagram<\/a> mandag, takker hun alle som har heiet de frem.<\/p>\n<p>\u00abMest av alt s\u00e5 vil jeg takke alle som har stemt, heiet og engasjert seg i akkurat min reise her p\u00e5 \u00abSkal vi danse\u00bb. All kj\u00e6rlighet jeg har f\u00e5tt har v\u00e6rt helt makel\u00f8s! Tusen hjertelig takk\u00bb, skriver hun under et bilde med dansepartneren.<\/p>\n<p><script async src=\"\/\/www.instagram.com\/embed.js\"><\/script><\/p>\n","protected":false},"excerpt":{"rendered":"Det ble til slutt Carina Dahl (40) og\u00a0Ole Thomas Hansens (26) som trakk det korteste str\u00e5et, og med&hellip;\n","protected":false},"author":2,"featured_media":107735,"comment_status":"","ping_status":"","sticky":false,"template":"","format":"standard","meta":{"footnotes":""},"categories":[5],"tags":[20,21,24,25,15,19,22,23,17,18,13,30,28,29,14,16,26,27],"class_list":{"0":"post-107734","1":"post","2":"type-post","3":"status-publish","4":"format-standard","5":"has-post-thumbnail","7":"category-overskrifter","8":"tag-breaking-news","9":"tag-breakingnews","10":"tag-featured-news","11":"tag-featurednews","12":"tag-headlines","13":"tag-hovedoppslag","14":"tag-latest-news","15":"tag-latestnews","16":"tag-main-news","17":"tag-mainnews","18":"tag-news","19":"tag-no","20":"tag-norge","21":"tag-norway","22":"tag-nyheter","23":"tag-overskrifter","24":"tag-top-stories","25":"tag-topstories"},"share_on_mastodon":{"url":"https:\/\/pubeurope.com\/@no\/115685346796068000","error":""},"_links":{"self":[{"href":"https:\/\/www.europesays.com\/no\/wp-json\/wp\/v2\/posts\/107734","targetHints":{"allow":["GET"]}}],"collection":[{"href":"https:\/\/www.europesays.com\/no\/wp-json\/wp\/v2\/posts"}],"about":[{"href":"https:\/\/www.europesays.com\/no\/wp-json\/wp\/v2\/types\/post"}],"author":[{"embeddable":true,"href":"https:\/\/www.europesays.com\/no\/wp-json\/wp\/v2\/users\/2"}],"replies":[{"embeddable":true,"href":"https:\/\/www.europesays.com\/no\/wp-json\/wp\/v2\/comments?post=107734"}],"version-history":[{"count":0,"href":"https:\/\/www.europesays.com\/no\/wp-json\/wp\/v2\/posts\/107734\/revisions"}],"wp:featuredmedia":[{"embeddable":true,"href":"https:\/\/www.europesays.com\/no\/wp-json\/wp\/v2\/media\/107735"}],"wp:attachment":[{"href":"https:\/\/www.europesays.com\/no\/wp-json\/wp\/v2\/media?parent=107734"}],"wp:term":[{"taxonomy":"category","embeddable":true,"href":"https:\/\/www.europesays.com\/no\/wp-json\/wp\/v2\/categories?post=107734"},{"taxonomy":"post_tag","embeddable":true,"href":"https:\/\/www.europesays.com\/no\/wp-json\/wp\/v2\/tags?post=107734"}],"curies":[{"name":"wp","href":"https:\/\/api.w.org\/{rel}","templated":true}]}}