{"id":107738,"date":"2025-12-08T18:29:09","date_gmt":"2025-12-08T18:29:09","guid":{"rendered":"https:\/\/www.europesays.com\/no\/107738\/"},"modified":"2025-12-08T18:29:09","modified_gmt":"2025-12-08T18:29:09","slug":"asker-nyhet-jordras-i-hyttefelt-setter-opp-sperringer","status":"publish","type":"post","link":"https:\/\/www.europesays.com\/no\/107738\/","title":{"rendered":"Asker, Nyhet | Jordras i hyttefelt: \u2013 Setter opp sperringer"},"content":{"rendered":"\n<p><b>HYGGEN: <\/b>N\u00f8detatene har mandag kveld rykker ut til et hyttefelt i Kusteinveien p\u00e5 Hyggen, hvor det har g\u00e5tt et jordras.<\/p>\n<p>N\u00f8detatene har rykket ut til stedet med store ressurser. Brannvesenet er p\u00e5 stedet med minst fire enheter, tre ambulanser er p\u00e5 plass, i tillegg til politiet.<\/p>\n<p>If\u00f8lge politiet er raset rundt to-tre meter bredt og cirka 40 meter langt. Raset g\u00e5r fra Kusteinveien, ned mot Granittveien.<\/p>\n<p>\u2013 Etter innledende unders\u00f8kelser kan det virke som at det har v\u00e6rt en kum som har blitt overbelastet, som er \u00e5rsaken til raset. Vi jobber med \u00e5 f\u00e5 kontakt med eierne av bygningene\/hyttene som er ber\u00f8rt, opplyser politiets operasjonsleder Alexander \u00d8sterhaug.<\/p>\n<p>Politiet har ikke f\u00e5tt meldinger om at noen personer er skadet.<\/p>\n<p>Like f\u00f8r klokka 19 sirklet et politihelikopter over omr\u00e5det.<\/p>\n<p>En representant fra kommunen er klokka 19.09 p\u00e5 vei til stedet.<\/p>\n<p>Saken oppdateres.<\/p>\n<p>   <img decoding=\"async\" width=\"2048\" height=\"1536\" fetchpriority=\"low\"  loading=\"lazy\"  src=\"https:\/\/www.europesays.com\/no\/wp-content\/uploads\/2025\/12\/111bf11f-e6f3-42e5-b763-a77c099c7722.jpg\" alt=\"\" class=\"brick-c-cFOWSL\" style=\"--brick-image-ratio: 2048 \/ 1536;\"\/><\/p>\n<p>      N\u00f8detatene har rykket ut med store styrker.<br \/>\n      Foto: Maria Akselvoll\n    <\/p>\n","protected":false},"excerpt":{"rendered":"HYGGEN: N\u00f8detatene har mandag kveld rykker ut til et hyttefelt i Kusteinveien p\u00e5 Hyggen, hvor det har g\u00e5tt&hellip;\n","protected":false},"author":2,"featured_media":107739,"comment_status":"","ping_status":"","sticky":false,"template":"","format":"standard","meta":{"footnotes":""},"categories":[10],"tags":[36,996,20,21,24,25,15,22,23,13,30,28,29,447,14,16,1149,1510,26,27],"class_list":{"0":"post-107738","1":"post","2":"type-post","3":"status-publish","4":"format-standard","5":"has-post-thumbnail","7":"category-norge","8":"tag-art","9":"tag-asker","10":"tag-breaking-news","11":"tag-breakingnews","12":"tag-featured-news","13":"tag-featurednews","14":"tag-headlines","15":"tag-latest-news","16":"tag-latestnews","17":"tag-news","18":"tag-no","19":"tag-norge","20":"tag-norway","21":"tag-nyhet","22":"tag-nyheter","23":"tag-overskrifter","24":"tag-ras","25":"tag-story","26":"tag-top-stories","27":"tag-topstories"},"share_on_mastodon":{"url":"https:\/\/pubeurope.com\/@no\/115685370558623397","error":""},"_links":{"self":[{"href":"https:\/\/www.europesays.com\/no\/wp-json\/wp\/v2\/posts\/107738","targetHints":{"allow":["GET"]}}],"collection":[{"href":"https:\/\/www.europesays.com\/no\/wp-json\/wp\/v2\/posts"}],"about":[{"href":"https:\/\/www.europesays.com\/no\/wp-json\/wp\/v2\/types\/post"}],"author":[{"embeddable":true,"href":"https:\/\/www.europesays.com\/no\/wp-json\/wp\/v2\/users\/2"}],"replies":[{"embeddable":true,"href":"https:\/\/www.europesays.com\/no\/wp-json\/wp\/v2\/comments?post=107738"}],"version-history":[{"count":0,"href":"https:\/\/www.europesays.com\/no\/wp-json\/wp\/v2\/posts\/107738\/revisions"}],"wp:featuredmedia":[{"embeddable":true,"href":"https:\/\/www.europesays.com\/no\/wp-json\/wp\/v2\/media\/107739"}],"wp:attachment":[{"href":"https:\/\/www.europesays.com\/no\/wp-json\/wp\/v2\/media?parent=107738"}],"wp:term":[{"taxonomy":"category","embeddable":true,"href":"https:\/\/www.europesays.com\/no\/wp-json\/wp\/v2\/categories?post=107738"},{"taxonomy":"post_tag","embeddable":true,"href":"https:\/\/www.europesays.com\/no\/wp-json\/wp\/v2\/tags?post=107738"}],"curies":[{"name":"wp","href":"https:\/\/api.w.org\/{rel}","templated":true}]}}