{"id":107742,"date":"2025-12-08T18:31:13","date_gmt":"2025-12-08T18:31:13","guid":{"rendered":"https:\/\/www.europesays.com\/no\/107742\/"},"modified":"2025-12-08T18:31:13","modified_gmt":"2025-12-08T18:31:13","slug":"nff-tredoblet-kampoverskuddet-ga-15-millioner-kroner-til-gaza-hjelp","status":"publish","type":"post","link":"https:\/\/www.europesays.com\/no\/107742\/","title":{"rendered":"NFF tredoblet kampoverskuddet &#8211; ga 1,5 millioner kroner til Gaza-hjelp"},"content":{"rendered":"<p class=\"bold m-bold\" data-lab-font_weight=\"bold\">\u2013 Samlet sett, gjennom kampoverskuddet og et tilskudd fra NFFs b\u00f8tekasse, har vi valgt \u00e5 gi 1,5 millioner kroner til Leger Uten Grenser for \u00e5 st\u00f8tte arbeidet deres i Gaza.\u00a0<\/p>\n<p>Det sier Lise Klaveness (44) til TV 2, som m\u00f8ter henne p\u00e5 Ullevaal stadion. NFF vedtok i h\u00f8st \u00e5 donere overskuddet fra Israel-kampen 11. oktober til humanit\u00e6r st\u00f8tte for Gaza.<\/p>\n<p>If\u00f8lge Norges Fotballforbund endte kampen med et overskudd p\u00e5 522.000 kroner. Forbundet valgte deretter alts\u00e5 \u00e5 legge p\u00e5 \u00e9n million kroner ekstra.\u00a0<\/p>\n<p>\u2013 Vi fant ut etter kampen at vi \u00f8nsket \u00e5 bidra med mer enn bare selve overskuddet, forklarer Klaveness.<\/p>\n<p>\u2013 Organisasjon gj\u00f8r en fantastisk jobb og hjelper direkte der n\u00f8den er st\u00f8rst. Da ville vi benytte anledningen til \u00e5 bidra enda litt mer.\u00a0<\/p>\n<p>        <img class=\"image__img lazyload\" itemprop=\"image\" title=\"Foto: Vegard Gr\u00f8tt \/ BILDBYR\u00c5N\" alt=\"OKTOBER: Erling Braut Haaland og Norge slo Israel komfortabelt. Overskuddet fra kampen gikk til Leger Uten Grenser. Foto: Vegard Gr\u00f8tt \/ BILDBYR\u00c5N\" width=\"675\" height=\"480\" bad-src=\"https:\/\/www.europesays.com\/no\/wp-content\/uploads\/2025\/12\/18364888.webp\" fetchpriority=\"auto\" \/><\/p>\n<p>      OKTOBER: Erling Braut Haaland og Norge slo Israel komfortabelt. Overskuddet fra kampen gikk til Leger Uten Grenser.<br \/>\n         Foto: Vegard Gr\u00f8tt \/ BILDBYR\u00c5N<\/p>\n<p>Brukte nesten to millioner p\u00e5 sikkerhet<\/p>\n<p data-lab-font_weight=\"\">I tillegg opplyser NFF om at en stor og anonym n\u00e6ringslivsakt\u00f8r har lagt til tre nye millioner kroner til den endelige summen.\u00a0Leger Uten Grenser innkasserer dermed 4,5 millioner kroner totalt.<\/p>\n<p class=\"bold m-bold\" data-lab-font_weight=\"bold\">Men kampen mot Israel ble en dyr aff\u00e6re for NFF.\u00a0<\/p>\n<p class=\"bold m-bold\" data-lab-font_weight=\"bold\">Assisterende generalsekret\u00e6r Kai Erik Arnstad opplyser om ekstraordin\u00e6re kostnader og tapte inntekter fra kampen som til sammen utgj\u00f8r 3,4 millioner kroner:<\/p>\n<ul class=\"italic m-italic\" data-lab-italic=\"italic\">\n<li class=\"lab-bodytext-line\">1,7 millioner kroner gikk til ekstra sikkerhet\u00a0<\/li>\n<li class=\"lab-bodytext-line\">1,5 millioner kroner for \u00e5 etablere sikkerhetssoner p\u00e5 stadion som f\u00f8rte til tapte billettinntekter\u00a0<\/li>\n<li class=\"lab-bodytext-line\">128.000 kroner i bot fra Fifa og 150.000 kroner i ekstraordin\u00e6re kostnader knyttet til transport og medisinsk beredskap\u00a0<\/li>\n<\/ul>\n<p>    <a class=\"article__link\" data-ga-active-label=\"\" data-ga-active-label-animation=\"\" href=\"https:\/\/www.tv2.no\/sport\/norge-holdt-pusten-snipere-pa-taket\/18183798\/\" rel=\"nofollow noopener\" target=\"_blank\"><\/p>\n<p>    <img class=\"image__img lazyload\" itemprop=\"image\" title=\"\" alt=\"\" width=\"587\" height=\"229\" bad-src=\"https:\/\/www.europesays.com\/no\/wp-content\/uploads\/2025\/12\/18185375.webp\" fetchpriority=\"auto\" \/><\/p>\n<p>\n            Norge holdt pusten: \u2013 Snipere p\u00e5 taket\n        <\/p>\n<p>    <\/a><\/p>\n<p>Leger Uten Grenser er sv\u00e6rt takknemlig for bidraget. Tidligere i h\u00f8st inngikk de et samarbeid med NFF om \u00e5 fremme humanit\u00e6re verdier og solidaritet.\u00a0<\/p>\n<p>\u2013 Det betyr enormt mye. Det er stort og raust bidrag, og kommer til \u00e5 gj\u00f8re en forskjell for v\u00e5re pasienter \u2013 der v\u00e5re over 1000 palestinske kolleger n\u00e5 gj\u00f8r alt de kan for \u00e5 redde liv, sier Lindis Hurum (53), generalsekret\u00e6r i Leger Uten Grenser.\u00a0<\/p>\n<p>        <img class=\"image__img lazyload\" itemprop=\"image\" title=\"Foto: Fredrik Fjellvang \/ TV 2\" alt=\"SAMARBEID: Lindis Hurum i Leger Uten Grenser og fotballpresident Lise Klaveness p\u00e5 Ullevaal stadion mandag ettermiddag. Foto: Fredrik Fjellvang \/ TV 2\" width=\"978\" height=\"734\" bad-src=\"https:\/\/www.europesays.com\/no\/wp-content\/uploads\/2025\/12\/18364586.webp\" fetchpriority=\"auto\" \/><\/p>\n<p>      SAMARBEID: Lindis Hurum i Leger Uten Grenser og fotballpresident Lise Klaveness p\u00e5 Ullevaal stadion mandag ettermiddag.<br \/>\n         Foto: Fredrik Fjellvang \/ TV 2<\/p>\n<p>Hun beskriver situasjonen i Gaza som \u00abprek\u00e6r og brutal\u00bb.\u00a0<\/p>\n<p>\u2013 De medisinske og humanit\u00e6re behovene er uoverskuelige. V\u00e5r innsats kommer ikke til \u00e5 bli mindre framover, tvert imot. Vi trenger rett og slett mer penger.\u00a0<\/p>\n<p>Fikk kritikk\u00a0<\/p>\n<p>Initiativet kom ikke uten kritikk. Israels fotballpresident reagerte p\u00e5 at Norges Fotballforbund valgte \u00e5 knytte donasjonen spesifikt til kampen mot Israel.\u00a0<\/p>\n<p>\u2013\u00a0Vi er ikke imot at penger g\u00e5r til humanit\u00e6re organisasjoner, sa fotballpresident Moshe Zuares (53).<\/p>\n<p>\u2013 Samtidig lurer jeg p\u00e5 hvorfor dette gj\u00f8res i akkurat denne kampen \u2013 hvorfor ikke mot Italia og Moldova? Da tror jeg donasjonene ville blitt st\u00f8rre.\u00a0<\/p>\n<p>Ogs\u00e5 israelske journalister stilte <a href=\"https:\/\/www.tv2.no\/sport\/fotball\/reagerer-etter-seanse-veldig-sterke-og-voldsomme-ord\/18181309\/\" rel=\"nofollow noopener\" target=\"_blank\">t\u00f8ffe sp\u00f8rsm\u00e5l<\/a> til Klaveness da de gjestet Ullevaal i oktober.\u00a0<\/p>\n<p class=\"bold m-bold\" data-lab-font_weight=\"bold\">\u2013 Israel sitt fotballandslag er ikke ansvarlige for det som skjer p\u00e5 Gaza, men det var der debatten ble stor. Og da syntes vi det ble riktig \u00e5 donere overskuddet til Leger Uten Grenser. Det er en humanistisk og ikke-politisk organisasjon, som hjelper folk der n\u00f8den er st\u00f8rst, sier Klaveness.<\/p>\n<p>Hun fortsetter:<\/p>\n<p>\u2013 For oss handlet det om livredning, ikke om \u00e5 ta et politisk standpunkt. Kritikken er en del av jobben, og det gikk fint \u00e5 st\u00e5 i.\u00a0<\/p>\n","protected":false},"excerpt":{"rendered":"\u2013 Samlet sett, gjennom kampoverskuddet og et tilskudd fra NFFs b\u00f8tekasse, har vi valgt \u00e5 gi 1,5 millioner&hellip;\n","protected":false},"author":2,"featured_media":107743,"comment_status":"","ping_status":"","sticky":false,"template":"","format":"standard","meta":{"footnotes":""},"categories":[59],"tags":[30,28,29,83,82],"class_list":{"0":"post-107742","1":"post","2":"type-post","3":"status-publish","4":"format-standard","5":"has-post-thumbnail","7":"category-sport","8":"tag-no","9":"tag-norge","10":"tag-norway","11":"tag-sport","12":"tag-sports"},"share_on_mastodon":{"url":"https:\/\/pubeurope.com\/@no\/115685378144843693","error":""},"_links":{"self":[{"href":"https:\/\/www.europesays.com\/no\/wp-json\/wp\/v2\/posts\/107742","targetHints":{"allow":["GET"]}}],"collection":[{"href":"https:\/\/www.europesays.com\/no\/wp-json\/wp\/v2\/posts"}],"about":[{"href":"https:\/\/www.europesays.com\/no\/wp-json\/wp\/v2\/types\/post"}],"author":[{"embeddable":true,"href":"https:\/\/www.europesays.com\/no\/wp-json\/wp\/v2\/users\/2"}],"replies":[{"embeddable":true,"href":"https:\/\/www.europesays.com\/no\/wp-json\/wp\/v2\/comments?post=107742"}],"version-history":[{"count":0,"href":"https:\/\/www.europesays.com\/no\/wp-json\/wp\/v2\/posts\/107742\/revisions"}],"wp:featuredmedia":[{"embeddable":true,"href":"https:\/\/www.europesays.com\/no\/wp-json\/wp\/v2\/media\/107743"}],"wp:attachment":[{"href":"https:\/\/www.europesays.com\/no\/wp-json\/wp\/v2\/media?parent=107742"}],"wp:term":[{"taxonomy":"category","embeddable":true,"href":"https:\/\/www.europesays.com\/no\/wp-json\/wp\/v2\/categories?post=107742"},{"taxonomy":"post_tag","embeddable":true,"href":"https:\/\/www.europesays.com\/no\/wp-json\/wp\/v2\/tags?post=107742"}],"curies":[{"name":"wp","href":"https:\/\/api.w.org\/{rel}","templated":true}]}}