{"id":107756,"date":"2025-12-08T18:49:16","date_gmt":"2025-12-08T18:49:16","guid":{"rendered":"https:\/\/www.europesays.com\/no\/107756\/"},"modified":"2025-12-08T18:49:16","modified_gmt":"2025-12-08T18:49:16","slug":"riksadvokaten-kritiserer-politiets-cyberkrim-innsats","status":"publish","type":"post","link":"https:\/\/www.europesays.com\/no\/107756\/","title":{"rendered":"Riksadvokaten kritiserer politiets cyberkrim-innsats"},"content":{"rendered":"\n<p class=\"_lead_o9xde_2 _lead_xtcu6_50 layout-component text-serif-m layout-normal text-serif-l layout-component layout-wide layout-padded _wide_17hqh_1 layout-padded\">Alvorlige datainnbrudd blir ikke etterforsket.<\/p>\n<ul aria-hidden=\"true\" class=\"_images_ntbth_112\">\n<li><a class=\"_link_ntbth_117\" href=\"https:\/\/www.vg.no\/forfatter\/joern-e-kaalstad\" style=\"z-index:1\" title=\"J\u00f8rn E. Kaalstad\" rel=\"nofollow noopener\" target=\"_blank\"><img alt=\"Bilde av J\u00f8rn E. Kaalstad\" class=\"_image_ntbth_93\" fetchpriority=\"low\" loading=\"lazy\" decoding=\"async\" itemprop=\"image\"  src=\"https:\/\/www.europesays.com\/no\/wp-content\/uploads\/2025\/12\/1765219752_712_669373df-e8fd-4864-880f-5035f6f30b0b\"  width=\"480\"\/><\/a><\/li>\n<\/ul>\n<p> Oppdatert mandag 8. desember kl. 16:04    <\/p>\n<ul class=\"_list_o9xde_3 _list_64s2r_85 _unordered_o9xde_106 text-sans-m\">\n<li class=\"_item_o9xde_30\">Riksadvokaten kritiserer politiets innsats mot cyberkriminalitet.<\/li>\n<li class=\"_item_o9xde_30\">En ny rapport avsl\u00f8rer mange alvorlige saker som ikke blir etterforsket.<\/li>\n<li class=\"_item_o9xde_30\">Saker med samfunnskritiske datainnbrudd er spesielt neglisjert.<\/li>\n<li class=\"_item_o9xde_30\">Politidirektoratet oppfordres til \u00e5 ta umiddelbare tiltak og forbedre kompetansen.<\/li>\n<\/ul>\n<p>Vis mer <\/p>\n<p class=\"_paragraph_o9xde_4 _paragraph_xtcu6_10 layout-component text-serif-m layout-normal text-serif-m layout-padded\">Riksadvokaten kommer med krass kritikk av politiets arbeid mot cyberkriminalitet. En ny rapport viser at innsatsen ikke har v\u00e6rt tilstrekkelig, og at mange alvorlige saker ikke blir etterforsket.<\/p>\n<p class=\"_paragraph_o9xde_4 _paragraph_xtcu6_10 layout-component text-serif-m layout-normal text-serif-m layout-padded\">Unders\u00f8kelsen, som dekker perioden september 2023 til august 2024, avdekker store mangler i politiets h\u00e5ndtering av cyberrettet kriminalitet, skriver Riksadvokaten i en pressemelding.<\/p>\n<p><img decoding=\"async\" alt=\"Bilde av J\u00f8rn Sigurd Maurud\" class=\"_image_ygndg_42\" height=\"60\" itemprop=\"image\" loading=\"lazy\"  src=\"https:\/\/www.europesays.com\/no\/wp-content\/uploads\/2025\/12\/fd5f1ca1-c8bd-4143-905f-ba330f213849\"  width=\"40\"\/><strong class=\"_name_ygndg_51 title-serif-xs\">J\u00f8rn Sigurd Maurud<\/strong><\/p>\n<p class=\"_paragraph_o9xde_4 text-sans-m _description_ygndg_56\">Riksadvokat<\/p>\n<p class=\"_paragraph_o9xde_4 _paragraph_xtcu6_10 layout-component text-serif-m layout-normal text-serif-m layout-padded\">\u2013 Politiets innsats mot cyberkriminalitet er ikke i tr\u00e5d med riksadvokatens f\u00f8ringer. Mange saker blir ikke etterforsket, og alvorlige saker blir ikke tilstrekkelig prioritert, heter det i rapporten.<\/p>\n<p class=\"_paragraph_o9xde_4 _paragraph_xtcu6_10 layout-component text-serif-m layout-normal text-serif-m layout-padded\">S\u00e6rlig alvorlig er det at flere saker med mistanke om datainnbrudd mot virksomheter med samfunnskritisk funksjon ikke har blitt etterforsket i det hele tatt.<\/p>\n<p class=\"_paragraph_o9xde_4 _paragraph_xtcu6_10 layout-component text-serif-m layout-normal text-serif-m layout-padded\">Rapporten peker ogs\u00e5 p\u00e5 utilstrekkelig kunnskap og kompetanse om digitale spor blant politiets ansatte. Manglende ressurser trekkes frem som en hoved\u00e5rsak til at mange saker henlegges.<\/p>\n<p class=\"_paragraph_o9xde_4 _paragraph_xtcu6_10 layout-component text-serif-m layout-normal text-serif-m layout-padded\">Riksadvokaten krever umiddelbare tiltak for \u00e5 sikre at alvorlige saker etterforskes, s\u00e6rlig anmeldelser fra virksomheter. Politidirektoratet oppfordres til \u00e5 \u00e5pne for digitale anmeldelser av kriminalitet rettet mot datasystemer.<\/p>\n<p class=\"_paragraph_o9xde_4 _paragraph_xtcu6_10 layout-component text-serif-m layout-normal text-serif-m layout-padded\">Langsiktig m\u00e5 kompetansen heves, og politiet m\u00e5 f\u00e5 bedre teknologiske verkt\u00f8y for \u00e5 bekjempe cyberkriminalitet.<\/p>\n<p><img decoding=\"async\" alt=\"Bilde av Mahmoud Farahmand\" class=\"_image_ygndg_42\" height=\"26\" itemprop=\"image\" loading=\"lazy\"  src=\"https:\/\/www.europesays.com\/no\/wp-content\/uploads\/2025\/12\/85276ede-9c4c-4883-ac8b-b562b45e5c1b\"  width=\"40\"\/><strong class=\"_name_ygndg_51 title-serif-xs\">Mahmoud Farahmand<\/strong><\/p>\n<p class=\"_paragraph_o9xde_4 text-sans-m _description_ygndg_56\">Stortingsrepresentant (H)<\/p>\n<p>H\u00f8yre: \u2013 Alvorlige funn<\/p>\n<p class=\"_paragraph_o9xde_4 _paragraph_xtcu6_10 layout-component text-serif-m layout-normal text-serif-m layout-padded\">Mahmoud Farahmand, justispolitisk talsperson i H\u00f8yre, reagerer kraftig p\u00e5 Riksadvokatens rapport om politiets innsats mot cyberrettet kriminalitet.<\/p>\n<p class=\"_paragraph_o9xde_4 _paragraph_xtcu6_10 layout-component text-serif-m layout-normal text-serif-m layout-padded\">\u2013 Dette er s\u00e6rdeles alvorlige funn fra Riksadvokaten. At alvorlige saker ikke blir etterforsket, b\u00f8r virkelig f\u00e5 varsellampene til \u00e5 blinke. N\u00e5r det i tillegg gjelder saker om mistanke om datainnbrudd mot virksomheter med samfunnskritisk funksjon, skj\u00f8nner jeg ikke at dette kan skje. Dette er en n\u00e5del\u00f8s dom over bemannings- og utstyrssituasjonen i politi-Norge, sier Farahmand i en epost til VG. <\/p>\n<p class=\"_paragraph_o9xde_4 _paragraph_xtcu6_10 layout-component text-serif-m layout-normal text-serif-m layout-padded\">Han sir han forventer at justisministeren svarer for dette.<\/p>\n<p class=\"_paragraph_o9xde_4 _paragraph_xtcu6_10 layout-component text-serif-m layout-normal text-serif-m layout-padded\">\u2013 Den alvorlige kriminaliteten i Norge har \u00f8kt kraftig de siste \u00e5rene, og vi vet at den sikkerhetspolitiske situasjonen er ekstremt truet. At det da kommer frem at innsatsen p\u00e5 omr\u00e5det ikke har v\u00e6rt tilstrekkelig og at kompetansen ikke er god nok, burde f\u00e5 det til \u00e5 g\u00e5 kaldt nedover ryggen p\u00e5 det norske folk, skriver han.<\/p>\n<p>    <img decoding=\"async\" alt=\"Tips oss illustrasjon\" src=\"https:\/\/www.europesays.com\/no\/wp-content\/uploads\/2025\/10\/pssst-small.webp.webp\"\/>    <\/p>\n<p class=\"title-serif-s\">Har du tips?<\/p>\n<p class=\"text-sans-m\">Send oss informasjon, bilder eller video.<\/p>\n<p>  <a href=\"https:\/\/www.vg.no\/tips-oss\" rel=\"nofollow noopener\" target=\"_blank\"> Tips oss <\/a>      <\/p>\n","protected":false},"excerpt":{"rendered":"Alvorlige datainnbrudd blir ikke etterforsket. Oppdatert mandag 8. desember kl. 16:04 Riksadvokaten kritiserer politiets innsats mot cyberkriminalitet. En&hellip;\n","protected":false},"author":2,"featured_media":107757,"comment_status":"","ping_status":"","sticky":false,"template":"","format":"standard","meta":{"footnotes":""},"categories":[12],"tags":[31,20,21,24,25,15,22,23,13,30,28,29,14,16,26,27,42,43,44,45],"class_list":{"0":"post-107756","1":"post","2":"type-post","3":"status-publish","4":"format-standard","5":"has-post-thumbnail","7":"category-verden","8":"tag-breaking","9":"tag-breaking-news","10":"tag-breakingnews","11":"tag-featured-news","12":"tag-featurednews","13":"tag-headlines","14":"tag-latest-news","15":"tag-latestnews","16":"tag-news","17":"tag-no","18":"tag-norge","19":"tag-norway","20":"tag-nyheter","21":"tag-overskrifter","22":"tag-top-stories","23":"tag-topstories","24":"tag-verden","25":"tag-world","26":"tag-world-news","27":"tag-worldnews"},"share_on_mastodon":{"url":"https:\/\/pubeurope.com\/@no\/115685449231757815","error":""},"_links":{"self":[{"href":"https:\/\/www.europesays.com\/no\/wp-json\/wp\/v2\/posts\/107756","targetHints":{"allow":["GET"]}}],"collection":[{"href":"https:\/\/www.europesays.com\/no\/wp-json\/wp\/v2\/posts"}],"about":[{"href":"https:\/\/www.europesays.com\/no\/wp-json\/wp\/v2\/types\/post"}],"author":[{"embeddable":true,"href":"https:\/\/www.europesays.com\/no\/wp-json\/wp\/v2\/users\/2"}],"replies":[{"embeddable":true,"href":"https:\/\/www.europesays.com\/no\/wp-json\/wp\/v2\/comments?post=107756"}],"version-history":[{"count":0,"href":"https:\/\/www.europesays.com\/no\/wp-json\/wp\/v2\/posts\/107756\/revisions"}],"wp:featuredmedia":[{"embeddable":true,"href":"https:\/\/www.europesays.com\/no\/wp-json\/wp\/v2\/media\/107757"}],"wp:attachment":[{"href":"https:\/\/www.europesays.com\/no\/wp-json\/wp\/v2\/media?parent=107756"}],"wp:term":[{"taxonomy":"category","embeddable":true,"href":"https:\/\/www.europesays.com\/no\/wp-json\/wp\/v2\/categories?post=107756"},{"taxonomy":"post_tag","embeddable":true,"href":"https:\/\/www.europesays.com\/no\/wp-json\/wp\/v2\/tags?post=107756"}],"curies":[{"name":"wp","href":"https:\/\/api.w.org\/{rel}","templated":true}]}}