{"id":107758,"date":"2025-12-08T18:50:27","date_gmt":"2025-12-08T18:50:27","guid":{"rendered":"https:\/\/www.europesays.com\/no\/107758\/"},"modified":"2025-12-08T18:50:27","modified_gmt":"2025-12-08T18:50:27","slug":"arbeidsliv-alstahaug-oppgradering-av-stromnettet-deler-av-nettet-vart-er-bygget-for-en-helt-annen-tid","status":"publish","type":"post","link":"https:\/\/www.europesays.com\/no\/107758\/","title":{"rendered":"Arbeidsliv, Alstahaug | Oppgradering av str\u00f8mnettet: \u2013 Deler av nettet v\u00e5rt er bygget for en helt annen tid"},"content":{"rendered":"\n<p>Denne uka starter Linea opp et omfattende arbeid med oppgradering av str\u00f8mnettet i Botn i Alstahaug. <\/p>\n<p>Traseene er avklart med ber\u00f8rte grunneiere, og prosjektet vil gi en betydelig forbedring av str\u00f8mforsyningen i omr\u00e5det.<\/p>\n<p>Det kommer fram i ei pressemelding fra Linea.<\/p>\n<p>Bakgrunnen for oppgraderingen er utfordringer knyttet til lav spenning og lave kortslutningsstr\u00f8mmer i dagens nett. <\/p>\n<p>For \u00e5 sikre bedre leveringskvalitet og \u00f8kt kapasitet vil eksisterende nettstasjon bli erstattet av to nye nettstasjoner. Dette gj\u00f8r at str\u00f8mnettet deles opp i to kretser, og at hver nettstasjon plasseres n\u00e6rmere forbrukerne.<\/p>\n<p>Gammelt nett m\u00f8ter nye behov <\/p>\n<p>Str\u00f8mnettet i omr\u00e5det ble opprinnelig bygd p\u00e5 1950-tallet, med en st\u00f8rre oppgradering p\u00e5 midten av 1980- tallet. <\/p>\n<p>Siden den gang har b\u00e5de bruken og belastningen p\u00e5 nettet \u00f8kt betydelig. I dag ser Linea en tydelig vekst i str\u00f8mforbruket, blant annet som f\u00f8lge av elbiler, elbillading og \u00f8kt effektuttak i b\u00e5de boliger og n\u00e6ringsbygg.<\/p>\n<p>Mye av det eksisterende nettet er ikke dimensjonert for denne utviklingen, og dette er en viktig \u00e5rsak til at oppgraderingen n\u00e5 gjennomf\u00f8res.<\/p>\n<p>Prosjektet inneb\u00e6rer b\u00e5de kabling av store deler av lavspentnettet, samt forsterkning og utskifting av luftlinjer der disse fortsatt skal benyttes. <\/p>\n<p>Selv etter oppgraderingen vil begge de nye kretsene ha relativt stor utstrekning, og tiltakene som n\u00e5 gjennomf\u00f8res er derfor n\u00f8dvendige for \u00e5 sikre god og stabil leveringskvalitet framover.<\/p>\n<p>Arkeologiske vurderinger gjennomf\u00f8rt <\/p>\n<p>Omr\u00e5det i Botn har p\u00e5 grunn av sin historie v\u00e6rt vurdert av arkeologer. I forbindelse med feltarbeid tidligere i \u00e5r ble det gjennomf\u00f8rt stikkpr\u00f8ver, uten at det ble gjort funn i traseene der det n\u00e5 skal graves. <\/p>\n<p>Linea vil likevel ha et v\u00e5kent blikk under arbeidet, dersom det skulle dukke opp kulturhistoriske spor.<\/p>\n<p>Tidsplan for arbeidet:<\/p>\n<ul>\n<li>Gravearbeidet starter i denne uken og vil p\u00e5g\u00e5 gjennom vinteren <\/li>\n<li>Montasjearbeid starter i februar, og vil p\u00e5g\u00e5 utover mars og april <\/li>\n<li>Ber\u00f8rte grunneiere og abonnenter vil bli varslet direkte <\/li>\n<li>Det vil ogs\u00e5 bli lagt ved kart som viser hele kretsens utstrekning<\/li>\n<\/ul>\n<p>Linea ber publikum og nysgjerrige om \u00e5 holde trygg avstand til anleggsmaskiner og \u00e5pne gr\u00f8fter under anleggsperioden. <\/p>\n<p>\u00abI tillegg ber vi om at det ikke oppholder seg personer direkte under mont\u00f8rer som arbeider i stolper\u00bb, st\u00e5r det i pressemeldingen.<\/p>\n<p>En del av arbeidet vil foreg\u00e5 p\u00e5 lavspent luftnett i et omr\u00e5de som er godt brukt av turg\u00e5ere. Linea oppfordrer derfor alle som ferdes i omr\u00e5det til \u00e5 v\u00e6re ekstra oppmerksomme og ta hensyn til p\u00e5g\u00e5ende arbeid.<\/p>\n<p>Stort investeringsbehov <\/p>\n<p>\u2013 Vi ser tydelig at str\u00f8mforbruket \u00f8ker p\u00e5 Helgeland. B\u00e5de privatpersoner og n\u00e6ringsliv elektrifiserer mer enn f\u00f8r, og behovet for \u00f8kt kapasitet i str\u00f8mnettet vokser raskt. Samtidig er deler av nettet v\u00e5rt bygget for en helt annen tid og et annet forbruk enn det vi ser i dag. Det gj\u00f8r at vi har sv\u00e6rt mange oppgraderingsprosjekter over hele Helgeland, sier Frode Dorp, kommunikasjonsansvarlig i Linea.<\/p>\n<p>\u2013 I tillegg skal vi ivareta interessene til mange ulike kundegrupper, samtidig som vi tar hensyn til natur, milj\u00f8 og lokalsamfunn. Det er krevende, men helt n\u00f8dvendig for \u00e5 sikre en trygg og framtidsrettet str\u00f8mforsyning i regionen, avslutter Dorp.<\/p>\n","protected":false},"excerpt":{"rendered":"Denne uka starter Linea opp et omfattende arbeid med oppgradering av str\u00f8mnettet i Botn i Alstahaug. Traseene er&hellip;\n","protected":false},"author":2,"featured_media":107759,"comment_status":"","ping_status":"","sticky":false,"template":"","format":"standard","meta":{"footnotes":""},"categories":[10],"tags":[2486,465,36,20,21,24,25,15,22,23,8188,13,30,28,29,14,16,1510,26,27],"class_list":{"0":"post-107758","1":"post","2":"type-post","3":"status-publish","4":"format-standard","5":"has-post-thumbnail","7":"category-norge","8":"tag-alstahaug","9":"tag-arbeidsliv","10":"tag-art","11":"tag-breaking-news","12":"tag-breakingnews","13":"tag-featured-news","14":"tag-featurednews","15":"tag-headlines","16":"tag-latest-news","17":"tag-latestnews","18":"tag-linea","19":"tag-news","20":"tag-no","21":"tag-norge","22":"tag-norway","23":"tag-nyheter","24":"tag-overskrifter","25":"tag-story","26":"tag-top-stories","27":"tag-topstories"},"share_on_mastodon":{"url":"https:\/\/pubeurope.com\/@no\/115685452905449379","error":""},"_links":{"self":[{"href":"https:\/\/www.europesays.com\/no\/wp-json\/wp\/v2\/posts\/107758","targetHints":{"allow":["GET"]}}],"collection":[{"href":"https:\/\/www.europesays.com\/no\/wp-json\/wp\/v2\/posts"}],"about":[{"href":"https:\/\/www.europesays.com\/no\/wp-json\/wp\/v2\/types\/post"}],"author":[{"embeddable":true,"href":"https:\/\/www.europesays.com\/no\/wp-json\/wp\/v2\/users\/2"}],"replies":[{"embeddable":true,"href":"https:\/\/www.europesays.com\/no\/wp-json\/wp\/v2\/comments?post=107758"}],"version-history":[{"count":0,"href":"https:\/\/www.europesays.com\/no\/wp-json\/wp\/v2\/posts\/107758\/revisions"}],"wp:featuredmedia":[{"embeddable":true,"href":"https:\/\/www.europesays.com\/no\/wp-json\/wp\/v2\/media\/107759"}],"wp:attachment":[{"href":"https:\/\/www.europesays.com\/no\/wp-json\/wp\/v2\/media?parent=107758"}],"wp:term":[{"taxonomy":"category","embeddable":true,"href":"https:\/\/www.europesays.com\/no\/wp-json\/wp\/v2\/categories?post=107758"},{"taxonomy":"post_tag","embeddable":true,"href":"https:\/\/www.europesays.com\/no\/wp-json\/wp\/v2\/tags?post=107758"}],"curies":[{"name":"wp","href":"https:\/\/api.w.org\/{rel}","templated":true}]}}