{"id":107760,"date":"2025-12-08T18:52:39","date_gmt":"2025-12-08T18:52:39","guid":{"rendered":"https:\/\/www.europesays.com\/no\/107760\/"},"modified":"2025-12-08T18:52:39","modified_gmt":"2025-12-08T18:52:39","slug":"langrenn-trondheim-10-kilometer-fri-kvinner-3","status":"publish","type":"post","link":"https:\/\/www.europesays.com\/no\/107760\/","title":{"rendered":"Langrenn, Trondheim: 10 kilometer fri kvinner"},"content":{"rendered":"<p data-lab-font_weight=\"\">TRONDHEIM (Dagbladet): Svenske\u00a0Ebba Andersson gikk til topps p\u00e5 kvinnenes ti-kilometer s\u00f8ndag, to sekunder foran lagkamerat Moa Ilar.\u00a0<\/p>\n<p data-lab-font_weight=\"\">Det ble med andre ord en meget god helg for svenskene, som tapetserte pallen p\u00e5 sprinten fredag.\u00a0<\/p>\n<p>        TRONDHEIM: Den polske langrennsut\u00f8veren Eliza Rucka-Michalek legger seg plutselig ned midt i l\u00f8ypa. Video: NRK, S\u00f8r\u00f8 Olsen\/Dagbladet TV-sporten<\/p>\n<p data-lab-font_weight=\"\">&#8211; De har utklasset de andre, sier NRK-ekspert P\u00e5l Golberg om svenskene.\u00a0<\/p>\n<p data-lab-font_weight=\"\">Andersson var lykkelig da hun m\u00f8tte Dagbladet etter l\u00f8pet.<\/p>\n<p data-lab-font_weight=\"\">&#8211; Det er alltid g\u00f8y \u00e5 vinne skikonkurranser. Jeg har hatt mange gode minner her, og tenker p\u00e5 Gran\u00e5sen og Trondheim p\u00e5 en positiv m\u00e5te, sier Andersson til Dagbladet.<\/p>\n<p data-lab-font_weight=\"\">\u00a0&#8211; Jeg var forberedt p\u00e5 en sekundstrid, og det ble det. \u00c5 lyktes var veldig gledelig.\u00a0<\/p>\n<p>        <img loading=\"lazy\" decoding=\"async\" src=\"https:\/\/www.europesays.com\/no\/wp-content\/uploads\/2025\/12\/83950031.webp\" width=\"980\" height=\"559\" title=\"TIL TOPPS: Ebba Andersson. Foto: Maxim Thore \/ BILDBYR\u00c5N\" alt=\"\" class=\"\" style=\"--aspect-ratio-image: 1.75; \"\/><\/p>\n<p>\n        TIL TOPPS: Ebba Andersson. Foto: Maxim Thore \/ BILDBYR\u00c5N\n    <\/p>\n<p data-lab-font_weight=\"\">Ogs\u00e5 Ilar var forn\u00f8yd.\u00a0<\/p>\n<p data-lab-font_weight=\"\">&#8211; Det kjentes bra. Jeg h\u00e5pet selvsagt \u00e5 ta Ebba, men det var veldig jevnt og veldig spennende, sier Ilar til Dagbladet.\u00a0<\/p>\n<p data-lab-font_weight=\"\"> De svenske damene elsker l\u00f8ypene i Gran\u00e5sen. Under vinterens VM gikk seks av seks gull til svensker. <\/p>\n<p>    10 kilometer fri, s\u00f8ndag<\/p>\n<p>1. Ebba Andersson<\/p>\n<p>2. Moa Ilar<\/p>\n<p>3. Jessie Diggins<\/p>\n<p class=\"font-weight-bold m-font-weight-bold\" data-lab-font_weight=\"font-weight-bold\">4. Astrid \u00d8yre Slind<\/p>\n<p>5. Jonna Sundling<\/p>\n<p>6. Maria Gismondi<\/p>\n<p class=\"font-weight-bold m-font-weight-bold\" data-lab-font_weight=\"font-weight-bold\">7. Nora Sanness<\/p>\n<p>8. Frida Karlsson<\/p>\n<p>\u00d8vrige norske:<\/p>\n<p>10) Heidi Weng 11) Karoline Simpson-Larsen 12) Kristin Austgulen Fosn\u00e6s, 19) Tiril Udnes Weng 21) Julie Bjervig Drivenes 24) Anne Kjersti Kalv\u00e5 27) Lotta Udnes Weng 32) Marte Mikkelsplass 42) Milla Grosberghaugen Andreassen 53) Nora Elisabeth Falster<\/p>\n<p>      Vis mer<br \/>\n      Vis mindre<\/p>\n<p data-lab-font_weight=\"\" class=\"italic m-italic\" data-lab-italic=\"italic\">&#8211; Hva tenker du om den svenske dominansen her i Gran\u00e5sen?<\/p>\n<p data-lab-font_weight=\"\">&#8211; Det kjennes litt som flashback til VM. Da var vi ogs\u00e5 her og sopet rent. Vi er et veldig sterkt lag, konstaterer hun.\u00a0<\/p>\n<p data-lab-font_weight=\"\">G\u00e5rsdagens vinner, Jessie Diggins, ble nummer tre, 16,5 sekunder bak Andersson.\u00a0<\/p>\n<p>Nesten for \u00d8yre Slind\t<\/p>\n<p>Astrid \u00d8yre Slind var til slutt det eneste norske pallh\u00e5pet, men hun klarte ikke tiden til Jessie Diggins. I stedet ble det den sure fjerdeplassen for \u00d8yre Slind, knappe tre sekunder unna pallen.\u00a0<\/p>\n<p>&#8211; Formen er bra. Det er kort vei opp til pallen, s\u00e5 det er bra, sier \u00d8yre Slind til Dagbladet.\u00a0<\/p>\n<p>        <img loading=\"lazy\" decoding=\"async\" src=\"https:\/\/www.europesays.com\/no\/wp-content\/uploads\/2025\/12\/83950180.webp\" width=\"980\" height=\"559\" title=\"NUMMER FIRE: Anne Kjersti Kalv\u00e5. Foto: Geir Olsen\/NTB\" alt=\"\" class=\"\" style=\"--aspect-ratio-image: 1.75; \"\/><\/p>\n<p>\n        NUMMER FIRE: Anne Kjersti Kalv\u00e5. Foto: Geir Olsen\/NTB\n    <\/p>\n<p>Hun mener det ikke n\u00f8dvendigvis er negativt at svenskene virker \u00e5 v\u00e6re litt n\u00e6rmere mesterskapsformen enn de norske.<\/p>\n<p>&#8211; I fjor var de bak helt fram til mesterskapet, s\u00e5 kanskje vi skal snu p\u00e5 det i \u00e5r. Det er p\u00e5 ingen m\u00e5te noen krise, sier hun.\u00a0<\/p>\n<p> Heidi Weng endte p\u00e5 10.-plass, mens Nora Sanness var nest best av de norske, dr\u00f8yt ti sekunder bak Slind. <\/p>\n<p>&#8211; I dag var jeg ikke bedre. F\u00f8rsterunden f\u00f8ltes veldig grei, s\u00e5 var det ok til sju kilometer. S\u00e5 taper jeg vanvittig mye derfra og inn. I fjor fl\u00f8t det i veldig ti kilometer sk\u00f8yting, men i dag ble det bare stress, sier Weng til Dagbladet.\u00a0<\/p>\n<p>        ILLAM\u00c5ENDE: Den svenske langrennsstjerna Johanna Hagstr\u00f6m liker \u00e5 sl\u00e5 nordmenn, men det er en norsk stolthet hun aldri overvinner. Video: Johanna Hagstr\u00f6m, Schjesvold\/S\u00f8r\u00f8 Olsen\/Dagbladet TV-sporten<\/p>\n<p>&#8211; Det f\u00f8ltes bra. Det kjentes litt tr\u00e5tt ut f\u00f8r start, men da vi kom i gang f\u00f8lte jeg det l\u00f8snet, og det ble bedre og bedre utover. Jeg skulle gjerne v\u00e6rt litt h\u00f8yere opp, men det er aldri dumt \u00e5 v\u00e6re blant de beste norske, sier Sanness til Dagbladet.\u00a0<\/p>\n<p>Hun vil ikke v\u00e6re med p\u00e5 at den svenske dominansen er krise for Norge.<\/p>\n<p>&#8211; Vi kjenner vel kanskje litt p\u00e5 det de andre nasjonene kjenner p\u00e5 p\u00e5 herresiden, men det er i OL det gjelder, sier hun.\u00a0<\/p>\n<p>&#8211; Det ser m\u00f8rkt ut\t<\/p>\n<p>Rennet var viktig for flere av de norske l\u00f8perne. For Anne Kjersti Kalv\u00e5 ble det en skuffelse. Hun endte over minuttet bak Andersson i m\u00e5l.<\/p>\n<p>&#8211; Det ser m\u00f8rkt ut akkurat n\u00e5, sier Kalv\u00e5 til Dagbladet om tiden fram mot OL.\u00a0<\/p>\n<p>Hun tok tre VM-medaljer i Planica i 2023.<\/p>\n<p>&#8211; Det er for d\u00e5rlig, sier hun om eget l\u00f8p i Trondheim.<\/p>\n<p>        <img loading=\"lazy\" decoding=\"async\" src=\"https:\/\/www.europesays.com\/no\/wp-content\/uploads\/2025\/12\/83950051.webp\" width=\"686\" height=\"392\" title=\"SKUFFET: Anne Kjersti Kalv\u00e5. Foto: Geir Olsen \/ NTB\" alt=\"\" class=\"\" style=\"--aspect-ratio-image: 1.75; \"\/><\/p>\n<p>\n        SKUFFET: Anne Kjersti Kalv\u00e5. Foto: Geir Olsen \/ NTB\n    <\/p>\n<p>Kristin Austgulen Fosn\u00e6s ble nummer tolv, 39,3 sekunder bak.<\/p>\n<p>&#8211; Jeg er egentlig ganske forn\u00f8yd, jeg. Jeg gikk det jeg hadde i dag, og det var mange som var bedre, men det er tett da, sier hun til Dagbladet.<\/p>\n<p>Hun begynner \u00e5 bli lei av at svenskene dominerer i Trondheim.<\/p>\n<p>&#8211; Vi har nesten begynt \u00e5 bli vant til det, s\u00e5 vi m\u00e5 ta tilbake Trondheim. Om jeg ikke tar helt feil er vi fem norske topp 12, og det er jo bra. Vi m\u00e5 ta med oss det som er bra, men s\u00e5 kan det bli litt bedre. Vi skal hamle opp med de svenskene alts\u00e5.\u00a0<\/p>\n<p>Ti kilometer fri teknikk er p\u00e5 OL-programmet, og for flere av de norske var dette et viktig renn med tanke p\u00e5 OL.<\/p>\n<p>    OL-programmet langrenn:<\/p>\n<p>Sprint (klassisk), 10 km intervallstart (fri teknikk), skiatlon (klassisk og fri teknikk), stafett (to klassisketapper og to fri-etapper), sprintstafett (fri teknikk), femmila (klassisk).<\/p>\n<p>      Vis mer<br \/>\n      Vis mindre<\/p>\n<p>Anne Kjersti Kalv\u00e5, Lotta Udnes Weng og Tiril Udnes Weng har for eksempel ikke hatt en kjempestart p\u00e5 sesongen. En skuffet Kalv\u00e5 ble l\u00f8rdag bare nummer 23 p\u00e5 Skiatlon, mens Weng-tvillingene\u00a0begge r\u00f8k ut i prologen p\u00e5 sprinten i Ruka.\u00a0<\/p>\n<p>Heller ikke s\u00f8ndag ble det suksess for trioen. Tiril Udnes Weng ble best av de tre, 54,2 sekunder bak Andersson. S\u00f8ster Lotta endte godt over minuttet bak.\u00a0<\/p>\n<p>&#8211; Det er t\u00f8ft og brutalt \u00e5 g\u00e5 skirenn n\u00e5r man ikke er p\u00e5 sitt beste, konstaterer Lotta Udnes Weng til Dagbladet.\u00a0<\/p>\n<p>        SPORTSDRIKK: Det er ikke alltid like lett \u00e5 holde ting nede n\u00e5r du har gitt alt. Video: Schjesvold\/S\u00f8r\u00f8 Olsen\/Dagbladet TV-sporten<\/p>\n<p>Lotta sa til Dagbladet i Ruka at hun \u00abskammet seg\u00bb etter prolog-exiten.<\/p>\n<p>Trondheim-sprinten var heller ingen suksess.\u00a0<\/p>\n<p>    <a itemprop=\"url\" href=\"https:\/\/www.dagbladet.no\/sport\/na-er-han-lei\/83940669\" rel=\"nofollow noopener\" target=\"_blank\"><\/p>\n<p>        <img loading=\"lazy\" decoding=\"async\" src=\"https:\/\/www.europesays.com\/no\/wp-content\/uploads\/2025\/12\/1765219959_231_83940901.webp\" width=\"980\" height=\"441\" title=\"N\u00e5 er han lei\" alt=\"\" class=\"lazyload\" style=\"--aspect-ratio-image: 2.22; \"\/><\/p>\n<p>        N\u00e5 er han lei<\/p>\n<p>    <\/a><\/p>\n<p><a href=\"https:\/\/www.dagbladet.no\/sport\/ropet-problemer-pa-direkten\/83890171\" rel=\"nofollow noopener\" target=\"_blank\">Julie Bjervig Drivenes vant<\/a> p\u00e5 Beitost\u00f8len og tok pallplass samme helg, men sleit stort med skibyttet l\u00f8rdag. Hun slet med bindingen, og da hun f\u00f8rst var ute i l\u00f8ypa igjen, kom hun p\u00e5 at hun hadde valgt feil stav.\u00a0<\/p>\n<p>S\u00f8ndag endte hun 57,4 sekunder bak vinneren.\u00a0<\/p>\n","protected":false},"excerpt":{"rendered":"TRONDHEIM (Dagbladet): Svenske\u00a0Ebba Andersson gikk til topps p\u00e5 kvinnenes ti-kilometer s\u00f8ndag, to sekunder foran lagkamerat Moa Ilar.\u00a0 Det&hellip;\n","protected":false},"author":2,"featured_media":107761,"comment_status":"","ping_status":"","sticky":false,"template":"","format":"standard","meta":{"footnotes":""},"categories":[59],"tags":[398,30,28,29,83,82],"class_list":{"0":"post-107760","1":"post","2":"type-post","3":"status-publish","4":"format-standard","5":"has-post-thumbnail","7":"category-sport","8":"tag-langrenn","9":"tag-no","10":"tag-norge","11":"tag-norway","12":"tag-sport","13":"tag-sports"},"share_on_mastodon":{"url":"https:\/\/pubeurope.com\/@no\/115685461063001086","error":""},"_links":{"self":[{"href":"https:\/\/www.europesays.com\/no\/wp-json\/wp\/v2\/posts\/107760","targetHints":{"allow":["GET"]}}],"collection":[{"href":"https:\/\/www.europesays.com\/no\/wp-json\/wp\/v2\/posts"}],"about":[{"href":"https:\/\/www.europesays.com\/no\/wp-json\/wp\/v2\/types\/post"}],"author":[{"embeddable":true,"href":"https:\/\/www.europesays.com\/no\/wp-json\/wp\/v2\/users\/2"}],"replies":[{"embeddable":true,"href":"https:\/\/www.europesays.com\/no\/wp-json\/wp\/v2\/comments?post=107760"}],"version-history":[{"count":0,"href":"https:\/\/www.europesays.com\/no\/wp-json\/wp\/v2\/posts\/107760\/revisions"}],"wp:featuredmedia":[{"embeddable":true,"href":"https:\/\/www.europesays.com\/no\/wp-json\/wp\/v2\/media\/107761"}],"wp:attachment":[{"href":"https:\/\/www.europesays.com\/no\/wp-json\/wp\/v2\/media?parent=107760"}],"wp:term":[{"taxonomy":"category","embeddable":true,"href":"https:\/\/www.europesays.com\/no\/wp-json\/wp\/v2\/categories?post=107760"},{"taxonomy":"post_tag","embeddable":true,"href":"https:\/\/www.europesays.com\/no\/wp-json\/wp\/v2\/tags?post=107760"}],"curies":[{"name":"wp","href":"https:\/\/api.w.org\/{rel}","templated":true}]}}