{"id":107781,"date":"2025-12-08T19:25:32","date_gmt":"2025-12-08T19:25:32","guid":{"rendered":"https:\/\/www.europesays.com\/no\/107781\/"},"modified":"2025-12-08T19:25:32","modified_gmt":"2025-12-08T19:25:32","slug":"se-hvem-som-toppet-listene-i-2025","status":"publish","type":"post","link":"https:\/\/www.europesays.com\/no\/107781\/","title":{"rendered":"Se hvem som toppet listene i 2025"},"content":{"rendered":"<p>\n        MUSIKK: Hvem topper musikklistene for 2025?<br \/>\n        (Evan Agostini (NTB), Bj\u00f8rn Olav Hammerstad, Lise Aaserud (NTB). Collage\n    <\/p>\n<p>    V\u00e5ren 2024 toppet Netelands \u00abKong Jesus\u00bb hitlistene i Norge, men hvordan s\u00e5 topplistene ut i 2025?\u00a0<\/p>\n<p data-lab-text_color=\"\">Hver desember kommer lydstr\u00f8mmetjenesten Spotify ut med en \u00abWrapped\u00bb som oppsummerer hver enkelt bruker sin egen lytting gjennom \u00e5ret.\u00a0<\/p>\n<p>Spotify Wrapped viser ogs\u00e5 artistene med h\u00f8yest str\u00f8mmetall og hvilke sanger som ble mest lyttet til i l\u00f8pet av \u00e5ret \u2013 verden over.\u00a0<\/p>\n<p class=\"no_italic m-no_italic\" data-lab-italic=\"\">Du kan lese om Billboards topp 10-liste over mest popul\u00e6re kristne sanger i 2025 lenger nede i saken.\u00a0<\/p>\n","protected":false},"excerpt":{"rendered":"MUSIKK: Hvem topper musikklistene for 2025? (Evan Agostini (NTB), Bj\u00f8rn Olav Hammerstad, Lise Aaserud (NTB). Collage V\u00e5ren 2024&hellip;\n","protected":false},"author":2,"featured_media":107782,"comment_status":"","ping_status":"","sticky":false,"template":"","format":"standard","meta":{"footnotes":""},"categories":[58],"tags":[71,30,28,29,72],"class_list":{"0":"post-107781","1":"post","2":"type-post","3":"status-publish","4":"format-standard","5":"has-post-thumbnail","7":"category-underholdning","8":"tag-entertainment","9":"tag-no","10":"tag-norge","11":"tag-norway","12":"tag-underholdning"},"share_on_mastodon":{"url":"https:\/\/pubeurope.com\/@no\/115685590527570575","error":""},"_links":{"self":[{"href":"https:\/\/www.europesays.com\/no\/wp-json\/wp\/v2\/posts\/107781","targetHints":{"allow":["GET"]}}],"collection":[{"href":"https:\/\/www.europesays.com\/no\/wp-json\/wp\/v2\/posts"}],"about":[{"href":"https:\/\/www.europesays.com\/no\/wp-json\/wp\/v2\/types\/post"}],"author":[{"embeddable":true,"href":"https:\/\/www.europesays.com\/no\/wp-json\/wp\/v2\/users\/2"}],"replies":[{"embeddable":true,"href":"https:\/\/www.europesays.com\/no\/wp-json\/wp\/v2\/comments?post=107781"}],"version-history":[{"count":0,"href":"https:\/\/www.europesays.com\/no\/wp-json\/wp\/v2\/posts\/107781\/revisions"}],"wp:featuredmedia":[{"embeddable":true,"href":"https:\/\/www.europesays.com\/no\/wp-json\/wp\/v2\/media\/107782"}],"wp:attachment":[{"href":"https:\/\/www.europesays.com\/no\/wp-json\/wp\/v2\/media?parent=107781"}],"wp:term":[{"taxonomy":"category","embeddable":true,"href":"https:\/\/www.europesays.com\/no\/wp-json\/wp\/v2\/categories?post=107781"},{"taxonomy":"post_tag","embeddable":true,"href":"https:\/\/www.europesays.com\/no\/wp-json\/wp\/v2\/tags?post=107781"}],"curies":[{"name":"wp","href":"https:\/\/api.w.org\/{rel}","templated":true}]}}