{"id":107796,"date":"2025-12-08T19:45:10","date_gmt":"2025-12-08T19:45:10","guid":{"rendered":"https:\/\/www.europesays.com\/no\/107796\/"},"modified":"2025-12-08T19:45:10","modified_gmt":"2025-12-08T19:45:10","slug":"kan-snu-bratt-dagbladet","status":"publish","type":"post","link":"https:\/\/www.europesays.com\/no\/107796\/","title":{"rendered":"Kan snu br\u00e5tt &#8211; Dagbladet"},"content":{"rendered":"<ol>\n<li><a href=\"https:\/\/news.google.com\/rss\/articles\/CBMiZkFVX3lxTE1KV0hNb1lyX1NZWncwYmF0LTNCWEljOGppWkVNWFNhckU5QTdmZHpNb2ZlQThyVjgzVnZQRG9jUXlDNk1YOEg4S2pJOWJvR2F4eUN1V2xUaV9Gem84cGdIMlBPSHR1dw?oc=5\" target=\"_blank\" rel=\"nofollow noopener\">Kan snu br\u00e5tt<\/a>&nbsp;&nbsp;Dagbladet<\/li>\n<li><a href=\"https:\/\/news.google.com\/rss\/articles\/CBMivAFBVV95cUxNTloxYy03U2FpazUxam1ibGhnXzM0eGpxNjA1MlBKVW9kYnZUWGNPRVlTVW9VcVRZRVZkT1lxNXZNQmt4OTBVMno2d2x3NnFMRUM2R2xKakVjX3NLRWdHOGtwM2tueUljY3pBQ3plV2p3QUVYb3pITDYwVlJVNmRiRTlnYlp1OG9VUnQ2WlRIZ3EwU0tSSk00WnIxTmNjQU9qTWR1aG9vWEd5X21GQlBRQmlwNVFndDZVN0tvZg?oc=5\" target=\"_blank\" rel=\"nofollow noopener\">Snart slutt p\u00e5 regnv\u00earet p\u00e5 Austlandet \u2013 men bergensarane m\u00e5 hente fram paraplyen<\/a>&nbsp;&nbsp;NRK<\/li>\n<li><a href=\"https:\/\/news.google.com\/rss\/articles\/CBMikwFBVV95cUxQczdTS252QXQxb2x3MUZHSlJiMVVuaWpweDNBZVo4aV9SVWNpWFBVX01QVVlweXRyWFdPUWd0VWxlSURETjdEejhZSUo0aENMcHkwc1lnWmxPeThIYTFIT2VpREJoMDBHckJIOFJNR3Y2TEdxY3E5d3J5VmZiWHdlZTJnOHRwU3E4T1ZzZmxTOGNtUjg?oc=5\" target=\"_blank\" rel=\"nofollow noopener\">(+) \u2013 En liten mulighet for at det ikke kommer noe i det hele tatt<\/a>&nbsp;&nbsp;itromso.no<\/li>\n<li><a href=\"https:\/\/news.google.com\/rss\/articles\/CBMizAFBVV95cUxPUlFNS0M3SVJCcmx4NkNEdHpseEhJOG52czlhaWgyYkR1SFVQYXJFYnpsMVc5SGRheXFnMC1POC0zeXdZTkNlbV9lTDRFRkpaUktsVkw3WndpNUp5VUZPLVppWlY2SnNUdHdBZ3ljYkl1SlpDOWtDa3dLWHBKYm56NVRCQkNGdHpLRkVmalZQZ29pYUstQ0VqdWdzUUhaNTZNeFFsN1prNTlOaVlPUUs5OElRWm5xZTgyZ1pFWkVabEMxR2c5aVgzNE1mS2s?oc=5\" target=\"_blank\" rel=\"nofollow noopener\">Desember s\u00e5 langt: Sv\u00e6rt v\u00e5tt i Oslo \u2013 sv\u00e6rt varmt i Bergen<\/a>&nbsp;&nbsp;adressa.no<\/li>\n<li><a href=\"https:\/\/news.google.com\/rss\/articles\/CBMiiAFBVV95cUxNX3RHMlJYXzhkZGJmUXFUWjNPNXd6d29KR3piT09aR0w1UzIxOGY4Q2gzei1GTnNISlJLQVNyX29SeFNqZTBSRmRBM1U2NlVYcC1xV0VtY1RJT1JhS0tnaW1JeXZVTzlDTDlqTkMzcTdzTkN5eExTNDJmVzBMSVF4YklucXRsWWZG?oc=5\" target=\"_blank\" rel=\"nofollow noopener\">Regn, regn og atter regn \u2013 slik blir v\u00e6ret framover<\/a>&nbsp;&nbsp;T\u00f8nsbergs Blad<\/li>\n<\/ol>\n","protected":false},"excerpt":{"rendered":"Kan snu br\u00e5tt&nbsp;&nbsp;Dagbladet Snart slutt p\u00e5 regnv\u00earet p\u00e5 Austlandet \u2013 men bergensarane m\u00e5 hente fram paraplyen&nbsp;&nbsp;NRK (+) \u2013&hellip;\n","protected":false},"author":2,"featured_media":107797,"comment_status":"","ping_status":"","sticky":false,"template":"","format":"standard","meta":{"footnotes":""},"categories":[10],"tags":[20,21,24,25,15,2539,22,23,13,30,28,29,14,16,26,27,387],"class_list":{"0":"post-107796","1":"post","2":"type-post","3":"status-publish","4":"format-standard","5":"has-post-thumbnail","7":"category-norge","8":"tag-breaking-news","9":"tag-breakingnews","10":"tag-featured-news","11":"tag-featurednews","12":"tag-headlines","13":"tag-innenriks","14":"tag-latest-news","15":"tag-latestnews","16":"tag-news","17":"tag-no","18":"tag-norge","19":"tag-norway","20":"tag-nyheter","21":"tag-overskrifter","22":"tag-top-stories","23":"tag-topstories","24":"tag-vaeret"},"share_on_mastodon":{"url":"https:\/\/pubeurope.com\/@no\/115685669279375833","error":""},"_links":{"self":[{"href":"https:\/\/www.europesays.com\/no\/wp-json\/wp\/v2\/posts\/107796","targetHints":{"allow":["GET"]}}],"collection":[{"href":"https:\/\/www.europesays.com\/no\/wp-json\/wp\/v2\/posts"}],"about":[{"href":"https:\/\/www.europesays.com\/no\/wp-json\/wp\/v2\/types\/post"}],"author":[{"embeddable":true,"href":"https:\/\/www.europesays.com\/no\/wp-json\/wp\/v2\/users\/2"}],"replies":[{"embeddable":true,"href":"https:\/\/www.europesays.com\/no\/wp-json\/wp\/v2\/comments?post=107796"}],"version-history":[{"count":0,"href":"https:\/\/www.europesays.com\/no\/wp-json\/wp\/v2\/posts\/107796\/revisions"}],"wp:featuredmedia":[{"embeddable":true,"href":"https:\/\/www.europesays.com\/no\/wp-json\/wp\/v2\/media\/107797"}],"wp:attachment":[{"href":"https:\/\/www.europesays.com\/no\/wp-json\/wp\/v2\/media?parent=107796"}],"wp:term":[{"taxonomy":"category","embeddable":true,"href":"https:\/\/www.europesays.com\/no\/wp-json\/wp\/v2\/categories?post=107796"},{"taxonomy":"post_tag","embeddable":true,"href":"https:\/\/www.europesays.com\/no\/wp-json\/wp\/v2\/tags?post=107796"}],"curies":[{"name":"wp","href":"https:\/\/api.w.org\/{rel}","templated":true}]}}