{"id":107812,"date":"2025-12-08T19:59:10","date_gmt":"2025-12-08T19:59:10","guid":{"rendered":"https:\/\/www.europesays.com\/no\/107812\/"},"modified":"2025-12-08T19:59:10","modified_gmt":"2025-12-08T19:59:10","slug":"eu-landene-enige-om-asyl-innstramming","status":"publish","type":"post","link":"https:\/\/www.europesays.com\/no\/107812\/","title":{"rendered":"EU-landene enige om asyl-innstramming"},"content":{"rendered":"\n<p class=\"_lead_o9xde_2 _lead_xtcu6_50 layout-component text-serif-m layout-normal text-serif-l layout-component layout-wide layout-padded _wide_17hqh_1 layout-padded\">Nye regler skal gj\u00f8re det lettere \u00e5 sende ut personer uten lovlig opphold.<\/p>\n<ul aria-hidden=\"true\" class=\"_images_ntbth_112\">\n<li><a class=\"_link_ntbth_117\" href=\"https:\/\/www.vg.no\/forfatter\/joern-e-kaalstad\" style=\"z-index:1\" title=\"J\u00f8rn E. Kaalstad\" rel=\"nofollow noopener\" target=\"_blank\"><img alt=\"Bilde av J\u00f8rn E. Kaalstad\" class=\"_image_ntbth_93\" fetchpriority=\"low\" loading=\"lazy\" decoding=\"async\" itemprop=\"image\"  src=\"https:\/\/www.europesays.com\/no\/wp-content\/uploads\/2025\/12\/1765223948_615_669373df-e8fd-4864-880f-5035f6f30b0b\"  width=\"480\"\/><\/a><\/li>\n<\/ul>\n<p> Oppdatert mandag 8. desember kl. 19:10     <\/p>\n<p class=\"_paragraph_o9xde_4 _paragraph_xtcu6_10 layout-component text-serif-m layout-normal text-serif-m layout-padded\">EU- og Schengen-landene har blitt enige om et nytt og strengere regelverk for retur av personer som oppholder seg ulovlig i Europa. M\u00e5let er raskere og mer effektive utvisninger.<\/p>\n<p class=\"_paragraph_o9xde_4 _paragraph_xtcu6_10 layout-component text-serif-m layout-normal text-serif-m layout-padded\">\u2013 Jeg er glad for at det n\u00e5 er enighet mellom medlemslandene om det nye forslaget til returforordning, sier statssekret\u00e6r Joakim \u00d8ren, som deltok p\u00e5 mandagens EU-m\u00f8te i Brussel, if\u00f8lge en pressemelding fra regjeringen.<\/p>\n<p class=\"_paragraph_o9xde_4 _paragraph_xtcu6_10 layout-component text-serif-m layout-normal text-serif-m layout-padded\">Det nye regelverket inneb\u00e6rer flere innstramminger:<\/p>\n<ul class=\"_list_o9xde_3 _list_xtcu6_9 _unordered_o9xde_106 layout-component text-serif-m layout-normal text-serif-m layout-padded\">\n<li class=\"_item_o9xde_30\">Personer uten lovlig opphold skal ikke bare forlate det enkelte landet, men hele Schengen- og EU-omr\u00e5det. <\/li>\n<li class=\"_item_o9xde_30\">Regelverket gir ogs\u00e5 tydeligere regler for internering og strengere krav til tredjelandsborgere som oppholder seg ulovlig.<\/li>\n<li class=\"_item_o9xde_30\">En viktig nyhet er at EU f\u00e5r mulighet til \u00e5 opprette retursentre i tredjeland for personer som ikke samarbeider om egen retur. <\/li>\n<li class=\"_item_o9xde_30\">Det vil ogs\u00e5 bli enklere \u00e5 returnere personer som utgj\u00f8r en sikkerhetsrisiko.<\/li>\n<\/ul>\n<p class=\"_paragraph_o9xde_4 _paragraph_xtcu6_10 layout-component text-serif-m layout-normal text-serif-m layout-padded\">Norge har deltatt aktivt i forhandlingene for \u00e5 sikre nasjonal fleksibilitet. Regjeringen har v\u00e6rt opptatt av \u00e5 beholde tilpassede l\u00f8sninger som 48-timersprosedyren, noe som n\u00e5 er sikret.<\/p>\n<p class=\"_paragraph_o9xde_4 _paragraph_xtcu6_10 layout-component text-serif-m layout-normal text-serif-m layout-padded\">\u2013 Regjeringen prioriterer returarbeidet h\u00f8yt, og en av Norges styrker er tilpassede l\u00f8sninger, sier \u00d8ren.<\/p>\n<p class=\"_paragraph_o9xde_4 _paragraph_xtcu6_10 layout-component text-serif-m layout-normal text-serif-m layout-padded\">N\u00e5 gjenst\u00e5r forhandlinger med EU-parlamentet om hvordan det endelige regelverket skal se ut.<\/p>\n<p>    <img decoding=\"async\" alt=\"Tips oss illustrasjon\" src=\"https:\/\/www.europesays.com\/no\/wp-content\/uploads\/2025\/10\/pssst-small.webp.webp\"\/>    <\/p>\n<p class=\"title-serif-s\">Har du tips?<\/p>\n<p class=\"text-sans-m\">Send oss informasjon, bilder eller video.<\/p>\n<p>  <a href=\"https:\/\/www.vg.no\/tips-oss\" rel=\"nofollow noopener\" target=\"_blank\"> Tips oss <\/a>      <\/p>\n","protected":false},"excerpt":{"rendered":"Nye regler skal gj\u00f8re det lettere \u00e5 sende ut personer uten lovlig opphold. Oppdatert mandag 8. desember kl.&hellip;\n","protected":false},"author":2,"featured_media":107813,"comment_status":"","ping_status":"","sticky":false,"template":"","format":"standard","meta":{"footnotes":""},"categories":[12],"tags":[31,20,21,24,25,15,22,23,13,30,28,29,14,16,26,27,42,43,44,45],"class_list":{"0":"post-107812","1":"post","2":"type-post","3":"status-publish","4":"format-standard","5":"has-post-thumbnail","7":"category-verden","8":"tag-breaking","9":"tag-breaking-news","10":"tag-breakingnews","11":"tag-featured-news","12":"tag-featurednews","13":"tag-headlines","14":"tag-latest-news","15":"tag-latestnews","16":"tag-news","17":"tag-no","18":"tag-norge","19":"tag-norway","20":"tag-nyheter","21":"tag-overskrifter","22":"tag-top-stories","23":"tag-topstories","24":"tag-verden","25":"tag-world","26":"tag-world-news","27":"tag-worldnews"},"share_on_mastodon":{"url":"https:\/\/pubeurope.com\/@no\/115685724730499352","error":""},"_links":{"self":[{"href":"https:\/\/www.europesays.com\/no\/wp-json\/wp\/v2\/posts\/107812","targetHints":{"allow":["GET"]}}],"collection":[{"href":"https:\/\/www.europesays.com\/no\/wp-json\/wp\/v2\/posts"}],"about":[{"href":"https:\/\/www.europesays.com\/no\/wp-json\/wp\/v2\/types\/post"}],"author":[{"embeddable":true,"href":"https:\/\/www.europesays.com\/no\/wp-json\/wp\/v2\/users\/2"}],"replies":[{"embeddable":true,"href":"https:\/\/www.europesays.com\/no\/wp-json\/wp\/v2\/comments?post=107812"}],"version-history":[{"count":0,"href":"https:\/\/www.europesays.com\/no\/wp-json\/wp\/v2\/posts\/107812\/revisions"}],"wp:featuredmedia":[{"embeddable":true,"href":"https:\/\/www.europesays.com\/no\/wp-json\/wp\/v2\/media\/107813"}],"wp:attachment":[{"href":"https:\/\/www.europesays.com\/no\/wp-json\/wp\/v2\/media?parent=107812"}],"wp:term":[{"taxonomy":"category","embeddable":true,"href":"https:\/\/www.europesays.com\/no\/wp-json\/wp\/v2\/categories?post=107812"},{"taxonomy":"post_tag","embeddable":true,"href":"https:\/\/www.europesays.com\/no\/wp-json\/wp\/v2\/tags?post=107812"}],"curies":[{"name":"wp","href":"https:\/\/api.w.org\/{rel}","templated":true}]}}