{"id":107823,"date":"2025-12-08T20:08:10","date_gmt":"2025-12-08T20:08:10","guid":{"rendered":"https:\/\/www.europesays.com\/no\/107823\/"},"modified":"2025-12-08T20:08:10","modified_gmt":"2025-12-08T20:08:10","slug":"nyheter-bergen-stenger-omrade-for-taxier-pa-bergen-lufthavn-flesland","status":"publish","type":"post","link":"https:\/\/www.europesays.com\/no\/107823\/","title":{"rendered":"Nyheter, Bergen | Stenger omr\u00e5de for taxier p\u00e5 Bergen lufthavn Flesland"},"content":{"rendered":"\n<p>Ved utgangen av november ble det innf\u00f8rt et nytt system for bestilling av taxi p\u00e5 Flesland. L\u00f8yvehavere kan n\u00e5 signere avtale med Fast Travel, og taxiturene bestilles via automat p\u00e5 flyplassen.<\/p>\n<p>Bergen Taxi har valgt \u00e5 st\u00e5 utenfor ordningen. Det nye systemet har skapt stor debatt blant sj\u00e5f\u00f8rene, og flere har uttrykt misn\u00f8ye med lang ventetid p\u00e5 tur.<\/p>\n<p>  <a href=\"https:\/\/www.ba.no\/5-8-3232879\" class=\"related-teaser has-image default-story-teaser article--c-eRUmMG article--c-eRUmMG-jKCPdD-design-default\" rel=\"nofollow noopener\" target=\"_blank\"><\/p>\n<p>    <img decoding=\"async\" loading=\"lazy\"  src=\"https:\/\/www.europesays.com\/no\/wp-content\/uploads\/2025\/12\/EH9_1978__2_.jpg\" alt=\"\" class=\"brick-c-cFOWSL\" style=\"\"\/><\/p>\n<p>\n            Les ogs\u00e5<\/p>\n<p>              N\u00e5 blir det slutt p\u00e5 dette p\u00e5 Flesland: \u2013 Alltid litt spenning n\u00e5r vi innf\u00f8rer noe nytt\n        <\/p>\n<p>  <\/a><br \/>\n  Stenger taxier ute<\/p>\n<p>Mandag denne uken kom Avinor med en pressemelding. Her fremg\u00e5r det at P1-omr\u00e5det utenfor inngangsomr\u00e5det p\u00e5 flyplassen ikke lenger skal benyttes til henting av taxipassasjerer.<\/p>\n<p>Endringen er n\u00f8dvendig for \u00e5 sikre god trafikkflyt og trygg ferdsel p\u00e5 forplassen, som er et omr\u00e5de med h\u00f8y aktivitet fra buss, shuttle, taxi, crew-transport og vareleveranser, melder Avinor.<\/p>\n<p>\u2013 Vi m\u00e5 ha kontroll p\u00e5 trafikken foran terminalen for \u00e5 ivareta sikkerhet og forutsigbar drift. Derfor vil P1 ikke lenger v\u00e6re tilgjengelig for taxier, sier Tom Rune Arnsen, key account manager, landside i Avinor.<\/p>\n<p><b>Taxier som ikke er registrert i Fast Travel kan hente passasjerer p\u00e5 omr\u00e5det mellom P-hus og Clarion Hotel.<\/b><\/p>\n<p>  <a href=\"https:\/\/www.ba.no\/5-8-3234954\" class=\"related-teaser has-image default-story-teaser article--c-eRUmMG article--c-eRUmMG-jKCPdD-design-default\" rel=\"nofollow noopener\" target=\"_blank\"><\/p>\n<p>    <img decoding=\"async\" loading=\"lazy\"  src=\"https:\/\/www.europesays.com\/no\/wp-content\/uploads\/2025\/12\/EH8_0856_Redigert.jpg\" alt=\"\" class=\"brick-c-cFOWSL\" style=\"\"\/><\/p>\n<p>\n            Les ogs\u00e5<\/p>\n<p>              Her begynner taxisj\u00e5f\u00f8rene \u00e5 krangle: \u2013 Ingen velger dere hvis det er dyrere\n        <\/p>\n<p>  <\/a><br \/>\n  Vil ha alle med i avtalen<\/p>\n<p>Fast Travel-l\u00f8sningen er allerede i bruk p\u00e5 flere lufthavner, inkludert Oslo, Stavanger og Troms\u00f8. Avinor skriver i pressemeldingen at de forventer at alle sentraler og l\u00f8yvehavere innretter seg etter denne modellen.<\/p>\n<p>\u2013 Dette handler om sikkerhet og passasjeropplevelse. Vi legger til rette for alle som \u00f8nsker \u00e5 operere p\u00e5 lufthavnen, men det m\u00e5 skje innenfor en strukturert og sikker ramme, sier Arnsen.<\/p>\n<p>  <a href=\"https:\/\/www.ba.no\/5-8-3237772\" class=\"related-teaser has-image default-story-teaser article--c-eRUmMG article--c-eRUmMG-jKCPdD-design-default\" rel=\"nofollow noopener\" target=\"_blank\"><\/p>\n<p>    <img decoding=\"async\" loading=\"lazy\"  src=\"https:\/\/www.europesays.com\/no\/wp-content\/uploads\/2025\/12\/EH8_0977_Redigert.jpg\" alt=\"\" class=\"brick-c-cFOWSL\" style=\"\"\/><\/p>\n<p>\n            Les ogs\u00e5<\/p>\n<p>              Her testes de nye automatene: \u2013 Dummeste jeg har sett\n        <\/p>\n<p>  <\/a><\/p>\n","protected":false},"excerpt":{"rendered":"Ved utgangen av november ble det innf\u00f8rt et nytt system for bestilling av taxi p\u00e5 Flesland. L\u00f8yvehavere kan&hellip;\n","protected":false},"author":2,"featured_media":107824,"comment_status":"","ping_status":"","sticky":false,"template":"","format":"standard","meta":{"footnotes":""},"categories":[10],"tags":[36,2408,444,12418,20,21,24,25,1872,15,22,23,13,30,28,29,14,16,1510,26,27],"class_list":{"0":"post-107823","1":"post","2":"type-post","3":"status-publish","4":"format-standard","5":"has-post-thumbnail","7":"category-norge","8":"tag-art","9":"tag-avinor","10":"tag-bergen","11":"tag-bergen-lufthavn","12":"tag-breaking-news","13":"tag-breakingnews","14":"tag-featured-news","15":"tag-featurednews","16":"tag-flesland","17":"tag-headlines","18":"tag-latest-news","19":"tag-latestnews","20":"tag-news","21":"tag-no","22":"tag-norge","23":"tag-norway","24":"tag-nyheter","25":"tag-overskrifter","26":"tag-story","27":"tag-top-stories","28":"tag-topstories"},"share_on_mastodon":{"url":"https:\/\/pubeurope.com\/@no\/115685759838855660","error":""},"_links":{"self":[{"href":"https:\/\/www.europesays.com\/no\/wp-json\/wp\/v2\/posts\/107823","targetHints":{"allow":["GET"]}}],"collection":[{"href":"https:\/\/www.europesays.com\/no\/wp-json\/wp\/v2\/posts"}],"about":[{"href":"https:\/\/www.europesays.com\/no\/wp-json\/wp\/v2\/types\/post"}],"author":[{"embeddable":true,"href":"https:\/\/www.europesays.com\/no\/wp-json\/wp\/v2\/users\/2"}],"replies":[{"embeddable":true,"href":"https:\/\/www.europesays.com\/no\/wp-json\/wp\/v2\/comments?post=107823"}],"version-history":[{"count":0,"href":"https:\/\/www.europesays.com\/no\/wp-json\/wp\/v2\/posts\/107823\/revisions"}],"wp:featuredmedia":[{"embeddable":true,"href":"https:\/\/www.europesays.com\/no\/wp-json\/wp\/v2\/media\/107824"}],"wp:attachment":[{"href":"https:\/\/www.europesays.com\/no\/wp-json\/wp\/v2\/media?parent=107823"}],"wp:term":[{"taxonomy":"category","embeddable":true,"href":"https:\/\/www.europesays.com\/no\/wp-json\/wp\/v2\/categories?post=107823"},{"taxonomy":"post_tag","embeddable":true,"href":"https:\/\/www.europesays.com\/no\/wp-json\/wp\/v2\/tags?post=107823"}],"curies":[{"name":"wp","href":"https:\/\/api.w.org\/{rel}","templated":true}]}}