{"id":107841,"date":"2025-12-08T20:27:09","date_gmt":"2025-12-08T20:27:09","guid":{"rendered":"https:\/\/www.europesays.com\/no\/107841\/"},"modified":"2025-12-08T20:27:09","modified_gmt":"2025-12-08T20:27:09","slug":"politisk-beroringsangst-bidro-til-historisk-velferdssvindel","status":"publish","type":"post","link":"https:\/\/www.europesays.com\/no\/107841\/","title":{"rendered":"Politisk ber\u00f8ringsangst bidro til historisk velferdssvindel"},"content":{"rendered":"<p><strong>En rekke store velferds- og st\u00f8tteordningsbedragerier i Minnesota kaster n\u00e5 et skarpt lys over delstatens tilsynsarbeid og politiske ledelse, melder <a href=\"https:\/\/www.foxnews.com\/us\/schemes-stacked-upon-schemes-1b-human-services-fraud-fuels-scrutiny-of-minnesotas-somali-community.amp\" rel=\"nofollow noopener\" target=\"_blank\">Fox News. <\/a><\/strong><\/p>\n<p>S\u00e6rlig den somaliske delen av befolkningen blir gjenstand for fornyet oppmerksomhet etter at flere tiltalte i ulike saker har hatt tilknytning til milj\u00f8et, samtidig som politiske ledere understreker at hovedproblemet er svikt i statlige kontrollsystemer.<\/p>\n<p>Fox News omtaler den omfattende Feeding Our Future-saken som kjernen i skandalene. If\u00f8lge f\u00f8derale myndigheter skal rundt 300 millioner dollar i pandemi-midler ha blitt undersl\u00e5tt gjennom fiktive m\u00e5ltider og str\u00e5selskaper. <\/p>\n<blockquote class=\"twitter-tweet\">\n<p lang=\"en\" dir=\"ltr\">Secretary Bessent goes toe-to-toe with Margaret Brennan over the exploding Somali fraud scandal in Minnesota.<\/p>\n<p>Bessent revealed that Treasury is now tracking money that was moved out of the U.S. to the Middle East and Somalia \u2014 by individuals tied to the scheme.<\/p>\n<p>And he ended his\u2026 <a href=\"https:\/\/t.co\/uZOBJoWgnt\" rel=\"nofollow\">pic.twitter.com\/uZOBJoWgnt<\/a><\/p>\n<p>\u2014 Overton (@overton_news) <a href=\"https:\/\/twitter.com\/overton_news\/status\/1997700603301237055?ref_src=twsrc%5Etfw\" rel=\"nofollow noopener\" target=\"_blank\">December 7, 2025<\/a><\/p><\/blockquote>\n<p>Flere av de tiltalte har somalisk bakgrunn, men ringlederen Aimee Bock er, som kanalen p\u00e5peker, ikke det. Saken har forel\u00f8pig minst 78 tiltalte. USAs tidligere fungerende statsadvokat Joseph Thompson beskriver omfanget som \u00abendel\u00f8st\u00bb.<\/p>\n<p>I tillegg etterforskes svindel i statens boligst\u00f8tte- og autismeprogrammer, der millioner av dollar skal v\u00e6re tappet gjennom falsk fakturering. If\u00f8lge Fox News frykter enkelte politikere at ber\u00f8ringsangst overfor somalisk-ledede organisasjoner kan ha gjort myndighetene mindre villige til \u00e5 gripe inn tidligere.<\/p>\n<p>Republikaneren Tom Emmer hevder at svikten skyldes mangel p\u00e5 ledelse, ikke etnisk bakgrunn. <\/p>\n<blockquote class=\"twitter-tweet\">\n<p lang=\"en\" dir=\"ltr\">This is St Cloud, Minnesota\u2026<br \/>\u2013 Christian churches are being replaced with Mosque<br \/>\u2013 2 Mosque within a block<br \/>\u2013 The student population of the university has also dropped by 50% <\/p>\n<p>I entered into the Mosque, all the men were from Somalia. Massive fraud has been exposed in Minnesota. <a href=\"https:\/\/t.co\/EzsJLTnqFD\" rel=\"nofollow\">pic.twitter.com\/EzsJLTnqFD<\/a><\/p>\n<p>\u2014 Nick shirley (@nickshirleyy) <a href=\"https:\/\/twitter.com\/nickshirleyy\/status\/1996003753216917586?ref_src=twsrc%5Etfw\" rel=\"nofollow noopener\" target=\"_blank\">December 2, 2025<\/a><\/p><\/blockquote>\n<p>\u2013 Dette handlet ikke om somaliere; dette handlet om manglende ansvarlighet, sier han if\u00f8lge kanalen. Ogs\u00e5 delstatssenator Jordan Rasmusson mener politisk korrekthet holdt kontroll\u00f8rer tilbake fra \u00e5 gripe inn.<\/p>\n<p>Fox News trekker ogs\u00e5 frem at enkelte voldssaker og en etterforskning med mulige koblinger til overf\u00f8ringer til Somalia har forsterket uro i delstaten. Samtidig understreker somaliske samfunnsledere at et lite antall lovbrytere ikke representerer milj\u00f8et som helhet. <\/p>\n<p>CAIR\u2013Minnesota-leder Jaylani Hussein sier til kanalen at kriminalitet m\u00e5 tilskrives individer og plasseres i en bredere amerikansk immigrasjonshistorie.<\/p>\n<p>If\u00f8lge Fox News har utviklingen f\u00f8rt til \u00f8kende press mot guvern\u00f8r Tim Walz, som beskyldes for manglende kontroll i flere av delstatens velferdsprogrammer. Opposisjonen mener tilliten til hans ledelse er svekket, mens etterforskninger p\u00e5 f\u00f8deralt og delstatlig niv\u00e5 fortsatt p\u00e5g\u00e5r.<\/p>\n<p><script async src=\"https:\/\/platform.twitter.com\/widgets.js\" charset=\"utf-8\"><\/script><\/p>\n","protected":false},"excerpt":{"rendered":"En rekke store velferds- og st\u00f8tteordningsbedragerier i Minnesota kaster n\u00e5 et skarpt lys over delstatens tilsynsarbeid og politiske&hellip;\n","protected":false},"author":2,"featured_media":107842,"comment_status":"","ping_status":"","sticky":false,"template":"","format":"standard","meta":{"footnotes":""},"categories":[12],"tags":[20,21,24,25,15,2109,22,23,2119,13,30,28,29,14,16,6270,3556,26,27,50,42,43,44,45],"class_list":{"0":"post-107841","1":"post","2":"type-post","3":"status-publish","4":"format-standard","5":"has-post-thumbnail","7":"category-verden","8":"tag-breaking-news","9":"tag-breakingnews","10":"tag-featured-news","11":"tag-featurednews","12":"tag-headlines","13":"tag-korrupsjon","14":"tag-latest-news","15":"tag-latestnews","16":"tag-minnesota","17":"tag-news","18":"tag-no","19":"tag-norge","20":"tag-norway","21":"tag-nyheter","22":"tag-overskrifter","23":"tag-somalia","24":"tag-tim-walz","25":"tag-top-stories","26":"tag-topstories","27":"tag-usa","28":"tag-verden","29":"tag-world","30":"tag-world-news","31":"tag-worldnews"},"share_on_mastodon":{"url":"https:\/\/pubeurope.com\/@no\/115685834465555577","error":""},"_links":{"self":[{"href":"https:\/\/www.europesays.com\/no\/wp-json\/wp\/v2\/posts\/107841","targetHints":{"allow":["GET"]}}],"collection":[{"href":"https:\/\/www.europesays.com\/no\/wp-json\/wp\/v2\/posts"}],"about":[{"href":"https:\/\/www.europesays.com\/no\/wp-json\/wp\/v2\/types\/post"}],"author":[{"embeddable":true,"href":"https:\/\/www.europesays.com\/no\/wp-json\/wp\/v2\/users\/2"}],"replies":[{"embeddable":true,"href":"https:\/\/www.europesays.com\/no\/wp-json\/wp\/v2\/comments?post=107841"}],"version-history":[{"count":0,"href":"https:\/\/www.europesays.com\/no\/wp-json\/wp\/v2\/posts\/107841\/revisions"}],"wp:featuredmedia":[{"embeddable":true,"href":"https:\/\/www.europesays.com\/no\/wp-json\/wp\/v2\/media\/107842"}],"wp:attachment":[{"href":"https:\/\/www.europesays.com\/no\/wp-json\/wp\/v2\/media?parent=107841"}],"wp:term":[{"taxonomy":"category","embeddable":true,"href":"https:\/\/www.europesays.com\/no\/wp-json\/wp\/v2\/categories?post=107841"},{"taxonomy":"post_tag","embeddable":true,"href":"https:\/\/www.europesays.com\/no\/wp-json\/wp\/v2\/tags?post=107841"}],"curies":[{"name":"wp","href":"https:\/\/api.w.org\/{rel}","templated":true}]}}