{"id":107850,"date":"2025-12-08T20:35:45","date_gmt":"2025-12-08T20:35:45","guid":{"rendered":"https:\/\/www.europesays.com\/no\/107850\/"},"modified":"2025-12-08T20:35:45","modified_gmt":"2025-12-08T20:35:45","slug":"kinas-eksport-til-usa-stupte","status":"publish","type":"post","link":"https:\/\/www.europesays.com\/no\/107850\/","title":{"rendered":"Kinas eksport til USA stupte"},"content":{"rendered":"<p>  Kinas eksport til USA falt med 28,6 prosent i november, sammenlignet med samme m\u00e5ned i fjor, if\u00f8lge offisielle tall.<\/p>\n<p>\n    Donald Trump (t.v.) og Xi Jinping. Foto: Evelyn Hockstein \/ Reuters \/ NTB\n  <\/p>\n<p>Til tross for en forel\u00f8pig handelsv\u00e5penhvile mellom verdens to st\u00f8rste \u00f8konomier i oktober, stupte Kinas eksport til USA stupte forrige m\u00e5ned.<\/p>\n<p>Offisielle tall viser at forsendelser til USA utgjorde 33,8 milliarder dollar i november \u2013 som er ned 28,6 prosent fra samme periode i fjor.<\/p>\n","protected":false},"excerpt":{"rendered":"Kinas eksport til USA falt med 28,6 prosent i november, sammenlignet med samme m\u00e5ned i fjor, if\u00f8lge offisielle&hellip;\n","protected":false},"author":2,"featured_media":107851,"comment_status":"","ping_status":"","sticky":false,"template":"","format":"standard","meta":{"footnotes":""},"categories":[12],"tags":[20,21,24,25,15,413,22,23,13,30,28,29,14,16,572,26,27,50,42,43,44,45],"class_list":{"0":"post-107850","1":"post","2":"type-post","3":"status-publish","4":"format-standard","5":"has-post-thumbnail","7":"category-verden","8":"tag-breaking-news","9":"tag-breakingnews","10":"tag-featured-news","11":"tag-featurednews","12":"tag-headlines","13":"tag-kina","14":"tag-latest-news","15":"tag-latestnews","16":"tag-news","17":"tag-no","18":"tag-norge","19":"tag-norway","20":"tag-nyheter","21":"tag-overskrifter","22":"tag-okonomi","23":"tag-top-stories","24":"tag-topstories","25":"tag-usa","26":"tag-verden","27":"tag-world","28":"tag-world-news","29":"tag-worldnews"},"share_on_mastodon":{"url":"https:\/\/pubeurope.com\/@no\/115685865924944099","error":""},"_links":{"self":[{"href":"https:\/\/www.europesays.com\/no\/wp-json\/wp\/v2\/posts\/107850","targetHints":{"allow":["GET"]}}],"collection":[{"href":"https:\/\/www.europesays.com\/no\/wp-json\/wp\/v2\/posts"}],"about":[{"href":"https:\/\/www.europesays.com\/no\/wp-json\/wp\/v2\/types\/post"}],"author":[{"embeddable":true,"href":"https:\/\/www.europesays.com\/no\/wp-json\/wp\/v2\/users\/2"}],"replies":[{"embeddable":true,"href":"https:\/\/www.europesays.com\/no\/wp-json\/wp\/v2\/comments?post=107850"}],"version-history":[{"count":0,"href":"https:\/\/www.europesays.com\/no\/wp-json\/wp\/v2\/posts\/107850\/revisions"}],"wp:featuredmedia":[{"embeddable":true,"href":"https:\/\/www.europesays.com\/no\/wp-json\/wp\/v2\/media\/107851"}],"wp:attachment":[{"href":"https:\/\/www.europesays.com\/no\/wp-json\/wp\/v2\/media?parent=107850"}],"wp:term":[{"taxonomy":"category","embeddable":true,"href":"https:\/\/www.europesays.com\/no\/wp-json\/wp\/v2\/categories?post=107850"},{"taxonomy":"post_tag","embeddable":true,"href":"https:\/\/www.europesays.com\/no\/wp-json\/wp\/v2\/tags?post=107850"}],"curies":[{"name":"wp","href":"https:\/\/api.w.org\/{rel}","templated":true}]}}