{"id":107852,"date":"2025-12-08T20:36:14","date_gmt":"2025-12-08T20:36:14","guid":{"rendered":"https:\/\/www.europesays.com\/no\/107852\/"},"modified":"2025-12-08T20:36:14","modified_gmt":"2025-12-08T20:36:14","slug":"loper-du-fra-ansvaret-larsen-avisa-st-no","status":"publish","type":"post","link":"https:\/\/www.europesays.com\/no\/107852\/","title":{"rendered":"L\u00f8per du fra ansvaret, Larsen? &#8211; avisa-st.no"},"content":{"rendered":"<ol>\n<li><a href=\"https:\/\/news.google.com\/rss\/articles\/CBMieEFVX3lxTFB6dnNJTHNSSDBtN3FZU29YaVVRNzVXQklZZEllUG5LQ0VDMnVxbWZzRmxTUFhfU3dqQnhaVzhJRzhqb19xaUdxNXRCMTdKaGVpX0wxZHU3bEtiMHVsaVd5ZlFrUG5aV1hwVkR1MjZhOTBGSkFlTnFFVg?oc=5\" target=\"_blank\" rel=\"nofollow noopener\">L\u00f8per du fra ansvaret, Larsen?<\/a>&nbsp;&nbsp;avisa-st.no<\/li>\n<li><a href=\"https:\/\/news.google.com\/rss\/articles\/CBMiqwFBVV95cUxPS2s1bzNKWG5CVDJDb0Q3REJwQ2EtSVZlVXRVVndySzh0YkpHSTdtOUNHaHB1NGFrUVZwTGRfREdoVjQySms2bU1oc012Q0VvZFFFRUNLX0xLMzNjenN1ZlM2MklMS052cWFmMVNhMXBlR25DMC1vUTdwRURvSk41LXVZcGpqOXlWZHFiNjJpcTJIS1hKLVBsdHZ0UGJEX19QQ1FvMDJ0OGV2cGM?oc=5\" target=\"_blank\" rel=\"nofollow noopener\">80 \u00e5r gammel skole foresl\u00e5tt lagt ned<\/a>&nbsp;&nbsp;adressa.no<\/li>\n<li><a href=\"https:\/\/news.google.com\/rss\/articles\/CBMixAFBVV95cUxPTFZJcVg1SkNGM3B2VDRvazZEa2xJT3VLVGUtNFkyT1B1NWhUT0dvc3RsbXpOTjJHNGtNQjJKTEhRS1hPX0MxUVhfbm5xNGZJS2NpNzhVVkFVNFg4OUV5QUc5akFQMDBpeTdlRnJ0VWsyQVQxR0h5cEVLM21SbG0wa203UkNjTllBQ0U4VU1BMEVCVEoyMGJ6WFBNZXJoN2ZUWDRzVkFwOWkzYllUR3BNZnBiYnJEa3VLUkwyUmhWcFFtcHNW?oc=5\" target=\"_blank\" rel=\"nofollow noopener\">Reetabler Meldal videre\u00adg\u00e5ende skole p\u00e5 L\u00f8kken som en selvstendig enhet for yrkesfag<\/a>&nbsp;&nbsp;avisa-st.no<\/li>\n<li><a href=\"https:\/\/news.google.com\/rss\/articles\/CBMisAFBVV95cUxQb2VYeXFKZF9NTlBScnVudGlqbkpNc0hfQ1NremJzN0NQQ00zc29Na0w3QnFUaXN1LWs3UGlNbUp6QS1OdUs5eC02bWxRcGJIWC1HOThUeDV4a1NkQ0xGRmd5S2NiUS1pM0ZRaUtjWFplTGp6VXFSNlpxNXdwOGFfRlVYSUtxLWE3Skl2TkpXazNLaU1PNERxMUJKNHlzRF91MFZtQmdpbzlBS3UwTDY2Qw?oc=5\" target=\"_blank\" rel=\"nofollow noopener\">Krever investeringsvedtak n\u00e5: &#8211; Det er de unge og n\u00e6ringslivet som taper<\/a>&nbsp;&nbsp;avisa-st.no<\/li>\n<li><a href=\"https:\/\/news.google.com\/rss\/articles\/CBMinwFBVV95cUxNeFRJV2pPa3JNWksyWFFDQ1ZRaFFOU2pXRGc2M3RDd29BMW02RFFCX09oWkFJcWMxWnVFU21TUmc5dF92YkhyWmdmcmJUSUl3LTQxVF9DR0J1Z0xaek51M1NKWmdESG41U2h5MGtVTTRONUJ6OGF6OW9xTEFDZWd5WFBMY1BMYzVydTJ0enA4c0RaVFZSMlhZWl9zMmVORDg?oc=5\" target=\"_blank\" rel=\"nofollow noopener\">L\u00f8kken\u00adbygg imot sammen\u00adsl\u00e5ing av skoler: \u2013 Aldeles vanvittig<\/a>&nbsp;&nbsp;avisa-st.no<\/li>\n<\/ol>\n","protected":false},"excerpt":{"rendered":"L\u00f8per du fra ansvaret, Larsen?&nbsp;&nbsp;avisa-st.no 80 \u00e5r gammel skole foresl\u00e5tt lagt ned&nbsp;&nbsp;adressa.no Reetabler Meldal videre\u00adg\u00e5ende skole p\u00e5 L\u00f8kken&hellip;\n","protected":false},"author":2,"featured_media":107853,"comment_status":"","ping_status":"","sticky":false,"template":"","format":"standard","meta":{"footnotes":""},"categories":[10],"tags":[2254,20,21,24,25,8365,15,22,23,13,30,28,29,14,2208,2238,13375,16,6779,26,27],"class_list":{"0":"post-107852","1":"post","2":"type-post","3":"status-publish","4":"format-standard","5":"has-post-thumbnail","7":"category-norge","8":"tag-barnehager","9":"tag-breaking-news","10":"tag-breakingnews","11":"tag-featured-news","12":"tag-featurednews","13":"tag-formannskapet","14":"tag-headlines","15":"tag-latest-news","16":"tag-latestnews","17":"tag-news","18":"tag-no","19":"tag-norge","20":"tag-norway","21":"tag-nyheter","22":"tag-oppvekst","23":"tag-orkland","24":"tag-orkland-kommune","25":"tag-overskrifter","26":"tag-skolestruktur","27":"tag-top-stories","28":"tag-topstories"},"share_on_mastodon":{"url":"https:\/\/pubeurope.com\/@no\/115685869729954056","error":""},"_links":{"self":[{"href":"https:\/\/www.europesays.com\/no\/wp-json\/wp\/v2\/posts\/107852","targetHints":{"allow":["GET"]}}],"collection":[{"href":"https:\/\/www.europesays.com\/no\/wp-json\/wp\/v2\/posts"}],"about":[{"href":"https:\/\/www.europesays.com\/no\/wp-json\/wp\/v2\/types\/post"}],"author":[{"embeddable":true,"href":"https:\/\/www.europesays.com\/no\/wp-json\/wp\/v2\/users\/2"}],"replies":[{"embeddable":true,"href":"https:\/\/www.europesays.com\/no\/wp-json\/wp\/v2\/comments?post=107852"}],"version-history":[{"count":0,"href":"https:\/\/www.europesays.com\/no\/wp-json\/wp\/v2\/posts\/107852\/revisions"}],"wp:featuredmedia":[{"embeddable":true,"href":"https:\/\/www.europesays.com\/no\/wp-json\/wp\/v2\/media\/107853"}],"wp:attachment":[{"href":"https:\/\/www.europesays.com\/no\/wp-json\/wp\/v2\/media?parent=107852"}],"wp:term":[{"taxonomy":"category","embeddable":true,"href":"https:\/\/www.europesays.com\/no\/wp-json\/wp\/v2\/categories?post=107852"},{"taxonomy":"post_tag","embeddable":true,"href":"https:\/\/www.europesays.com\/no\/wp-json\/wp\/v2\/tags?post=107852"}],"curies":[{"name":"wp","href":"https:\/\/api.w.org\/{rel}","templated":true}]}}