{"id":107862,"date":"2025-12-08T20:56:24","date_gmt":"2025-12-08T20:56:24","guid":{"rendered":"https:\/\/www.europesays.com\/no\/107862\/"},"modified":"2025-12-08T20:56:24","modified_gmt":"2025-12-08T20:56:24","slug":"skyting-krim-19-aring-siktet-for-grov-befatning-med-skytevapen-og-grove-trusler-pa-storo-senteret","status":"publish","type":"post","link":"https:\/\/www.europesays.com\/no\/107862\/","title":{"rendered":"Skyting, Krim | 19-\u00e5ring siktet for grov befatning med skytev\u00e5pen og grove trusler p\u00e5 Storo-senteret"},"content":{"rendered":"\n<p>19-\u00e5ringen som mandag l\u00f8snet skudd inne p\u00e5 Storo Storsenter i Oslo, siktes for grov befatning med skytev\u00e5pen og grove trusler, opplyser oslopolitiet.<\/p>\n<p>Siktelsen kan bli utvidet. Det var like f\u00f8r klokka 11 mandag at det kom inn melding om at det var skutt p\u00e5 kj\u00f8pesenteret, og store politiressurser rykket ut.<\/p>\n<p>I forkant av skytingen ringte 19-\u00e5ringen selv politiet og informerte om at han var p\u00e5 kj\u00f8pesenteret med v\u00e5pen.<\/p>\n<p>Ingen ble skadet i hendelsen. Personen som er p\u00e5grepet, er tiln\u00e6rmet ukjent for politiet fra tidligere, skriver politiet.<\/p>\n<p>Mannen var samarbeidsvillig da han ble p\u00e5grepet, if\u00f8lge politiet. Mannen brukte en toh\u00e5ndshagle som ble funnet \u00abi umiddelbar n\u00e6rhet\u00bb til den mistenkte mannen. Det ble ogs\u00e5 funnet et balltre og muligens en kniv, sa innsatsleder Tom Berger til pressen tidligere mandag.<\/p>\n<p>Skuddet som ble l\u00f8snet, gikk i taket.<\/p>\n<p>  <a href=\"https:\/\/www.ao.no\/5-128-1211425\" class=\"related-teaser has-image default-story-teaser article--c-eRUmMG article--c-eRUmMG-jKCPdD-design-default\" rel=\"nofollow noopener\" target=\"_blank\"><\/p>\n<p>    <img decoding=\"async\" loading=\"lazy\"  src=\"https:\/\/www.europesays.com\/no\/wp-content\/uploads\/2025\/12\/photo+-+2025-12-08T114805.036.jpg\" alt=\"\" class=\"brick-c-cFOWSL\" style=\"\"\/><\/p>\n<p>\n            Les ogs\u00e5<\/p>\n<p>              Skj\u00f8t med hagle i taket p\u00e5 Storo Storsenter\n        <\/p>\n<p>  <\/a><\/p>\n<p>  <a href=\"https:\/\/www.ao.no\/5-128-1211471\" class=\"related-teaser has-image default-story-teaser article--c-eRUmMG article--c-eRUmMG-jKCPdD-design-default\" rel=\"nofollow noopener\" target=\"_blank\"><\/p>\n<p>    <img decoding=\"async\" loading=\"lazy\"  src=\"https:\/\/www.europesays.com\/no\/wp-content\/uploads\/2025\/12\/52286c8b-6fb7-4842-ac6d-d9648caf0112_1_1.jpg\" alt=\"\" class=\"brick-c-cFOWSL\" style=\"\"\/><\/p>\n<p>\n            Les ogs\u00e5<\/p>\n<p>              Havnet midt i dramaet: \u2013 Folk fikk panikk\n        <\/p>\n<p>  <\/a><\/p>\n","protected":false},"excerpt":{"rendered":"19-\u00e5ringen som mandag l\u00f8snet skudd inne p\u00e5 Storo Storsenter i Oslo, siktes for grov befatning med skytev\u00e5pen og&hellip;\n","protected":false},"author":2,"featured_media":107863,"comment_status":"","ping_status":"","sticky":false,"template":"","format":"standard","meta":{"footnotes":""},"categories":[10],"tags":[36,20,21,24,25,15,168,983,22,23,13,30,28,29,14,16,314,13350,1510,26,27],"class_list":{"0":"post-107862","1":"post","2":"type-post","3":"status-publish","4":"format-standard","5":"has-post-thumbnail","7":"category-norge","8":"tag-art","9":"tag-breaking-news","10":"tag-breakingnews","11":"tag-featured-news","12":"tag-featurednews","13":"tag-headlines","14":"tag-hendelser","15":"tag-krim","16":"tag-latest-news","17":"tag-latestnews","18":"tag-news","19":"tag-no","20":"tag-norge","21":"tag-norway","22":"tag-nyheter","23":"tag-overskrifter","24":"tag-skyting","25":"tag-storo-storsenter","26":"tag-story","27":"tag-top-stories","28":"tag-topstories"},"share_on_mastodon":{"url":"https:\/\/pubeurope.com\/@no\/115685948573035014","error":""},"_links":{"self":[{"href":"https:\/\/www.europesays.com\/no\/wp-json\/wp\/v2\/posts\/107862","targetHints":{"allow":["GET"]}}],"collection":[{"href":"https:\/\/www.europesays.com\/no\/wp-json\/wp\/v2\/posts"}],"about":[{"href":"https:\/\/www.europesays.com\/no\/wp-json\/wp\/v2\/types\/post"}],"author":[{"embeddable":true,"href":"https:\/\/www.europesays.com\/no\/wp-json\/wp\/v2\/users\/2"}],"replies":[{"embeddable":true,"href":"https:\/\/www.europesays.com\/no\/wp-json\/wp\/v2\/comments?post=107862"}],"version-history":[{"count":0,"href":"https:\/\/www.europesays.com\/no\/wp-json\/wp\/v2\/posts\/107862\/revisions"}],"wp:featuredmedia":[{"embeddable":true,"href":"https:\/\/www.europesays.com\/no\/wp-json\/wp\/v2\/media\/107863"}],"wp:attachment":[{"href":"https:\/\/www.europesays.com\/no\/wp-json\/wp\/v2\/media?parent=107862"}],"wp:term":[{"taxonomy":"category","embeddable":true,"href":"https:\/\/www.europesays.com\/no\/wp-json\/wp\/v2\/categories?post=107862"},{"taxonomy":"post_tag","embeddable":true,"href":"https:\/\/www.europesays.com\/no\/wp-json\/wp\/v2\/tags?post=107862"}],"curies":[{"name":"wp","href":"https:\/\/api.w.org\/{rel}","templated":true}]}}