{"id":107866,"date":"2025-12-08T21:02:14","date_gmt":"2025-12-08T21:02:14","guid":{"rendered":"https:\/\/www.europesays.com\/no\/107866\/"},"modified":"2025-12-08T21:02:14","modified_gmt":"2025-12-08T21:02:14","slug":"nattskolen-far-stralende-anmeldelser-i-storbritannia","status":"publish","type":"post","link":"https:\/\/www.europesays.com\/no\/107866\/","title":{"rendered":"\u00abNattskolen\u00bb f\u00e5r str\u00e5lende anmeldelser i Storbritannia"},"content":{"rendered":"\n<p class=\"_lead_o9xde_2 _lead_xtcu6_50 layout-component text-serif-m layout-normal text-serif-l layout-component layout-wide layout-padded _wide_17hqh_1 layout-padded\">Britiske medier lar seg begeistre av \u00abNattskolen\u00bb.<\/p>\n<p><img alt=\"Karl Ove Knausg\u00e5rd er blant Norges mest suksessfulle forfattere i utlandet. Her fra et intervju med VG i Leipzig tidligere i \u00e5r. Foto: Mattis Sandblad \/ VG\" class=\"_image_qp4xg_65 layout-component layout-wide\" data-fullscreen- data-track-element-type=\"Article image fullscreen\" data-track-name=\"ImageFullscreen\" fetchpriority=\"high\" decoding=\"sync\" loading=\"eager\" height=\"3746\" itemprop=\"image\"  src=\"https:\/\/www.europesays.com\/no\/wp-content\/uploads\/2025\/12\/c3904f0c-3e0c-4651-aabc-9b25b66b3399\"  style=\"object-position:49.71977582065652% 50%\" width=\"4996\"\/>Karl Ove Knausg\u00e5rd er blant Norges mest suksessfulle forfattere i utlandet. Her fra et intervju med VG i Leipzig tidligere i \u00e5r. Foto: Mattis Sandblad \/ VG<\/p>\n<ul aria-hidden=\"true\" class=\"_images_ntbth_112\">\n<li><a class=\"_link_ntbth_117\" href=\"https:\/\/www.vg.no\/forfatter\/ntb\" style=\"z-index:1\" title=\"NTB\" rel=\"nofollow noopener\" target=\"_blank\"><img alt=\"Bilde av NTB\" class=\"_image_ntbth_93\" fetchpriority=\"low\" loading=\"lazy\" decoding=\"async\" itemprop=\"image\"  src=\"https:\/\/www.europesays.com\/no\/wp-content\/uploads\/2025\/12\/1765227733_614_c33980b0-5d07-4027-84a1-813f90a7c8d6\"  width=\"480\"\/><\/a><\/li>\n<\/ul>\n<p> Oppdatert mandag 8. desember kl. 21:43     <\/p>\n<p class=\"_paragraph_o9xde_4 _paragraph_xtcu6_10 layout-component text-serif-m layout-normal text-serif-m layout-padded\">Her hjemme har <a href=\"https:\/\/www.vg.no\/tag\/karl-ove-knausgaard?utm_source=vg-article&amp;utm_medium=auto-tagger&amp;utm_campaign=JO1BLj\" class=\"_link_o9xde_39\" rel=\"nofollow noopener\" target=\"_blank\">Karl Ove Knausg\u00e5rd<\/a> allerede rukket \u00e5 lansere b\u00e5de en og to oppf\u00f8lgere, men i Storbritannia ble \u00abNattskolen\u00bb gitt ut tidlig i november.<\/p>\n<p class=\"_paragraph_o9xde_4 _paragraph_xtcu6_10 layout-component text-serif-m layout-normal text-serif-m layout-padded\">\u2013 Boken har allerede mottatt str\u00e5lende anmeldelser i ledende aviser, skriver kommunikasjonssjef Marte N\u00f8kleg\u00e5rd Dahl i Forlaget Oktober. <\/p>\n<p class=\"_paragraph_o9xde_4 _paragraph_xtcu6_10 layout-component text-serif-m layout-normal text-serif-m layout-padded\"><strong class=\"_strong_o9xde_25\">\u00abNattskolen\u00bb er den fjerde boken i den kritikerroste Morgenstjernen-serien. <\/strong><\/p>\n<p class=\"_paragraph_o9xde_4 _paragraph_xtcu6_10 layout-component text-serif-m layout-normal text-serif-m layout-padded\">B\u00f8kene unders\u00f8ker det overnaturlige \u00abmellom himmel og jord\u00bb.<\/p>\n<p class=\"_paragraph_o9xde_4 _paragraph_xtcu6_10 layout-component text-serif-m layout-normal text-serif-m layout-padded\">Avisen the Times er blant mediene som er rause med adjektivene:<\/p>\n<p class=\"_paragraph_o9xde_4 _paragraph_xtcu6_10 layout-component text-serif-m layout-normal text-serif-m layout-padded\">\u2013 Den er et mesterverk. \u00abNattskolen\u00bb viser seg \u00e5 v\u00e6re noe virkelig spennende: en inspirert sammensmelting av dyster nordisk litteratur og elisabetansk drama, st\u00e5r det videre.<\/p>\n<p><img alt=\"Karl Ove Knausg\u00e5rd signerte b\u00f8ker etter lanseringen av sin nye roman \u00abJeg var lenge d\u00f8d\u00bb i Morgenstjernen-serien i Nidarosdomen i Trondheim i november.  Foto: Jan Langhaug \/ NTB\" class=\"_image_qp4xg_65 layout-component layout-normal\" data-fullscreen- data-track-element-type=\"Article image fullscreen\" data-track-name=\"ImageFullscreen\" decoding=\"async\" loading=\"lazy\" height=\"3458\" itemprop=\"image\"  src=\"https:\/\/www.europesays.com\/no\/wp-content\/uploads\/2025\/12\/cfbce5f4-956e-4d4e-8b5b-2a2bf62594d9\"  style=\"object-position:0% 0%\" width=\"4610\"\/>Karl Ove Knausg\u00e5rd signerte b\u00f8ker etter lanseringen av sin nye roman \u00abJeg var lenge d\u00f8d\u00bb i Morgenstjernen-serien i Nidarosdomen i Trondheim i november.  Foto: Jan Langhaug \/ NTB<\/p>\n<p class=\"_paragraph_o9xde_4 _paragraph_xtcu6_10 layout-component text-serif-m layout-normal text-serif-m layout-padded\">Ogs\u00e5 The Guardian, Daily Mail og The Guardian roser Knausg\u00e5rd i sine anmeldelser.<\/p>\n<p class=\"_paragraph_o9xde_4 _paragraph_xtcu6_10 layout-component text-serif-m layout-normal text-serif-m layout-padded\">\u2013 Jeg la kun fra meg boken for \u00e5 spise og sove. Knausg\u00e5rd har levert nok en avhengighetsskapende psykologisk thriller \u2013 vekselvis spennende, underholdende og tragisk, skriver Leyla Sanai i The Spectator.<\/p>\n<p class=\"_paragraph_o9xde_4 _paragraph_xtcu6_10 layout-component text-serif-m layout-normal text-serif-m layout-padded\">\u00abNattskolen\u00bb kom ut i Norge i 2023. Boken har ogs\u00e5 blitt gitt ut i Sverige, Danmark og Tyskland.<\/p>\n<p class=\"_paragraph_o9xde_4 _paragraph_xtcu6_10 layout-component text-serif-m layout-normal layout-padded\"><strong class=\"_strong_o9xde_25\">Les ogs\u00e5:<\/strong> <a href=\"https:\/\/www.vg.no\/i\/MnkWmB\" data-track-element-type=\"Link\" data-track-id=\"link:MnkWmB\" class=\"_link_o9xde_39\" rel=\"nofollow noopener\" target=\"_blank\">\u2013 F\u00f8r var dette det totale mareritt<\/a><\/p>\n<p class=\"_paragraph_o9xde_4 _paragraph_xtcu6_10 layout-component text-serif-m layout-normal text-serif-m layout-padded\">I Norge har Knausg\u00e5rd allerede gitt ut bok nummer fem og seks i serien: \u00abArendal\u00bb og \u00abJeg var lenge d\u00f8d\u00bb. Sistnevnte kom ut i november.<\/p>\n","protected":false},"excerpt":{"rendered":"Britiske medier lar seg begeistre av \u00abNattskolen\u00bb. Karl Ove Knausg\u00e5rd er blant Norges mest suksessfulle forfattere i utlandet.&hellip;\n","protected":false},"author":2,"featured_media":107867,"comment_status":"","ping_status":"","sticky":false,"template":"","format":"standard","meta":{"footnotes":""},"categories":[12],"tags":[20,21,24,25,15,3475,22,23,152,13,30,28,29,14,16,865,26,27,42,43,44,45],"class_list":{"0":"post-107866","1":"post","2":"type-post","3":"status-publish","4":"format-standard","5":"has-post-thumbnail","7":"category-verden","8":"tag-breaking-news","9":"tag-breakingnews","10":"tag-featured-news","11":"tag-featurednews","12":"tag-headlines","13":"tag-karl-ove-knausgard","14":"tag-latest-news","15":"tag-latestnews","16":"tag-litteratur","17":"tag-news","18":"tag-no","19":"tag-norge","20":"tag-norway","21":"tag-nyheter","22":"tag-overskrifter","23":"tag-storbritannia","24":"tag-top-stories","25":"tag-topstories","26":"tag-verden","27":"tag-world","28":"tag-world-news","29":"tag-worldnews"},"share_on_mastodon":{"url":"https:\/\/pubeurope.com\/@no\/115685972415082455","error":""},"_links":{"self":[{"href":"https:\/\/www.europesays.com\/no\/wp-json\/wp\/v2\/posts\/107866","targetHints":{"allow":["GET"]}}],"collection":[{"href":"https:\/\/www.europesays.com\/no\/wp-json\/wp\/v2\/posts"}],"about":[{"href":"https:\/\/www.europesays.com\/no\/wp-json\/wp\/v2\/types\/post"}],"author":[{"embeddable":true,"href":"https:\/\/www.europesays.com\/no\/wp-json\/wp\/v2\/users\/2"}],"replies":[{"embeddable":true,"href":"https:\/\/www.europesays.com\/no\/wp-json\/wp\/v2\/comments?post=107866"}],"version-history":[{"count":0,"href":"https:\/\/www.europesays.com\/no\/wp-json\/wp\/v2\/posts\/107866\/revisions"}],"wp:featuredmedia":[{"embeddable":true,"href":"https:\/\/www.europesays.com\/no\/wp-json\/wp\/v2\/media\/107867"}],"wp:attachment":[{"href":"https:\/\/www.europesays.com\/no\/wp-json\/wp\/v2\/media?parent=107866"}],"wp:term":[{"taxonomy":"category","embeddable":true,"href":"https:\/\/www.europesays.com\/no\/wp-json\/wp\/v2\/categories?post=107866"},{"taxonomy":"post_tag","embeddable":true,"href":"https:\/\/www.europesays.com\/no\/wp-json\/wp\/v2\/tags?post=107866"}],"curies":[{"name":"wp","href":"https:\/\/api.w.org\/{rel}","templated":true}]}}