{"id":107868,"date":"2025-12-08T21:03:19","date_gmt":"2025-12-08T21:03:19","guid":{"rendered":"https:\/\/www.europesays.com\/no\/107868\/"},"modified":"2025-12-08T21:03:19","modified_gmt":"2025-12-08T21:03:19","slug":"ko-for-posene-massivt-press","status":"publish","type":"post","link":"https:\/\/www.europesays.com\/no\/107868\/","title":{"rendered":"K\u00f8 for posene: &#8211; Massivt press"},"content":{"rendered":"<p>Om morgenen 3. desember er det overskyet og regn i lufta i Oslo.\u00a0<\/p>\n<p>Utenfor Fattighuset st\u00e5r 350 personer i k\u00f8 og h\u00e5per \u00e5 f\u00e5 tak i en av matposene de frivillge jobber p\u00e5 spreng med \u00e5 fylle.<\/p>\n<p class=\"font-weight-bold m-font-weight-bold\" data-lab-font_weight=\"font-weight-bold\">&#8211; Jeg tror ikke det blir nok til alle i dag. Det er trist, sier Emil Fikry &#8211; som har ansvaret for alle i k\u00f8en &#8211; til Dagbladet.\u00a0<\/p>\n<p>Foran Fikry st\u00e5r de oppm\u00f8tte tett i tett langs veien ved Gr\u00f8nland kirke.\u00a0<\/p>\n<p>Alle \u00f8nsker den s\u00e5rt tiltrengte posen med mat, og det er Fikrys ansvar \u00e5 holde orden i kaoset. <\/p>\n<p>        <img loading=\"lazy\" decoding=\"async\" src=\"https:\/\/www.europesays.com\/no\/wp-content\/uploads\/2025\/12\/83942515.webp\" width=\"980\" height=\"559\" title=\"KONTROLLERER: Emil Fikry overser at de oppm\u00f8tte har kupongene de fikk utdelt tidligere p\u00e5 dagen. Foto: John T. Pedersen \/ Dagbladet\" alt=\"\" class=\"\" style=\"--aspect-ratio-image: 1.75; \"\/><\/p>\n<p>\n        KONTROLLERER: Emil Fikry overser at de oppm\u00f8tte har kupongene de fikk utdelt tidligere p\u00e5 dagen. Foto: John T. Pedersen \/ Dagbladet\n    <\/p>\n<p>40 fikk ikke\t<\/p>\n<p>Det er store spr\u00e5kutfordringer i matk\u00f8en. Sv\u00e6rt f\u00e5 kan snakke norsk eller engelsk, og det er mange ukrainere der. Emil bruker kroppsspr\u00e5k og roper tydelige, korte fraser for \u00e5 gj\u00f8re seg forst\u00e5tt.\u00a0<\/p>\n<p>&#8211; I dag er det 310 poser \u00e5 dele ut, de siste 40 vil ikke f\u00e5 en matpose, sier Fikry til oss.\u00a0<\/p>\n<p>        <img loading=\"lazy\" decoding=\"async\" src=\"https:\/\/www.europesays.com\/no\/wp-content\/uploads\/2025\/12\/83942504.webp\" width=\"980\" height=\"559\" title=\"MATK\u00d8EN: Her st\u00e5r de oppm\u00f8tte langs Gr\u00f8nland kirke og venter p\u00e5 matposen. Sett fra Fattighusets kontorer i Gr\u00f8nlandsleiret. Foto: John T. Pedersen \/ Dagbladet\" alt=\"\" class=\"\" style=\"--aspect-ratio-image: 1.75; \"\/><\/p>\n<p>\n        MATK\u00d8EN: Her st\u00e5r de oppm\u00f8tte langs Gr\u00f8nland kirke og venter p\u00e5 matposen. Sett fra Fattighusets kontorer i Gr\u00f8nlandsleiret. Foto: John T. Pedersen \/ Dagbladet\n    <\/p>\n<p>De som ikke f\u00e5r matpose, kommer til slutt fram til utdelingssonen for \u00e5 f\u00e5 med seg det som er til overs.\u00a0<\/p>\n<p>Der er det mange pappesker med forskjellige gr\u00f8nnsaker i som de kan forsyne seg av.\u00a0<\/p>\n<p>        <img loading=\"lazy\" decoding=\"async\" src=\"https:\/\/www.europesays.com\/no\/wp-content\/uploads\/2025\/12\/83945298.webp\" width=\"686\" height=\"405\" title=\"IKKE NOK: Det var 40 personer som fikk komme fram etter at matposene var delt ut, for \u00e5 forsyne seg av det som var igjen. Foto: John T. Pedersen \/ Dagbladet\" alt=\"\" class=\"\" style=\"--aspect-ratio-image: 1.69; \"\/><\/p>\n<p>\n        IKKE NOK: Det var 40 personer som fikk komme fram etter at matposene var delt ut, for \u00e5 forsyne seg av det som var igjen. Foto: John T. Pedersen \/ Dagbladet\n    <\/p>\n<p>&#8211; Massivt press\t<\/p>\n<p class=\"no_italic m-no_italic\" data-lab-italic=\"\">Styrelder for Fattighuset, Lasse Strovik, overser at alt g\u00e5r som det skal denne onsdagen. Han ser at det ikke er nok matposer til alle som har m\u00f8tt opp.\u00a0<\/p>\n<p class=\"italic m-italic\" data-lab-italic=\"italic\">&#8211; Det var 40 stykker i matk\u00f8en som ikke fikk matpose. Vil det si at dere ikke f\u00e5r nok mat for tida, og gjerne skulle f\u00e5tt inn mer?<\/p>\n<p>&#8211; Ja, vi skulle gjerne hatt mer, gjerne middagsmat som kan mette en familie, sier Storvik til Dagbladet.\u00a0<\/p>\n<p>&#8211; Regner dere med at det blir en hektisk h\u00f8ytid for dere? At det kommer mange som \u00f8nsker hjelp med mat og julegaver?\u00a0<\/p>\n<p>&#8211; Det er alltid massivt press her, hele tida. I \u00e5r skal vi ikke bare dele ut gaver og mat, men\u00a0DNB skal holde et julebord for 350 av Fattighusets brukere n\u00e5r jula n\u00e6rmer seg. Med tanke p\u00e5 julebordet s\u00e5 kommer vi til \u00e5 registrere alle som skal dit. Og da f\u00e5r vi jo se veldig kjapt hvor stort press det er for \u00e5 delta p\u00e5 julebordet, men folk melder seg p\u00e5 med en gang.<\/p>\n<p>Han er sv\u00e6rt takknemlig for bistanden de frivillige har f\u00e5tt fra selskaper som DNB og Nordea i denne tida.<\/p>\n<p>        <img loading=\"lazy\" decoding=\"async\" src=\"https:\/\/www.europesays.com\/no\/wp-content\/uploads\/2025\/12\/83942514.webp\" width=\"980\" height=\"559\" title=\"I MYLDERET: Styreleder for Fattighuset, Lasse Storvik, viser oss ett av to lagerrom fulle av pappesker med donasjoner. PS: Ikke sponset av Tights.no. Foto: John T. Pedersen \/ Dagbladet\" alt=\"\" class=\"\" style=\"--aspect-ratio-image: 1.75; \"\/><\/p>\n<p>\n        I MYLDERET: Styreleder for Fattighuset, Lasse Storvik, viser oss ett av to lagerrom fulle av pappesker med donasjoner. PS: Ikke sponset av Tights.no. Foto: John T. Pedersen \/ Dagbladet\n    <\/p>\n<p> Jula forbindes med b\u00e5de giverglede og fine \u00f8yeblikk for dem med tilknytning til Fattighuset.\u00a0<\/p>\n<p>Det er ogs\u00e5 en periode med stor p\u00e5gang fra folk som trenger hjelp.I tillegg mottar de b\u00e5de sm\u00e5 og store donasjoner, som skal deles ut f\u00f8r jul.<\/p>\n<p class=\"font-weight-bold m-font-weight-bold\" data-lab-font_weight=\"font-weight-bold\">&#8211; I \u00e5r vil Fattighuset dele ut julegaver fra 18. til 23. desember, med unntak av 19. desember, hvor Fattighuset har den siste utdelingen av mat f\u00f8r jul, forteller Storvik.<\/p>\n<p>Han regner med at Fattighuset kommer til \u00e5 levere ut gaver til mellom 3000-4000 mennesker denne jula.<\/p>\n<p>&#8211; Det er det vi forventer ut fra fjor\u00e5rets tall. Vi regner med \u00e5 kunne hjelpe 1500 personer med mat, sier Storvik.<\/p>\n<p>        <img loading=\"lazy\" decoding=\"async\" src=\"https:\/\/www.europesays.com\/no\/wp-content\/uploads\/2025\/12\/83942493.webp\" width=\"980\" height=\"559\" title=\"RENNER INN: Lasse Storvik i Fattighuset sier at de har f\u00e5tt inn mange gavedonasjoner, noen er allerede pakket inn. Her ser vi en av gavene som er tenkt til en gutt p\u00e5 seks til \u00e5tte \u00e5r. Foto: John T. Pedersen \/ Dagbladet\" alt=\"\" class=\"\" style=\"--aspect-ratio-image: 1.75; \"\/><\/p>\n<p>\n        RENNER INN: Lasse Storvik i Fattighuset sier at de har f\u00e5tt inn mange gavedonasjoner, noen er allerede pakket inn. Her ser vi en av gavene som er tenkt til en gutt p\u00e5 seks til \u00e5tte \u00e5r. Foto: John T. Pedersen \/ Dagbladet\n    <\/p>\n<p>&#8211; Et paradis\t<\/p>\n<p>En som har tatt turen til Fattighuset denne onsdagen, er moldoveren Aleksandru Maraderi (61), bosatt i L\u00f8renskog.\u00a0<\/p>\n<p>Han jobber som maler, og sender mye av det han tjener til familien sin i Moldova. Han setter stor pris p\u00e5 tilbudet fra Fattighuset.<\/p>\n<p>        <img loading=\"lazy\" decoding=\"async\" src=\"https:\/\/www.europesays.com\/no\/wp-content\/uploads\/2025\/12\/83942510.webp\" width=\"980\" height=\"559\" title=\"FORN\u00d8YD: Aleksandru Maraderi fikk en pose med mat utenfor Fattighuset denne onsdagen. Foto: John T. Pedersen \/ Dagbladet\" alt=\"\" class=\"\" style=\"--aspect-ratio-image: 1.75; \"\/><\/p>\n<p>\n        FORN\u00d8YD: Aleksandru Maraderi fikk en pose med mat utenfor Fattighuset denne onsdagen. Foto: John T. Pedersen \/ Dagbladet\n    <\/p>\n<p class=\"font-weight-bold m-font-weight-bold\" data-lab-font_weight=\"font-weight-bold\">&#8211; Jeg har bodd seks \u00e5r i Norge. Det er et dyrt land \u00e5 bo i, men jeg elsker det norske helsesystemet. Jeg har blant annet f\u00e5tt operert menisken min her, sier Maraderi til Dagbladet.<\/p>\n<p>&#8211; For meg er Norge et paradis, smiler han, f\u00f8r han tar farvel og setter kursen mot T-banen.\u00a0<\/p>\n<p>        FATTIGHUSET: I 2021 ble trebarnsfaren Marius Larsen (33) en stor bidragsyter for Fattighuset i Oslo. Se videoen fra bidraget hans. Video: Nina Hansen \/ Vegard Kr\u00fcger. Reporter: Marie R\u00f8ssland \/ Vegard Kr\u00fcger.<\/p>\n<p>Trappes opp f\u00f8r jul\t<\/p>\n<p>Styreleder Storvik viser oss et av lagrene med julegaver de har mottatt allerede for sesongen. Det er stappfullt av donasjoner.\u00a0<\/p>\n<p>&#8211; Som dere ser (se bildet av Storvik lenger opp i saken) har vi f\u00e5tt en del allerede. Framover har vi egne tider for n\u00e5r man kan levere gaver til oss. Fra og med 2024 har vi f\u00e5tt stor hjelp av DNB og Nordea med organisering av julegaveinnsamling og utdeling, sier han.<\/p>\n<p>        <img loading=\"lazy\" decoding=\"async\" src=\"https:\/\/www.europesays.com\/no\/wp-content\/uploads\/2025\/12\/83942513.webp\" width=\"980\" height=\"559\" title=\"FRIVILLIG: Kjersti Ebbing begynte \u00e5 jobbe som frivillig for Fattighuset i februar og synes det er sv\u00e6rt givende \u00e5 bidra. Foto: John T. Pedersen \/ Dagbladet\" alt=\"\" class=\"\" style=\"--aspect-ratio-image: 1.75; \"\/><\/p>\n<p>\n        FRIVILLIG: Kjersti Ebbing begynte \u00e5 jobbe som frivillig for Fattighuset i februar og synes det er sv\u00e6rt givende \u00e5 bidra. Foto: John T. Pedersen \/ Dagbladet\n    <\/p>\n<p>Storvik kommer med et \u00f8nske til den norske befolkningen, som f\u00f8ler de har mulighet for \u00e5 hjelpe de med d\u00e5rligere r\u00e5d inn i h\u00f8ydtida.<\/p>\n<p>&#8211; Hvis du har noe fint \u00e5 gi bort s\u00e5 tenk p\u00e5 oss eller andre organisasjoner. Det viktigste av alt er evnen til \u00e5 organisere felleskapet gjennom egen innsats eller gjennom organisasjoner. Mange snakker, men det er veldig enkelt \u00e5 gj\u00f8re noe hvis flere g\u00e5r sammen om et m\u00e5l, sier han.\u00a0<\/p>\n<p>    <a itemprop=\"url\" href=\"https:\/\/www.dagbladet.no\/nyheter\/knusende-beskjed-blir-ikke-julestemning\/83938712\" rel=\"nofollow noopener\" target=\"_blank\"><\/p>\n<p>        <img loading=\"lazy\" decoding=\"async\" src=\"https:\/\/www.europesays.com\/no\/wp-content\/uploads\/2025\/12\/83939547.webp\" width=\"980\" height=\"441\" title=\"Knusende beskjed: - Blir ikke julestemning\" alt=\"\" class=\"lazyload\" style=\"--aspect-ratio-image: 2.22; \"\/><\/p>\n<p>        Knusende beskjed: &#8211; Blir ikke julestemning<\/p>\n<p>    <\/a><\/p>\n","protected":false},"excerpt":{"rendered":"Om morgenen 3. desember er det overskyet og regn i lufta i Oslo.\u00a0 Utenfor Fattighuset st\u00e5r 350 personer&hellip;\n","protected":false},"author":2,"featured_media":107869,"comment_status":"","ping_status":"","sticky":false,"template":"","format":"standard","meta":{"footnotes":""},"categories":[10],"tags":[20,21,13377,24,25,15,2539,22,23,13,30,28,29,14,16,26,27],"class_list":{"0":"post-107868","1":"post","2":"type-post","3":"status-publish","4":"format-standard","5":"has-post-thumbnail","7":"category-norge","8":"tag-breaking-news","9":"tag-breakingnews","10":"tag-fattighuset","11":"tag-featured-news","12":"tag-featurednews","13":"tag-headlines","14":"tag-innenriks","15":"tag-latest-news","16":"tag-latestnews","17":"tag-news","18":"tag-no","19":"tag-norge","20":"tag-norway","21":"tag-nyheter","22":"tag-overskrifter","23":"tag-top-stories","24":"tag-topstories"},"share_on_mastodon":{"url":"https:\/\/pubeurope.com\/@no\/115685976355233209","error":""},"_links":{"self":[{"href":"https:\/\/www.europesays.com\/no\/wp-json\/wp\/v2\/posts\/107868","targetHints":{"allow":["GET"]}}],"collection":[{"href":"https:\/\/www.europesays.com\/no\/wp-json\/wp\/v2\/posts"}],"about":[{"href":"https:\/\/www.europesays.com\/no\/wp-json\/wp\/v2\/types\/post"}],"author":[{"embeddable":true,"href":"https:\/\/www.europesays.com\/no\/wp-json\/wp\/v2\/users\/2"}],"replies":[{"embeddable":true,"href":"https:\/\/www.europesays.com\/no\/wp-json\/wp\/v2\/comments?post=107868"}],"version-history":[{"count":0,"href":"https:\/\/www.europesays.com\/no\/wp-json\/wp\/v2\/posts\/107868\/revisions"}],"wp:featuredmedia":[{"embeddable":true,"href":"https:\/\/www.europesays.com\/no\/wp-json\/wp\/v2\/media\/107869"}],"wp:attachment":[{"href":"https:\/\/www.europesays.com\/no\/wp-json\/wp\/v2\/media?parent=107868"}],"wp:term":[{"taxonomy":"category","embeddable":true,"href":"https:\/\/www.europesays.com\/no\/wp-json\/wp\/v2\/categories?post=107868"},{"taxonomy":"post_tag","embeddable":true,"href":"https:\/\/www.europesays.com\/no\/wp-json\/wp\/v2\/tags?post=107868"}],"curies":[{"name":"wp","href":"https:\/\/api.w.org\/{rel}","templated":true}]}}