{"id":107870,"date":"2025-12-08T21:10:11","date_gmt":"2025-12-08T21:10:11","guid":{"rendered":"https:\/\/www.europesays.com\/no\/107870\/"},"modified":"2025-12-08T21:10:11","modified_gmt":"2025-12-08T21:10:11","slug":"trur-pakke-tjuvane-er-mobile-og-aktivt-pa-leit-har-fatt-fleire-politimeldingar-sunnhordland-no","status":"publish","type":"post","link":"https:\/\/www.europesays.com\/no\/107870\/","title":{"rendered":"Trur pakke-tjuvane er mobile og aktivt p\u00e5 leit. Har f\u00e5tt fleire politi\u00admeldingar &#8211; sunnhordland.no"},"content":{"rendered":"<ol>\n<li><a href=\"https:\/\/news.google.com\/rss\/articles\/CBMiwwFBVV95cUxPRGFqakpYSDhFenAyaUhMVmtJb0loeE5WUDV6QlFVaUVTNkVyeGFOamd5OUV1NlQxS3JRS3VDN0ZCV0dhXzRxa2pKcWFUdFZoRmF1T1RlZHJMSEY1UnVlT2t5dWY4bWdUd0o5akpUVzhIc1lEOFZqNmJHU1RhSnhOTlZEWnhOTEVMdEFqWHNaTTZsLWRPakRia0w4M05HaXBLdGZwR3pwaXk5cXIyeThDaGRWQXFwZzlGVDVIdW4wd2xCSG8?oc=5\" target=\"_blank\" rel=\"nofollow noopener\">Trur pakke-tjuvane er mobile og aktivt p\u00e5 leit. Har f\u00e5tt fleire politi\u00admeldingar<\/a>&nbsp;&nbsp;sunnhordland.no<\/li>\n<li><a href=\"https:\/\/news.google.com\/rss\/articles\/CBMifEFVX3lxTFB0dk1WZWlkS29NYWlnVVJUZWloM1Z0aEhrVTRIc3U1MEtLQURfOWlBT0JtRjhJeVktWDhiOW5RLW1fZDRJQXVtclRkakNjYnY1bDdVRXllZVB6YV9jSzIzeE0zUkdYc3BWaHlBX0VnM09aWEtBVXREc0kyUWI?oc=5\" target=\"_blank\" rel=\"nofollow noopener\">(+) \u00c5tvarer etter tjuveri i \u00c5lesund<\/a>&nbsp;&nbsp;smp.no<\/li>\n<li><a href=\"https:\/\/news.google.com\/rss\/articles\/CBMijAFBVV95cUxQM0dHWV9uM0RaazM5S19RWXdTdnk1TGFTTURQeEVpZ3pWeHFGM2VsZVU5Njk0SDg3ak9UNHRMSURERHdEZ2E5ZzFfdGxIdy1GYVFLenpqZkJfTXRQa0VuNlE2aVdXOUVFNFlOR2E5S2pBTGJQZGdJYUtwUHhleXhRWmJha1lCQnNqNmdsQg?oc=5\" target=\"_blank\" rel=\"nofollow noopener\">Pakketyveri p\u00e5 Land\u00e5s: \u2013 Det virker planlagt<\/a>&nbsp;&nbsp;Bergens Tidende<\/li>\n<li><a href=\"https:\/\/news.google.com\/rss\/articles\/CBMiwAFBVV95cUxNcjRLYVlhMjE5UEdzMWZUbG1MdE1CeVlvRnZLTjFrN0xGSjlydFpTNXh6aUFiblJGeWN6ZFRyY0lKSWNjVFFza3c0OUxvOVkxRDlZTk1DeGZQWmVockVJeGptcUxEZEVyQmF3RHdUUDdlQjB0SEM2Rm9JVzA2UkVkYklDUUMyS0owNG1Cckp6RE1UUzREdDFKc1BCeXhpVmIzMkpEVWVEcGZITE5paVNSeTVVY0dmU2pJa2pQb0NIcVo?oc=5\" target=\"_blank\" rel=\"nofollow noopener\">Enda fleire pakkar forsvunne<\/a>&nbsp;&nbsp;bomlo-nytt.no<\/li>\n<li><a href=\"https:\/\/news.google.com\/rss\/articles\/CBMieEFVX3lxTE1TMktJUlF6ckNGak5ILTNwb0JmYnFqX0pCbWt3a1pwOEhYX2laRzFRZC1TMFdzOTEyR3hLMUhRWjdQMXF3TVhnWWhIeWxuQ3BQaTZfcnlLS3RCQ19QdkNQNUJuNmpfa2NkTFZmYXo3WjhiTEhueTBKcQ?oc=5\" target=\"_blank\" rel=\"nofollow noopener\">\u2013 Tydeleg at ein tjuv eller tjuvar g\u00e5r rundt. Folk m\u00e5 vera p\u00e5 hugget<\/a>&nbsp;&nbsp;stord24.no<\/li>\n<\/ol>\n","protected":false},"excerpt":{"rendered":"Trur pakke-tjuvane er mobile og aktivt p\u00e5 leit. Har f\u00e5tt fleire politi\u00admeldingar&nbsp;&nbsp;sunnhordland.no (+) \u00c5tvarer etter tjuveri i \u00c5lesund&nbsp;&nbsp;smp.no&hellip;\n","protected":false},"author":2,"featured_media":107871,"comment_status":"","ping_status":"","sticky":false,"template":"","format":"standard","meta":{"footnotes":""},"categories":[10],"tags":[20,21,24,25,15,22,23,13,30,28,29,14,16,26,27],"class_list":{"0":"post-107870","1":"post","2":"type-post","3":"status-publish","4":"format-standard","5":"has-post-thumbnail","7":"category-norge","8":"tag-breaking-news","9":"tag-breakingnews","10":"tag-featured-news","11":"tag-featurednews","12":"tag-headlines","13":"tag-latest-news","14":"tag-latestnews","15":"tag-news","16":"tag-no","17":"tag-norge","18":"tag-norway","19":"tag-nyheter","20":"tag-overskrifter","21":"tag-top-stories","22":"tag-topstories"},"share_on_mastodon":{"url":"https:\/\/pubeurope.com\/@no\/115686003413616449","error":""},"_links":{"self":[{"href":"https:\/\/www.europesays.com\/no\/wp-json\/wp\/v2\/posts\/107870","targetHints":{"allow":["GET"]}}],"collection":[{"href":"https:\/\/www.europesays.com\/no\/wp-json\/wp\/v2\/posts"}],"about":[{"href":"https:\/\/www.europesays.com\/no\/wp-json\/wp\/v2\/types\/post"}],"author":[{"embeddable":true,"href":"https:\/\/www.europesays.com\/no\/wp-json\/wp\/v2\/users\/2"}],"replies":[{"embeddable":true,"href":"https:\/\/www.europesays.com\/no\/wp-json\/wp\/v2\/comments?post=107870"}],"version-history":[{"count":0,"href":"https:\/\/www.europesays.com\/no\/wp-json\/wp\/v2\/posts\/107870\/revisions"}],"wp:featuredmedia":[{"embeddable":true,"href":"https:\/\/www.europesays.com\/no\/wp-json\/wp\/v2\/media\/107871"}],"wp:attachment":[{"href":"https:\/\/www.europesays.com\/no\/wp-json\/wp\/v2\/media?parent=107870"}],"wp:term":[{"taxonomy":"category","embeddable":true,"href":"https:\/\/www.europesays.com\/no\/wp-json\/wp\/v2\/categories?post=107870"},{"taxonomy":"post_tag","embeddable":true,"href":"https:\/\/www.europesays.com\/no\/wp-json\/wp\/v2\/tags?post=107870"}],"curies":[{"name":"wp","href":"https:\/\/api.w.org\/{rel}","templated":true}]}}