{"id":107876,"date":"2025-12-08T21:19:12","date_gmt":"2025-12-08T21:19:12","guid":{"rendered":"https:\/\/www.europesays.com\/no\/107876\/"},"modified":"2025-12-08T21:19:12","modified_gmt":"2025-12-08T21:19:12","slug":"mer-nervos-enn-pa-lenge","status":"publish","type":"post","link":"https:\/\/www.europesays.com\/no\/107876\/","title":{"rendered":"\u2013 Mer nerv\u00f8s enn p\u00e5 lenge"},"content":{"rendered":"\n<p class=\"_lead_o9xde_2 _lead_xtcu6_50 layout-component text-serif-m layout-normal text-serif-l layout-component layout-wide layout-padded _wide_17hqh_1 layout-padded\">Norge knuser all motstand i VM. Men Veronica Kristiansen har sjelden kjent p\u00e5 mer spenning.<\/p>\n<p><img alt=\" Foto: Beate Oma Dahle \/ NTB\" class=\"_image_qp4xg_65 layout-component layout-wide\" data-fullscreen- data-track-element-type=\"Article image fullscreen\" data-track-name=\"ImageFullscreen\" fetchpriority=\"high\" decoding=\"sync\" loading=\"eager\" height=\"5760\" itemprop=\"image\"  src=\"https:\/\/www.europesays.com\/no\/wp-content\/uploads\/2025\/12\/86400bd5-8d83-4c3a-ada4-f48e749967ae\"  style=\"object-position:0% 0%\" width=\"8640\"\/> Foto: Beate Oma Dahle \/ NTB<\/p>\n<ul aria-hidden=\"true\" class=\"_images_ntbth_112\">\n<li><a class=\"_link_ntbth_117\" href=\"https:\/\/www.vg.no\/forfatter\/jostein-overvik\" style=\"z-index:1\" title=\"Jostein Overvik\" rel=\"nofollow noopener\" target=\"_blank\"><img alt=\"Bilde av Jostein Overvik\" class=\"_image_ntbth_93\" fetchpriority=\"low\" loading=\"lazy\" decoding=\"async\" itemprop=\"image\"  src=\"https:\/\/www.europesays.com\/no\/wp-content\/uploads\/2025\/12\/1765228750_331_9167fa6a-7320-4d6f-b3c9-6c4ecb8beb8c\"  width=\"480\"\/><\/a><\/li>\n<\/ul>\n<p>Rapporterer fra Dortmund Oppdatert mandag 8. desember kl. 21:51    <\/p>\n<ul class=\"_list_o9xde_3 _list_64s2r_85 _unordered_o9xde_106 text-sans-m\">\n<li class=\"_item_o9xde_30\">Norge knuser all motstand i h\u00e5ndball-VM, og er favoritter i kvartfinalen mot Montenegro.<\/li>\n<li class=\"_item_o9xde_30\">Veronika Kristiansen er likevel mer nerv\u00f8s enn noensinne til tross for suksessen.<\/li>\n<li class=\"_item_o9xde_30\">Kaptein Henny Reistad p\u00e5peker lagets bredde og rullering som en styrke.<\/li>\n<li class=\"_item_o9xde_30\">Spillerne holder seg skjerpet og har sosiale aktiviteter som puslespill p\u00e5 VM-hotellet.<\/li>\n<\/ul>\n<p>Vis mer <\/p>\n<p class=\"_paragraph_o9xde_4 _paragraph_xtcu6_10 layout-component text-serif-m layout-normal text-serif-m layout-padded\">De norske h\u00e5ndballjentene er p\u00e5 ny kjempefavoritter i tirsdagens kvartfinale mot Montenegro (kl. 20.30 (TV3 \/ Viaplay). Spillerne mener det er en selvf\u00f8lge \u00e5 holde seg skjerpet.<\/p>\n<p class=\"_paragraph_o9xde_4 _paragraph_xtcu6_10 layout-component text-serif-m layout-normal text-serif-m layout-padded\">Gang p\u00e5 gang leverer Norge s\u00e5 h\u00f8yt niv\u00e5 at VM-motstanderne blir fullstendig avkledd. De har vunnet seks strake kamper med 107 m\u00e5ls margin.<\/p>\n<p class=\"_paragraph_o9xde_4 _paragraph_xtcu6_10 layout-component text-serif-m layout-normal text-serif-m layout-padded\">\u2013 Jeg har aldri v\u00e6rt i et lag med en s\u00e5 sterk vinnerkultur, sier Ole Gustav Gjekstad (58). Landslagssjefen har 40 \u00e5rs erfaring fra h\u00e5ndball p\u00e5 toppniv\u00e5.<\/p>\n<p class=\"_paragraph_o9xde_4 _paragraph_xtcu6_10 layout-component text-serif-m layout-normal text-serif-m layout-padded\">\u2013 Det sier mye. Han er en type som ikke spyr ut komplimenter, mener Maren Aardahl.<\/p>\n<p><img alt=\"Foto: Beate Oma Dahle \/ NTB\" class=\"_image_qp4xg_65 layout-component layout-normal\" data-fullscreen- data-track-element-type=\"Article image fullscreen\" data-track-name=\"ImageFullscreen\" decoding=\"async\" loading=\"lazy\" height=\"3630\" itemprop=\"image\"  src=\"https:\/\/www.europesays.com\/no\/wp-content\/uploads\/2025\/12\/687d92ff-a6a7-4d12-9f21-4764f71d4772\"  style=\"object-position:0% 0%\" width=\"6453\"\/>Foto: Beate Oma Dahle \/ NTB<\/p>\n<p class=\"_paragraph_o9xde_4 _paragraph_xtcu6_10 layout-component text-serif-m layout-normal text-serif-m layout-padded\">Veronica Kristiansen har v\u00e6rt skarpere og skarpere i VM. \u00abVikki\u00bb forteller at Norges seire med kalassifre ikke har gjort henne mer avslappet.<\/p>\n<p class=\"_paragraph_o9xde_4 _paragraph_xtcu6_10 layout-component text-serif-m layout-normal text-serif-m layout-padded\"><strong class=\"_strong_o9xde_25\">Hun kjenner derimot det helt motsatte i kroppen frem mot avkast.<\/strong><\/p>\n<p class=\"_paragraph_o9xde_4 _paragraph_xtcu6_10 layout-component text-serif-m layout-normal text-serif-m layout-padded\">\u2013 Som regel er jeg ikke veldig nerv\u00f8s, men i de siste kampene har jeg v\u00e6rt ganske nerv\u00f8s. Men det har fungert bra. Det er mulig jeg har funnet et nytt spenningsniv\u00e5, ler 35-\u00e5ringen med 201 landskamper for Norge.<\/p>\n<p class=\"_paragraph_o9xde_4 _paragraph_xtcu6_10 layout-component text-serif-m layout-normal text-serif-m layout-padded\">\u2013 Du er mer nerv\u00f8s enn noen gang?<\/p>\n<p class=\"_paragraph_o9xde_4 _paragraph_xtcu6_10 layout-component text-serif-m layout-normal text-serif-m layout-padded\">\u2013 Ja, i de siste kampene har jeg v\u00e6rt mer nerv\u00f8s enn jeg har v\u00e6rt lenge.<\/p>\n<p class=\"_paragraph_o9xde_4 _paragraph_xtcu6_10 layout-component text-serif-m layout-normal text-serif-m layout-padded\">\u2013 Hvor lenge?<\/p>\n<p class=\"_paragraph_o9xde_4 _paragraph_xtcu6_10 layout-component text-serif-m layout-normal text-serif-m layout-padded\">\u2013 P\u00e5 noen \u00e5r. Jeg vet ikke hvorfor. Generelt s\u00e5 slapper jeg mer av, jeg pr\u00f8ver bare \u00e5 ha det g\u00f8y, og vet at jeg har barn hjemme som er viktigere enn h\u00e5ndballen, sier tobarnsmoren.<\/p>\n<p class=\"_paragraph_o9xde_4 _paragraph_xtcu6_10 layout-component text-serif-m layout-normal text-serif-m layout-padded\">Men det hjelper ikke.<\/p>\n<p class=\"_paragraph_o9xde_4 _paragraph_xtcu6_10 layout-component text-serif-m layout-normal text-serif-m layout-padded\">Hun kjenner det river innvending <a href=\"https:\/\/www.vg.no\/sport\/i\/pB6MrW\/sjokkstarten-tror-det-nesten-ikke\" data-track-element-type=\"Link\" data-track-id=\"link:pB6MrW\" class=\"_link_o9xde_39\" rel=\"nofollow noopener\" target=\"_blank\">selv om Norge sl\u00e5r Brasil med 19 m\u00e5l. <\/a>Det ligger nedfelt i landslagets kultur \u00e5 aldri ta lett p\u00e5 oppgaven \u2013 selv om favorittstempelet er n\u00e6r 100 prosent.<\/p>\n<p class=\"_paragraph_o9xde_4 _paragraph_xtcu6_10 layout-component text-serif-m layout-normal text-serif-m layout-padded\"><a href=\"https:\/\/www.vg.no\/sport\/i\/m06Md0\/ny-rekord-av-katrine-lunde-god-stemning-inni-meg\" data-track-element-type=\"Link\" data-track-id=\"link:m06Md0\" class=\"_link_o9xde_39\" rel=\"nofollow noopener\" target=\"_blank\">Katrine Lunde (45) har v\u00e6rt bedre enn noensinne hittil i VM.<\/a><\/p>\n<p class=\"_paragraph_o9xde_4 _paragraph_xtcu6_10 layout-component text-serif-m layout-normal text-serif-m layout-padded\">\u2013 Hvorfor faller dere sjelden i fellen der undervurdering og underprestering ligger?<\/p>\n<p class=\"_paragraph_o9xde_4 _paragraph_xtcu6_10 layout-component text-serif-m layout-normal text-serif-m layout-padded\">\u2013 Individuelle ferdigheter og lagmessig mentalitet, beskriver Kristiansen.<\/p>\n<p class=\"_paragraph_o9xde_4 _paragraph_xtcu6_10 layout-component text-serif-m layout-normal text-serif-m layout-padded\">\u2013 Vi fokuserer p\u00e5 at vi som lag skal kjempe fra start til slutt. S\u00f8ndag m\u00f8tte vi kjempegode brasilianske spillere, men vi gjorde dem d\u00e5rlige. Det samme skjedde mot Sverige. Vi forbereder oss godt.<\/p>\n<p class=\"_paragraph_o9xde_4 _paragraph_xtcu6_10 layout-component text-serif-m layout-normal text-serif-m layout-padded\">Hun har \u2013 som resten av spillergruppen \u2013 faste rutiner p\u00e5 \u00e5 studere videoklipp av spillere hun m\u00f8ter ansikt til ansikt.<\/p>\n<p class=\"_paragraph_o9xde_4 _paragraph_xtcu6_10 layout-component text-serif-m layout-normal text-serif-m layout-padded\">Stort sett alle spillerne er innom mass\u00f8r og fysioterapeut dagen etter kamp. Det kj\u00f8res ogs\u00e5 b\u00e5de styrketrening og en \u00f8kt i hall, hvor langt fra alle spillerne deltar.<\/p>\n<p class=\"_paragraph_o9xde_4 _paragraph_xtcu6_10 layout-component text-serif-m layout-normal text-serif-m layout-padded\">I tillegg har Ole Gustav Gjekstad et fast opplegg for felles forberedelser.<\/p>\n<p><img alt=\"Foto: Beate Oma Dahle \/ NTB\" class=\"_image_qp4xg_65 layout-component layout-normal\" data-fullscreen- data-track-element-type=\"Article image fullscreen\" data-track-name=\"ImageFullscreen\" decoding=\"async\" loading=\"lazy\" height=\"5668\" itemprop=\"image\"  src=\"https:\/\/www.europesays.com\/no\/wp-content\/uploads\/2025\/12\/55e89075-f4d1-4c23-90e5-8b0dddf01889\"  style=\"object-position:0% 0%\" width=\"8502\"\/>Foto: Beate Oma Dahle \/ NTB<\/p>\n<p class=\"_paragraph_o9xde_4 _paragraph_xtcu6_10 layout-component text-serif-m layout-normal text-serif-m layout-padded\">Dette skjer f\u00f8r Montenegro i den f\u00f8rste utslagskampen i VM:<\/p>\n<ul class=\"_list_o9xde_3 _list_xtcu6_9 _unordered_o9xde_106 layout-component text-serif-m layout-normal text-serif-m layout-padded\">\n<li class=\"_item_o9xde_30\"><strong class=\"_strong_o9xde_25\">M\u00f8te 1 mandag:<\/strong> Fokus p\u00e5 Norges angrepsspill. Varighet maks 30 minutter.<\/li>\n<li class=\"_item_o9xde_30\"><strong class=\"_strong_o9xde_25\">M\u00f8te 2 mandag: <\/strong>Etterarbeid fra forrige kamp med fokus p\u00e5 forsvar. Varighet maks \u00e9n time.<\/li>\n<li class=\"_item_o9xde_30\"><strong class=\"_strong_o9xde_25\">M\u00f8te 3 tirsdag: <\/strong>Kampm\u00f8te med planen mot Montenegro. Varighet maks 25 minutter.<\/li>\n<\/ul>\n<p class=\"_paragraph_o9xde_4 _paragraph_xtcu6_10 layout-component text-serif-m layout-normal text-serif-m layout-padded\">Norge g\u00e5r til de tre siste VM-matchene uten skader eller sykdom.<\/p>\n<p class=\"_paragraph_o9xde_4 _paragraph_xtcu6_10 layout-component text-serif-m layout-normal text-serif-m layout-padded\">\u2013 Vi har en stor bredde og rullerer p\u00e5 laget. Det kommer inn nye krefter og ny giv i l\u00f8pet kampen. Vi vet at det er mulig \u00e5 g\u00e5 \u00aball in\u00bb n\u00e5r vi er p\u00e5 banen, forklarer Henny Reistad (26).<\/p>\n<p class=\"_paragraph_o9xde_4 _paragraph_xtcu6_10 layout-component text-serif-m layout-normal text-serif-m layout-padded\"><strong class=\"_strong_o9xde_25\">Kapteinen spilte ikke mer enn 21 minutter mot Brasil. Ingen var p\u00e5 banen mer enn 39 av 60 minutter. 13 av 16 spilte en halvtime eller mindre.<\/strong><\/p>\n<p class=\"_paragraph_o9xde_4 _paragraph_xtcu6_10 layout-component text-serif-m layout-normal text-serif-m layout-padded\">\u2013 Det er unikt at vi nesten kan spille med hvem som helst. Vi har flere rekker. Vi kan skifte \u00e9n eller fire spillere og fremdeles holde et h\u00f8yt niv\u00e5, forklarer Stine Skogrand (32) <\/p>\n<p class=\"_paragraph_o9xde_4 _paragraph_xtcu6_10 layout-component text-serif-m layout-normal text-serif-m layout-padded\"><strong class=\"_strong_o9xde_25\"> De har spilt seks VM-kamper p\u00e5 11 dager.<\/strong><\/p>\n<p class=\"_paragraph_o9xde_4 _paragraph_xtcu6_10 layout-component text-serif-m layout-normal text-serif-m layout-padded\">\u2013 Vi bytter mer enn vi har gjort f\u00f8r. Jeg tror ingen er slitne, sier hun.<\/p>\n<p><img alt=\"Foto: Beate Oma Dahle \/ NTB\" class=\"_image_qp4xg_65 layout-component layout-normal\" data-fullscreen- data-track-element-type=\"Article image fullscreen\" data-track-name=\"ImageFullscreen\" decoding=\"async\" loading=\"lazy\" height=\"2904\" itemprop=\"image\"  src=\"https:\/\/www.europesays.com\/no\/wp-content\/uploads\/2025\/12\/07e4be3b-e68d-40c9-a6b9-1d006ad50cce\"  style=\"object-position:0% 0%\" width=\"5163\"\/>Foto: Beate Oma Dahle \/ NTB<\/p>\n<p class=\"_paragraph_o9xde_4 _paragraph_xtcu6_10 layout-component text-serif-m layout-normal text-serif-m layout-padded\">Men det handler ikke bare om h\u00e5ndball. P\u00e5 spillerhotellet Dorint \u2013 en langpasning fra Westfalenhalle \u2013 har laget et eget sosialrom. Det har spillerne noe eget \u00e5 pusle med.<\/p>\n<p class=\"_paragraph_o9xde_4 _paragraph_xtcu6_10 layout-component text-serif-m layout-normal text-serif-m layout-padded\">\u2013 Vi legger puslespill, forteller Skogrand.<\/p>\n<p class=\"_paragraph_o9xde_4 _paragraph_xtcu6_10 layout-component text-serif-m layout-normal text-serif-m layout-padded\">\u2013 Vi startet med 2000 brikker i gruppespillet i Triet. Vi fraktet det med oss hit til Dortmund. N\u00e5 er vi ferdige og har startet p\u00e5 et nytt, forteller hun.<\/p>\n<p class=\"_paragraph_o9xde_4 _paragraph_xtcu6_10 layout-component text-serif-m layout-normal text-serif-m layout-padded\">Men det er frivillig. Ikke alle bidrar.<\/p>\n<p class=\"_paragraph_o9xde_4 _paragraph_xtcu6_10 layout-component text-serif-m layout-normal text-serif-m layout-padded\"><strong class=\"_strong_o9xde_25\">\u2013 Jeg har bare lagt \u00e9n brikke, opplyser Katrine Lunde.<\/strong><\/p>\n<p class=\"_paragraph_o9xde_4 _paragraph_xtcu6_10 layout-component text-serif-m layout-normal text-serif-m layout-padded\">\u2013 Egentlig trives jeg best p\u00e5 sengen med en god serie, smiler VMs kanskje beste spiller til n\u00e5.<\/p>\n","protected":false},"excerpt":{"rendered":"Norge knuser all motstand i VM. Men Veronica Kristiansen har sjelden kjent p\u00e5 mer spenning. Foto: Beate Oma&hellip;\n","protected":false},"author":2,"featured_media":107877,"comment_status":"","ping_status":"","sticky":false,"template":"","format":"standard","meta":{"footnotes":""},"categories":[59],"tags":[105,9443,8985,1526,1528,12949,30,28,29,1527,83,82,12445,9444],"class_list":{"0":"post-107876","1":"post","2":"type-post","3":"status-publish","4":"format-standard","5":"has-post-thumbnail","7":"category-sport","8":"tag-handball","9":"tag-handball-vm","10":"tag-henny-reistad","11":"tag-katrine-lunde","12":"tag-kvinnelandslaget-handball","13":"tag-maren-aardahl","14":"tag-no","15":"tag-norge","16":"tag-norway","17":"tag-ole-gustav-gjekstad","18":"tag-sport","19":"tag-sports","20":"tag-stine-skogrand","21":"tag-veronica-kristiansen"},"share_on_mastodon":{"url":"https:\/\/pubeurope.com\/@no\/115686039050476528","error":""},"_links":{"self":[{"href":"https:\/\/www.europesays.com\/no\/wp-json\/wp\/v2\/posts\/107876","targetHints":{"allow":["GET"]}}],"collection":[{"href":"https:\/\/www.europesays.com\/no\/wp-json\/wp\/v2\/posts"}],"about":[{"href":"https:\/\/www.europesays.com\/no\/wp-json\/wp\/v2\/types\/post"}],"author":[{"embeddable":true,"href":"https:\/\/www.europesays.com\/no\/wp-json\/wp\/v2\/users\/2"}],"replies":[{"embeddable":true,"href":"https:\/\/www.europesays.com\/no\/wp-json\/wp\/v2\/comments?post=107876"}],"version-history":[{"count":0,"href":"https:\/\/www.europesays.com\/no\/wp-json\/wp\/v2\/posts\/107876\/revisions"}],"wp:featuredmedia":[{"embeddable":true,"href":"https:\/\/www.europesays.com\/no\/wp-json\/wp\/v2\/media\/107877"}],"wp:attachment":[{"href":"https:\/\/www.europesays.com\/no\/wp-json\/wp\/v2\/media?parent=107876"}],"wp:term":[{"taxonomy":"category","embeddable":true,"href":"https:\/\/www.europesays.com\/no\/wp-json\/wp\/v2\/categories?post=107876"},{"taxonomy":"post_tag","embeddable":true,"href":"https:\/\/www.europesays.com\/no\/wp-json\/wp\/v2\/tags?post=107876"}],"curies":[{"name":"wp","href":"https:\/\/api.w.org\/{rel}","templated":true}]}}