{"id":107878,"date":"2025-12-08T21:24:11","date_gmt":"2025-12-08T21:24:11","guid":{"rendered":"https:\/\/www.europesays.com\/no\/107878\/"},"modified":"2025-12-08T21:24:11","modified_gmt":"2025-12-08T21:24:11","slug":"men-bare-for-de-som-slutter","status":"publish","type":"post","link":"https:\/\/www.europesays.com\/no\/107878\/","title":{"rendered":"Men bare for de som slutter"},"content":{"rendered":"\n<p class=\"_lead_o9xde_2 _lead_xtcu6_50 layout-component text-serif-m layout-normal text-serif-l layout-component layout-wide layout-padded _wide_17hqh_1 layout-padded\">2500 spesialister i Forsvaret har krav p\u00e5 store bonusutbetalinger, men kun om de slutter f\u00f8r de fyller 35 \u00e5r. S\u00e5 da slutter mange av dem som Forsvaret helst ville beholde. <\/p>\n<p><img alt=\"HAR BONUS TIL GODE:  Profesjonelle soldater som Forsvaret helst vil beholde, m\u00e5 slutte for \u00e5 f\u00e5 bonusen de er lovet ved ansettelse - eller tape opptil en million kroner om de blir i uniform.  Illustrasjonsbildet er fra en \u00f8velse i Brigade Nord p\u00e5 Bardufoss i 2024. \" class=\"_image_qp4xg_65 layout-component layout-wide\" data-fullscreen- data-track-element-type=\"Article image fullscreen\" data-track-name=\"ImageFullscreen\" fetchpriority=\"high\" decoding=\"sync\" loading=\"eager\" height=\"4822\" itemprop=\"image\"  src=\"https:\/\/www.europesays.com\/no\/wp-content\/uploads\/2025\/12\/f07c9456-f887-4a78-89a8-6a8a75caba44\"  style=\"object-position:0% 0%\" width=\"7960\"\/> Foto: Helge Mikalsen \/ VG<\/p>\n<ul aria-hidden=\"true\" class=\"_images_ntbth_112\">\n<li><a class=\"_link_ntbth_117\" href=\"https:\/\/www.vg.no\/forfatter\/alf-bjarne-johnsen\" style=\"z-index:2\" title=\"Alf Bjarne Johnsen\" rel=\"nofollow noopener\" target=\"_blank\"><img alt=\"Bilde av Alf Bjarne Johnsen\" class=\"_image_ntbth_93\" fetchpriority=\"low\" loading=\"lazy\" decoding=\"async\" itemprop=\"image\"  src=\"https:\/\/www.europesays.com\/no\/wp-content\/uploads\/2025\/12\/1765229049_110_a8952b63-f4d3-424e-ab5c-93e67076c9b0\"  width=\"480\"\/><\/a><\/li>\n<li><a class=\"_link_ntbth_117\" href=\"https:\/\/www.vg.no\/forfatter\/helge-mikalsen\" style=\"z-index:1\" title=\"Helge Mikalsen (foto)\" rel=\"nofollow noopener\" target=\"_blank\"><img alt=\"Bilde av Helge Mikalsen (foto)\" class=\"_image_ntbth_93\" fetchpriority=\"low\" loading=\"lazy\" decoding=\"async\" itemprop=\"image\"  src=\"https:\/\/www.europesays.com\/no\/wp-content\/uploads\/2025\/12\/28493d15-65ed-4183-8dac-cf9c125f8eeb\"  width=\"480\"\/><\/a><\/li>\n<\/ul>\n<p> Oppdatert mandag 8. desember kl. 21:24    <\/p>\n<ul class=\"_list_o9xde_3 _list_64s2r_85 _unordered_o9xde_106 text-sans-m\">\n<li class=\"_item_o9xde_30\">2500 spesialister i Forsvaret mister bonusutbetalingen hvis de jobber etter fylte 35 \u00e5r.<\/li>\n<li class=\"_item_o9xde_30\">Mange slutter for \u00e5 f\u00e5 bonusen- Det er et stort problem som for Forsvaret, som trenger  langt flere ansatte.<\/li>\n<li class=\"_item_o9xde_30\">En l\u00f8sning som sikrer bonusutbetalinger til de som blir etter 35 \u00e5r, vurderes n\u00e5 av Forsvarsdepartementet.<\/li>\n<\/ul>\n<p>Vis mer <\/p>\n<p class=\"_paragraph_o9xde_4 _paragraph_xtcu6_10 layout-component text-serif-m layout-normal text-serif-m layout-padded\">Samtidig bruker Forsvaret store summer p\u00e5 \u00e5 rekruttere nye ansatte.   <\/p>\n<p class=\"_paragraph_o9xde_4 _paragraph_xtcu6_10 layout-component text-serif-m layout-normal text-serif-m layout-padded\"><strong class=\"_strong_o9xde_25\">\u2013 Vi har en vid \u00e5pen bakd\u00f8r. Den m\u00e5 stenges, og det haster, sier Arne-Markus Svendsen. Han er nestleder i Norges Offisers- og spesialistforbund, NOF. <\/strong><\/p>\n<p class=\"_paragraph_o9xde_4 _paragraph_xtcu6_10 layout-component text-serif-m layout-normal text-serif-m layout-padded\">Jobbkontraktene er skrevet slik at disse spesialistene mister bonusen dersom de fortsetter i Forsvaret etter fylte 35 \u00e5r. <\/p>\n<p class=\"_paragraph_o9xde_4 _paragraph_xtcu6_10 layout-component text-serif-m layout-normal text-serif-m layout-padded\">Mange har mer enn en million kroner i bonus til gode. <\/p>\n<p class=\"_paragraph_o9xde_4 _paragraph_xtcu6_10 layout-component text-serif-m layout-normal text-serif-m layout-padded\">N\u00e5 jobber Offisersforbundet for \u00e5 sikre at bonusen ikke blir fratatt de som \u00f8nsker \u00e5 jobbe videre i Forsvaret. <\/p>\n<p class=\"_paragraph_o9xde_4 _paragraph_xtcu6_10 layout-component text-serif-m layout-normal text-serif-m layout-padded\"><strong class=\"_strong_o9xde_25\">\u2013 Vi etterlyser politisk handlekraft, sier Svendsen til VG.<\/strong><\/p>\n<p><img alt=\"VI HA BEGGE DELER: Arne-Markus Svendsen forst\u00e5r godt at mange yngre kolleger vil ha med seg bonusen de ble garantert - og at de derfor slutter i Forsvaret dersom ikke denne saken blir l\u00f8st. \" class=\"_image_qp4xg_65 layout-component layout-normal\" data-fullscreen- data-track-element-type=\"Article image fullscreen\" data-track-name=\"ImageFullscreen\" decoding=\"async\" loading=\"lazy\" height=\"5465\" itemprop=\"image\"  src=\"https:\/\/www.europesays.com\/no\/wp-content\/uploads\/2025\/12\/286cd98d-870d-4a05-9ff2-4f9338574904\"  style=\"object-position:0% 0%\" width=\"7688\"\/>Foto: Helge Mikalsen \/ VG<\/p>\n<p class=\"_paragraph_o9xde_4 _paragraph_xtcu6_10 layout-component text-serif-m layout-normal text-serif-m layout-padded\">Han har hyppig kontakt med yngre spesialister i Forsvaret som gjerne vil fortsette i jobben &#8211; men som heller ikke vil gi fra seg sin opparbeidede rett til bonus.  <\/p>\n<p class=\"_paragraph_o9xde_4 _paragraph_xtcu6_10 layout-component text-serif-m layout-normal text-serif-m layout-padded\"><strong class=\"_strong_o9xde_25\">N\u00e5 venter hele Forsvaret p\u00e5 at forsvarsminister Tore O. Sandvik (Ap) skal avklare bonus-dilemmaet.  <\/strong> <\/p>\n<p>Skulle slutte p\u00e5 35 \u00e5r <\/p>\n<p class=\"_paragraph_o9xde_4 _paragraph_xtcu6_10 layout-component text-serif-m layout-normal text-serif-m layout-padded\">Kontrakten kalles T35 og har v\u00e6rt i bruk i Forsvaret i en \u00e5rrekke.<\/p>\n<p class=\"_paragraph_o9xde_4 _paragraph_xtcu6_10 layout-component text-serif-m layout-normal text-serif-m layout-padded\">Hensikten var \u00e5 rekruttere profesjonelle soldater som skulle bruke sine beste \u00e5r i Forsvaret, og s\u00e5 g\u00e5 av med en klekkelig bonus f\u00f8r de fylte 35 \u00e5r.  Bonus-kontrakten var ment \u00e5 gi disse spesialistene et stipend for \u00e5 finansiere videreutdanning, den dagen Forsvaret ikke lenger hadde bruk for dem.<\/p>\n<p class=\"_paragraph_o9xde_4 _paragraph_xtcu6_10 layout-component text-serif-m layout-normal text-serif-m layout-padded\">Men de neste \u00e5rene skal Forsvaret f\u00e5 4 600 flere ansatte. NOF-nestlederen sier at mange av de yngre spesialistene p\u00e5 T35-kontrakter har unik kompetanse som Forsvaret trenger i \u00e5rene fremover: <\/p>\n<p class=\"_paragraph_o9xde_4 _paragraph_xtcu6_10 layout-component text-serif-m layout-normal text-serif-m layout-padded\">N\u00e5 sitter 2500 ansatte i Forsvaret og venter p\u00e5 en avklaring. <\/p>\n<p class=\"_paragraph_o9xde_4 _paragraph_xtcu6_10 layout-component text-serif-m layout-normal text-serif-m layout-padded\"><strong class=\"_strong_o9xde_25\">\u2013 Forsvaret skal bruke milliarder p\u00e5 \u00e5 anskaffe nye ub\u00e5ter og nye langtrekkende missiler. Vi trenger disse spesialistene til \u00e5 h\u00e5ndtere de nye systemene. Uten en hurtig bonusl\u00f8sning vil noen av v\u00e5re flinkeste folk slutte den n\u00e6rmeste tiden, sier Svendsen.<\/strong><\/p>\n<p>Slutter mandag &#8211; nyansatt tirsdag <\/p>\n<p class=\"_paragraph_o9xde_4 _paragraph_xtcu6_10 layout-component text-serif-m layout-normal text-serif-m layout-padded\"><strong class=\"_strong_o9xde_25\">Svendsen forteller om etater i Forsvaret som allerede har foregrepet at dette l\u00f8ses:<\/strong><\/p>\n<p class=\"_paragraph_o9xde_4 _paragraph_xtcu6_10 layout-component text-serif-m layout-normal text-serif-m layout-padded\">\u2013  Jeg har informasjon om at et 50-talls spesialister har f\u00e5tt muligheten til \u00e5 slutte i Forsvaret en mandag ettermiddag med bonus utbetalt &#8211; og s\u00e5 komme tilbake som nyansatte tirsdag morgen. Men for de aller fleste finnes det ikke noen slik mulighet akkurat n\u00e5. De m\u00e5 slutte for \u00e5 f\u00e5 bonus &#8211; eller miste den om de likevel vil g\u00e5 over p\u00e5 vanlige vilk\u00e5r med 60 \u00e5rs aldersgrense, sier han.<\/p>\n<p>Fast jobb som befal? Nei takk <\/p>\n<p class=\"_paragraph_o9xde_4 _paragraph_xtcu6_10 layout-component text-serif-m layout-normal text-serif-m layout-padded\">NOF-nestlederen forteller om en ansatt midt i 20-\u00e5rene p\u00e5 T35 kontrakt som har tatt befalsutdanning, og som bare mangler 3000 meter l\u00f8p p\u00e5 godkjent tid for \u00e5 bli fast ansatt som befal. Vedkommende nekter imidlertid \u00e5 l\u00f8pe, inntil bonusen er sikret:<\/p>\n<p class=\"_paragraph_o9xde_4 _paragraph_xtcu6_10 layout-component text-serif-m layout-normal text-serif-m layout-padded\">\u2013 Om denne personen skulle l\u00f8pe p\u00e5 godkjent tid, vil det koste vedkommende en halv million kroner i tapt bonus. Det vet vi fordi lignende saker har v\u00e6rt pr\u00f8vd for domstol, og vi har ikke vunnet fram.  Dette er folk vi trenger n\u00e5. De er dyktige og motiverte, og mange \u00f8nsker \u00e5 ta befalsutdanning. Men da forsvinner bonusen, forklarer Svendsen.  <\/p>\n<p>Har forslag til l\u00f8sning <\/p>\n<p class=\"_paragraph_o9xde_4 _paragraph_xtcu6_10 layout-component text-serif-m layout-normal text-serif-m layout-padded\"><strong class=\"_strong_o9xde_25\">Svendsen sier at NOF og Forsvarets ledelse er enige om en ordning som sikrer utbetaling av bonus over fire \u00e5r, til de som velger \u00e5 fortsette i en milit\u00e6r karriere etter fylte 35 \u00e5r.<\/strong><\/p>\n<p class=\"_paragraph_o9xde_4 _paragraph_xtcu6_10 layout-component text-serif-m layout-normal text-serif-m layout-padded\">Ordningen mangler imidlertid godkjenning fra politisk ledelse, alts\u00e5 forsvarsminister Tore O. Sandvik (Ap). <\/p>\n<p><img decoding=\"async\" alt=\"Bilde av \" class=\"_image_ygndg_42\" height=\"27\" itemprop=\"image\" loading=\"lazy\"  src=\"https:\/\/www.europesays.com\/no\/wp-content\/uploads\/2025\/12\/4aadcede-05d9-417f-88f0-b7734103c350\"  width=\"40\"\/><strong class=\"_name_ygndg_51 title-serif-xs\"\/><\/p>\n<p class=\"_paragraph_o9xde_4 text-sans-m _description_ygndg_56\">Forsvarsminister Tore O. Sandvik <\/p>\n<p class=\"_paragraph_o9xde_4 _paragraph_xtcu6_10 layout-component text-serif-m layout-normal text-serif-m layout-padded\">\u2013 V\u00e5r arbeidsgiver, forsvarsledelsen, er helt enig med oss. Og pengene er satt av. Vi forst\u00e5r bare ikke hvorfor poltiisk ledelse somler, sier Arne-Markus Svendsen. <\/p>\n<p> Vurderer forslag <\/p>\n<p class=\"_paragraph_o9xde_4 _paragraph_xtcu6_10 layout-component text-serif-m layout-normal text-serif-m layout-padded\"> VG har forelagt saken for Forsvarsdepartementet, som svarer p\u00e5 epost:<\/p>\n<p class=\"_paragraph_o9xde_4 _paragraph_xtcu6_10 layout-component text-serif-m layout-normal text-serif-m layout-padded\">\u2013 Forsvarsdepartementet vurderer for tiden et forslag fra Forsvaret knyttet til \u00e5 skape forutsetninger for \u00e5 beholde kompetanse i Forsvaret. Forslaget inneb\u00e6rer alternativer for \u00e5 beholde personell som i dag er ansatt p\u00e5 T35-kontrakt, ogs\u00e5 etter fylte 35 \u00e5r. Den aktuelle personellgruppen i Forsvaret omfatter om lag 2500 ansatte. Som en forutsetning for forsvarsl\u00f8ftet er det viktig at Forsvaret lykkes med personellopptrappingen, hvor evnene til \u00e5 beholde erfarent personell er sentralt, skriver seniorr\u00e5dgiver Asgeir Spange Brekke i FD.<\/p>\n","protected":false},"excerpt":{"rendered":"2500 spesialister i Forsvaret har krav p\u00e5 store bonusutbetalinger, men kun om de slutter f\u00f8r de fyller 35&hellip;\n","protected":false},"author":2,"featured_media":107879,"comment_status":"","ping_status":"","sticky":false,"template":"","format":"standard","meta":{"footnotes":""},"categories":[10],"tags":[13378,20,21,24,25,1903,15,22,23,13,30,28,281,29,14,16,26,27],"class_list":{"0":"post-107878","1":"post","2":"type-post","3":"status-publish","4":"format-standard","5":"has-post-thumbnail","7":"category-norge","8":"tag-bonuser","9":"tag-breaking-news","10":"tag-breakingnews","11":"tag-featured-news","12":"tag-featurednews","13":"tag-forsvaret","14":"tag-headlines","15":"tag-latest-news","16":"tag-latestnews","17":"tag-news","18":"tag-no","19":"tag-norge","20":"tag-norsk-politikk","21":"tag-norway","22":"tag-nyheter","23":"tag-overskrifter","24":"tag-top-stories","25":"tag-topstories"},"share_on_mastodon":{"url":"https:\/\/pubeurope.com\/@no\/115686058751508102","error":""},"_links":{"self":[{"href":"https:\/\/www.europesays.com\/no\/wp-json\/wp\/v2\/posts\/107878","targetHints":{"allow":["GET"]}}],"collection":[{"href":"https:\/\/www.europesays.com\/no\/wp-json\/wp\/v2\/posts"}],"about":[{"href":"https:\/\/www.europesays.com\/no\/wp-json\/wp\/v2\/types\/post"}],"author":[{"embeddable":true,"href":"https:\/\/www.europesays.com\/no\/wp-json\/wp\/v2\/users\/2"}],"replies":[{"embeddable":true,"href":"https:\/\/www.europesays.com\/no\/wp-json\/wp\/v2\/comments?post=107878"}],"version-history":[{"count":0,"href":"https:\/\/www.europesays.com\/no\/wp-json\/wp\/v2\/posts\/107878\/revisions"}],"wp:featuredmedia":[{"embeddable":true,"href":"https:\/\/www.europesays.com\/no\/wp-json\/wp\/v2\/media\/107879"}],"wp:attachment":[{"href":"https:\/\/www.europesays.com\/no\/wp-json\/wp\/v2\/media?parent=107878"}],"wp:term":[{"taxonomy":"category","embeddable":true,"href":"https:\/\/www.europesays.com\/no\/wp-json\/wp\/v2\/categories?post=107878"},{"taxonomy":"post_tag","embeddable":true,"href":"https:\/\/www.europesays.com\/no\/wp-json\/wp\/v2\/tags?post=107878"}],"curies":[{"name":"wp","href":"https:\/\/api.w.org\/{rel}","templated":true}]}}