{"id":107880,"date":"2025-12-08T21:25:10","date_gmt":"2025-12-08T21:25:10","guid":{"rendered":"https:\/\/www.europesays.com\/no\/107880\/"},"modified":"2025-12-08T21:25:10","modified_gmt":"2025-12-08T21:25:10","slug":"nyttarsaften-lysshow-oslo-dropper-nyttarsshow-pa-radhusplassen","status":"publish","type":"post","link":"https:\/\/www.europesays.com\/no\/107880\/","title":{"rendered":"Nytt\u00e5rsaften, Lysshow | Oslo dropper nytt\u00e5rsshow p\u00e5 R\u00e5dhusplassen"},"content":{"rendered":"\n<p>Det melder <a href=\"https:\/\/www.aftenposten.no\/oslo\/i\/XMw5wb\/oslo-kommune-dropper-nyttaarsshowet-paa-raadhusplassen\" rel=\"Follow nofollow noopener\" target=\"_blank\">Aftenposten.<\/a><\/p>\n<p>Byr\u00e5dsleder Eirik Lae Solberg (H) forklarer at kommunen m\u00e5 spare penger og derfor ikke prioriterer \u00e5 bruke midler p\u00e5 nytt\u00e5rsfeiringer.<\/p>\n<p>\u2013 I fjor pr\u00f8vde vi noe nytt, men det ble dessverre ikke s\u00e5 bra som vi hadde h\u00e5pet, skriver han i en e-post til Aftenposten<\/p>\n<p><b>Les ogs\u00e5: <a href=\"https:\/\/www.nettavisen.no\/okonomi\/lysshow-i-oslo-nyttarsaften-far-slakt-latterligste-jeg-har-sett\/s\/5-95-2212859\" rel=\"Follow nofollow noopener\" target=\"_blank\">Latterliggj\u00f8r lysshow: \u2013 Diskotekene i Syden gj\u00f8r det bedre<\/a><\/b>.<\/p>\n<p>Ap reagerer<\/p>\n<p>Gruppeleder i Oslo Arbeiderparti, Marthe Scharning Lund, stiller seg sterkt kritisk til at fyrverkeriet droppes i \u00e5s.<\/p>\n<p>\u2013 Det er sv\u00e6rt skuffende at det ikke blir offentlig fyrverkeri i Oslo i \u00e5r. Nytt\u00e5rsaften er en av \u00e5rets store festdager, og fyrverkeriet er for mange en viktig del av dette, sier Scharning Lund til Nettavisen, og fortsetter:<\/p>\n<p>\u2013 For alle som bor innenfor Ring 2, der privat fyrverkeri er forbudt, er det offentlige fyrverkeriet det eneste samlepunktet for en felles nytt\u00e5rsfeiring. N\u00e5r dette forsvinner, tar det futtet ut av feiringen \u2013 bokstavelig talt.<\/p>\n<p>   <img decoding=\"async\" width=\"5496\" height=\"3602\" fetchpriority=\"low\"  loading=\"lazy\"  src=\"https:\/\/www.europesays.com\/no\/wp-content\/uploads\/2025\/12\/mM3V4CHkaYM.jpg\" alt=\"Oslo 20250101. &#10;Oslo kommune ringer det nyet \u00e5ret inn med et laser-lysshow fra r\u00e5dhuset, nytt\u00e5rsaften 2024 til 2025.&#10;Foto: Lise \u00c5serud \/ NTB\" class=\"brick-c-cFOWSL\" style=\"--brick-image-ratio: 5496 \/ 3602;\"\/><\/p>\n<p>      TRIST SKUE: Det var f\u00e5 som lot seg imponere av laserstr\u00e5lene som fylte himmelen ved R\u00e5dhusplassen i fjor.<br \/>\n      Foto: Lise \u00c5serud (NTB)\n    <\/p>\n<p>At ikke lasershowet fra i fjor gj\u00f8r sitt comeback er hun derimot glad for.<\/p>\n<p>Det eneste positive er at H\u00f8yrebyr\u00e5det ikke fors\u00f8ker seg p\u00e5 en ny runde med lasershow, etter fjor\u00e5rets fadese. Men \u00e5 bruke det som unnskyldning for \u00e5 droppe feiringen helt, holder ikke. At byr\u00e5det n\u00e5 fratar Oslofolk en tradisjon som betyr s\u00e5 mye, er rett og slett sm\u00e5lig.\u00a0<\/p>\n<p>Fadese i fjor<\/p>\n<p>Oslo kommune brukte to millioner kroner p\u00e5 \u00e5 sette opp et lysshow p\u00e5 R\u00e5dhusplassen i fjor, men det hele ble en gedigen fadese.<\/p>\n<p>\u2013 Det mest latterlige lysshowet jeg har sett, skrev en av byens innbyggere p\u00e5 Oslo kommunes Facebook-side.<\/p>\n","protected":false},"excerpt":{"rendered":"Det melder Aftenposten. Byr\u00e5dsleder Eirik Lae Solberg (H) forklarer at kommunen m\u00e5 spare penger og derfor ikke prioriterer&hellip;\n","protected":false},"author":2,"featured_media":107881,"comment_status":"","ping_status":"","sticky":false,"template":"","format":"standard","meta":{"footnotes":""},"categories":[5],"tags":[20,21,24,25,15,19,22,23,17,18,13,30,28,29,14,16,26,27],"class_list":{"0":"post-107880","1":"post","2":"type-post","3":"status-publish","4":"format-standard","5":"has-post-thumbnail","7":"category-overskrifter","8":"tag-breaking-news","9":"tag-breakingnews","10":"tag-featured-news","11":"tag-featurednews","12":"tag-headlines","13":"tag-hovedoppslag","14":"tag-latest-news","15":"tag-latestnews","16":"tag-main-news","17":"tag-mainnews","18":"tag-news","19":"tag-no","20":"tag-norge","21":"tag-norway","22":"tag-nyheter","23":"tag-overskrifter","24":"tag-top-stories","25":"tag-topstories"},"share_on_mastodon":{"url":"https:\/\/pubeurope.com\/@no\/115686062626700958","error":""},"_links":{"self":[{"href":"https:\/\/www.europesays.com\/no\/wp-json\/wp\/v2\/posts\/107880","targetHints":{"allow":["GET"]}}],"collection":[{"href":"https:\/\/www.europesays.com\/no\/wp-json\/wp\/v2\/posts"}],"about":[{"href":"https:\/\/www.europesays.com\/no\/wp-json\/wp\/v2\/types\/post"}],"author":[{"embeddable":true,"href":"https:\/\/www.europesays.com\/no\/wp-json\/wp\/v2\/users\/2"}],"replies":[{"embeddable":true,"href":"https:\/\/www.europesays.com\/no\/wp-json\/wp\/v2\/comments?post=107880"}],"version-history":[{"count":0,"href":"https:\/\/www.europesays.com\/no\/wp-json\/wp\/v2\/posts\/107880\/revisions"}],"wp:featuredmedia":[{"embeddable":true,"href":"https:\/\/www.europesays.com\/no\/wp-json\/wp\/v2\/media\/107881"}],"wp:attachment":[{"href":"https:\/\/www.europesays.com\/no\/wp-json\/wp\/v2\/media?parent=107880"}],"wp:term":[{"taxonomy":"category","embeddable":true,"href":"https:\/\/www.europesays.com\/no\/wp-json\/wp\/v2\/categories?post=107880"},{"taxonomy":"post_tag","embeddable":true,"href":"https:\/\/www.europesays.com\/no\/wp-json\/wp\/v2\/tags?post=107880"}],"curies":[{"name":"wp","href":"https:\/\/api.w.org\/{rel}","templated":true}]}}