{"id":107882,"date":"2025-12-08T21:26:09","date_gmt":"2025-12-08T21:26:09","guid":{"rendered":"https:\/\/www.europesays.com\/no\/107882\/"},"modified":"2025-12-08T21:26:09","modified_gmt":"2025-12-08T21:26:09","slug":"manchester-united-bruno-fernandes-kraftige-reaksjoner-etter-united-scoring-rot-tull-og-toys","status":"publish","type":"post","link":"https:\/\/www.europesays.com\/no\/107882\/","title":{"rendered":"Manchester United, Bruno Fernandes | Kraftige reaksjoner etter United-scoring: \u2013 Rot, tull og t\u00f8ys"},"content":{"rendered":"\n<p><b><a href=\"https:\/\/live.nettavisen.no\/fotball\/1\/2025-12-08\/kamp\/2636399\" rel=\"Follow nofollow noopener\" target=\"_blank\">WOLVERHAMPTON \u2013 MANCHESTER UNITED 1-3 (p\u00e5g\u00e5r):<\/a><\/b><\/p>\n<p>Bruno Fernandes sendte gjestene fra Manchester i ledelsen etter 25 minutters spill p\u00e5 Molineux.<\/p>\n<p>M\u00e5let kom etter alt annet enn imponerende forsvarsspill fra hjemmelaget.<\/p>\n<p><b>Kampen p\u00e5g\u00e5r: <a href=\"https:\/\/live.nettavisen.no\/fotball\/1\/2025-12-08\/kamp\/2636399\" rel=\"Follow nofollow noopener\" target=\"_blank\">F\u00f8lg den i Nettavisens livesenter <\/a><\/b><\/p>\n<p>\u2013 Fullstendig katastrofalt forsvarsspill av Wolverhampton, sier Viaplay-kommentator Eivind Bisgaard Sundet.<\/p>\n<p>\u2013 Et fortjent baklengsm\u00e5ls for Wolves, om noe s\u00e5nt finnes, for makan til rot, tull og t\u00f8ys, sier han videre.<\/p>\n<p>Pipekonsert etter United-scoring<\/p>\n<p>Fernandes mistet balansen i avslutnings\u00f8yeblikket og l\u00e5 nede p\u00e5 bakken da han avsluttet, men Wolves-forsvarerne kl\u00f8net det skikkelig til for seg og p\u00e5 litt uforklarlig vis klarte Uniteds kaptein \u00e5 krangle ballen over streken.<\/p>\n<p><b>Les ogs\u00e5: <a href=\"https:\/\/www.nettavisen.no\/sport\/arne-slot-om-salah-braket-en-overraskelse\/s\/5-95-2769750\" rel=\"Follow nofollow noopener\" target=\"_blank\">Arne Slot pepret med Salah-sp\u00f8rsm\u00e5l: \u2013 M\u00e5 reagere<\/a><\/b><\/p>\n<p>\u2013 Det bues rundt hele Molineux som en f\u00f8lge av hvordan det m\u00e5let kom, sier Sky Sports-profil Alan Smith.<\/p>\n<p>Bare noen minutter senere var gjestene n\u00e6r ved \u00e5 score sitt andre mot et vaklende forsvar, men denne gangen slapp Wolves med skrekken da Toti med n\u00f8d og neppe fikk ryddet unna Bryan Mbeumos avslutning med en man\u00f8ver p\u00e5 streken. <\/p>\n<p>Wolves slo tilbake rett f\u00f8r pause<\/p>\n<p>Gjestene fra Manchester kunne scoret b\u00e5de to og tre i l\u00f8pet av f\u00f8rste omgang, men de siste fem minuttene kom Wolves bedre med i kampen igjen og skapte noen farligheter foran nesa p\u00e5 United-keeper Serge Lammens. <\/p>\n<p>Og rett f\u00f8r pause lyktes det for vertene. Jean-Ricner Bellegarde styrte inn utligningsm\u00e5let for Wolves.<\/p>\n<p>David M\u00f8ller Wolfe var nest sist p\u00e5 ballen da lagkameraten s\u00f8rget for balanse i regnskapet til pausen. <\/p>\n<p>\u2013 Er det ikke utrolig. Wolves har sett ut som et komplett kaos, men de har kastet folk framover og United m\u00e5 betale prisen for at de ikke har utnyttet sjansene, sier Sky Sports-reporter Adam Bate.<\/p>\n<p>Manchester United tilbake i ledelsen <\/p>\n<p>Etter hvilen tok Manchester United tilbake ledelsen ved Mbeumo. Igjen etter svakt forsvarsspill fra hjemmelaget.<\/p>\n<p>Mason Mount s\u00f8rget for ytterligere UNited-jubel da han satte inn bortelagets tredje for kvelden etter 61 minutter. <\/p>\n","protected":false},"excerpt":{"rendered":"WOLVERHAMPTON \u2013 MANCHESTER UNITED 1-3 (p\u00e5g\u00e5r): Bruno Fernandes sendte gjestene fra Manchester i ledelsen etter 25 minutters spill&hellip;\n","protected":false},"author":2,"featured_media":107883,"comment_status":"","ping_status":"","sticky":false,"template":"","format":"standard","meta":{"footnotes":""},"categories":[59],"tags":[30,28,29,83,82],"class_list":{"0":"post-107882","1":"post","2":"type-post","3":"status-publish","4":"format-standard","5":"has-post-thumbnail","7":"category-sport","8":"tag-no","9":"tag-norge","10":"tag-norway","11":"tag-sport","12":"tag-sports"},"share_on_mastodon":{"url":"https:\/\/pubeurope.com\/@no\/115686066268483172","error":""},"_links":{"self":[{"href":"https:\/\/www.europesays.com\/no\/wp-json\/wp\/v2\/posts\/107882","targetHints":{"allow":["GET"]}}],"collection":[{"href":"https:\/\/www.europesays.com\/no\/wp-json\/wp\/v2\/posts"}],"about":[{"href":"https:\/\/www.europesays.com\/no\/wp-json\/wp\/v2\/types\/post"}],"author":[{"embeddable":true,"href":"https:\/\/www.europesays.com\/no\/wp-json\/wp\/v2\/users\/2"}],"replies":[{"embeddable":true,"href":"https:\/\/www.europesays.com\/no\/wp-json\/wp\/v2\/comments?post=107882"}],"version-history":[{"count":0,"href":"https:\/\/www.europesays.com\/no\/wp-json\/wp\/v2\/posts\/107882\/revisions"}],"wp:featuredmedia":[{"embeddable":true,"href":"https:\/\/www.europesays.com\/no\/wp-json\/wp\/v2\/media\/107883"}],"wp:attachment":[{"href":"https:\/\/www.europesays.com\/no\/wp-json\/wp\/v2\/media?parent=107882"}],"wp:term":[{"taxonomy":"category","embeddable":true,"href":"https:\/\/www.europesays.com\/no\/wp-json\/wp\/v2\/categories?post=107882"},{"taxonomy":"post_tag","embeddable":true,"href":"https:\/\/www.europesays.com\/no\/wp-json\/wp\/v2\/tags?post=107882"}],"curies":[{"name":"wp","href":"https:\/\/api.w.org\/{rel}","templated":true}]}}