{"id":107887,"date":"2025-12-08T21:32:08","date_gmt":"2025-12-08T21:32:08","guid":{"rendered":"https:\/\/www.europesays.com\/no\/107887\/"},"modified":"2025-12-08T21:32:08","modified_gmt":"2025-12-08T21:32:08","slug":"abid-raja-abida-raja-vg-ignorerte-alvorlige-forhold-i-sak-om-abid-rajas-mote-med-sin-far","status":"publish","type":"post","link":"https:\/\/www.europesays.com\/no\/107887\/","title":{"rendered":"Abid Raja, Abida Raja | VG ignorerte alvorlige forhold i sak om Abid Rajas m\u00f8te med sin far"},"content":{"rendered":"\n<p>I ankesaken mot eksmannen til Abida Raja har det denne uken kommet fram opplysninger som endrer hele bildet av VGs gladsak fra Pakistan i fjor.<\/p>\n<p>I fjor skrev nemlig VG om <a href=\"https:\/\/www.vg.no\/nyheter\/i\/wAw3gG\/abid-raja-hadde-ikke-sett-faren-paa-ni-aar-saa-fikk-han-en-uventet-telefon\" rel=\"nofollow noopener\" target=\"_blank\">Abid Raja som m\u00f8tte faren sin igjen etter mange \u00e5r<\/a>. Historien ble presentert som b\u00e5de r\u00f8rende og forsonende. Men i rettssaken som p\u00e5g\u00e5r i disse dager kommer det n\u00e5 fram at den samme reisen ogs\u00e5 handlet om noe helt annet.<\/p>\n<p><b>En bryllupsfest hvor det forel\u00e5 et dokument som meldte om fare for tvangsekteskap. <\/b><\/p>\n<p>Dette dokumentet hadde VG tilgang til f\u00f8r de publiserte saken, men likevel valgte de \u00e5 ikke nevne dette.<\/p>\n<p><b>*Se hva VG svarer nederst.<\/b><\/p>\n<p>            Sarah Gaulin<\/p>\n<p>Sarah Gaulin er daglig leder i Likestilling, integrering, mangfold (LIM). Hun er opprinnelig fra Iran, kom til Norge som syv\u00e5ring og vokste opp p\u00e5 S\u00f8ndre Nordstrand i Oslo. Hun har studert \u00f8konomi og forretningsjus p\u00e5 BI Nydalen og er engasjert i Arbeiderpartiet.<\/p>\n<p>  P\u00e5 slep i bryllup<\/p>\n<p>VGs politiske journalist Bj\u00f8rn Haugan ble med ned til Pakistan for \u00e5 dekke saken der Abid Raja skulle i bryllup og m\u00f8te sin far for \u00e5 f\u00e5 en unnskyldning. De involverte partene i bryllupet er n\u00e6re slektninger av Abid og Abida Raja og bryllupet var i stor grad utgangspunktet for at Abid Rajas m\u00f8te med faren fant sted.<\/p>\n<p><b>Det VG presenterte som en varm familiegjenforening, viser seg \u00e5 ha v\u00e6rt en reise fylt av flere alvorlige forhold som aldri ble nevnt for leserne. Dette kommer frem i Rettsal M22 i Oslo lagmannsrett denne uken. <\/b><\/p>\n<p>Det er uklart hvorfor VG deltok i bryllupet n\u00e5r de visste om de urovekkende forholdene.<\/p>\n<p>Et bekymringsfullt bryllup<\/p>\n<p>I retten forklarte et politivitne om bakgrunnen for bekymringen. Det startet i februar 2024 da en kvinne opps\u00f8kte den norske ambassaden i Islamabad og fortalte at en ung jente i familien ble giftet bort mot sin vilje. Hun \u00f8nsket \u00e5 v\u00e6re anonym. Hun oppga navn p\u00e5 far og datter.<\/p>\n<p>Flere i familien delte denne bekymringen. De v\u00e5get ikke \u00e5 st\u00e5 fram selv, men ba Abida Raja om \u00e5 levere dokumentet fordi hun var den eneste som turte. Abida gjorde det hun er juridisk forpliktet til. I Norge har alle avvergingsplikt n\u00e5r noen kan v\u00e6re utsatt for alvorlige lovbrudd. Hennes s\u00f8nn Jawad Raja fulgte senere opp og forklarte seg for politiet.<\/p>\n<p><b>Les ogs\u00e5 Sarah Gaulin: <a href=\"https:\/\/www.nettavisen.no\/norsk-debatt\/den-farlige-aren-grunnen-til-at-abida-raja-ble-trodd\/o\/5-95-2500461\" rel=\"Follow nofollow noopener\" target=\"_blank\">13 \u00e5r straff for 22 \u00e5r med mareritt<\/a><\/b><\/p>\n<p>Dokumentert utviklingshemming og tidligere vold<\/p>\n<p>I retten kom ogs\u00e5 f\u00f8lgende fram: Jenta som ble giftet bort har medisinsk dokumentasjon p\u00e5 utviklingshemming. Dette gj\u00f8r saken enda mer alvorlig. Det er en reell tvil om jenta kan samtykke til ekteskap.<\/p>\n<p><b>Faren til jenta nekter for at VG, Abid Raja og hans kone Nadia har deltatt i et bryllup der en norsk jente har blitt tvangsgiftet, kanskje arrangert gift. <\/b><\/p>\n<p>Politiet hadde ogs\u00e5 en sak der samme far var mistenkt for mishandling mot samme datter i 2017. Denne saken ble henlagt til tross for bekymringsmelding fra barnevernet.<\/p>\n<p>Selve ekteskapet ble inng\u00e5tt i 2022, men selve bryllupsfesten var i 2024. I retten forklarte faren at mannen hennes fortsatt ikke har f\u00e5tt oppholdstillatelse i Norge, og at hun blir sendt til Pakistan for \u00e5 v\u00e6re sammen med ham i flere m\u00e5neder av gangen. Jenta er f\u00f8dt og oppvokst i Norge, men giftet bort til n\u00e6r slektning p\u00e5 mors side av familien. Hun bor n\u00e5 i besteforeldrenes hjemland. Hun og hennes ektefelle har n\u00e5 f\u00e5tt et barn sammen.<\/p>\n<p>Gjorde bare sin plikt<\/p>\n<p>Bryllupsfesten, den store feiringen der hele familien var pyntet og samlet, ble holdt i 2024. VG var fysisk til stede i huset og blant de samme menneskene mens bekymringsdokumentet allerede l\u00e5 hos norske myndigheter. VG hadde f\u00e5tt det samme dokumentet tilsendt, men i motsetning til politiet valgte de \u00e5 ikke ta innover seg alvoret i dokumentet.<\/p>\n<p>Politiet vurderte dokumentet som s\u00e5 alvorlig at de \u00e5pnet etterforskning, mens VG valgte \u00e5 se bort fra det og utelot det fullstendig fra saken sin. Saken ble senere henlagt p\u00e5 grunn av bevisets stilling. I retten kom det dessverre ogs\u00e5 fram at flere kjente navn vitnet, ikke for \u00e5 uttrykke bekymring for jenta, men for \u00e5 spekulere negativt i hvorfor Abida leverte dokumentet til ambassaden. Abida gjorde bare sin plikt.<\/p>\n<p>Faren til jenta mente dette var en falsk anmeldelse og d\u00e5rlige intensjoner fra Abida Raja.<\/p>\n<p>Det som var nytt for ham, var at hun kun hadde videreformidlet informasjon p\u00e5 vegne av noen som sto ham n\u00e6r, fordi de selv ikke turte \u00e5 gj\u00f8re det.<\/p>\n<p><b>Les ogs\u00e5: <a href=\"https:\/\/www.nettavisen.no\/nyheter\/raja-mohammad-fayyaz-eksmannen-til-abida-raja-domt-til-13-ars-fengsel-for-voldtekter-og-mishandling\/s\/5-95-2498650\" rel=\"Follow nofollow noopener\" target=\"_blank\">Eksmannen til Abida Raja d\u00f8mt til 13 \u00e5rs fengsel<\/a><\/b><\/p>\n<p>Det VG ikke fortalte<\/p>\n<p>Det mest oppsiktsvekkende er likevel hva VG selv valgte bort.<\/p>\n<p><b>VG var med p\u00e5 reisen der bryllupsfesten fant sted, men valgte likevel \u00e5 aldri nevne selve festen, selv om alle p\u00e5 bildene tydelig er kledd for feiring. <\/b><\/p>\n<p>De kjente godt til familiekonfliktene. Det viser opptakene VG sitter p\u00e5, der faren til Abida skjeller henne ut og sier s\u00e5rende ting.<\/p>\n<p>VG var klar over at Abida var avinvitert fra festen. De visste at s\u00f8nnen fikk varme og tilgivelse, mens datteren ble m\u00f8tt med avvisning og kjeft. En unnskyldning kunne hun bare glemme.<\/p>\n<p>Likevel valgte VG \u00e5 fremstille faren som en moderne mann, VG valgte \u00e5 fortelle en fin og trygg historie i stedet for \u00e5 vise hele sannheten.<\/p>\n<p>Slik beskrev VG ham: \u00abPatriarken sitter der fortsatt stolt, men i en mer moderne og ydmyk utgave.\u00bb<\/p>\n<p>Etter min mening er ikke en mann som skjeller ut sin datter og nekter \u00e5 gi henne en unnskyldning, verken en moderne eller ydmyk mann.<\/p>\n<p><b>Les ogs\u00e5:<a href=\"https:\/\/www.nettavisen.no\/norsk-debatt\/13-ar-gammel-kone-pa-deltid\/o\/5-95-2750560\" rel=\"Follow nofollow noopener\" target=\"_blank\"> Et ord jeg aldri hadde h\u00f8rt f\u00f8r: Kone p\u00e5 deltid<\/a><\/b><\/p>\n<p>Annet alvor VG unnlot \u00e5 ta med<\/p>\n<p>Dette handler ikke om Abid Raja som person, men om journalistikk og ansvar. Det skal v\u00e6re helt klart at Abid Raja fortjente unnskyldningen han fikk fra faren sin. Men det samme gj\u00f8r ogs\u00e5 Abida Raja.<\/p>\n<p>VG unnlot ikke bare \u00e5 nevne det mulige tvangsekteskapet, de unnlot ogs\u00e5 \u00e5 vise hvordan faren behandlet Abida, VG visste at hun ble skjelt ut av faren. De visste at hun ble avinvitert fra festen de selv deltok p\u00e5. De var i dialog med henne, men valgte likevel \u00e5 ikke ta med hennes side av historien.<\/p>\n<p><b>Kanskje fordi det ville \u00f8delagt gladsaken de ville lage. Eller fordi historien allerede var bestilt, og alt som ikke passet inn ble lagt bort.<\/b><\/p>\n<p>Det m\u00e5 sies tydelig: En far blir ikke moderne av \u00e5 gi tilgivelse til s\u00f8nnen sin, mens datteren fortsatt er u\u00f8nsket og usynlig.<\/p>\n<p>Likestilling handler om hvordan man behandler alle barna sine, ikke bare dem som passer inn i en pen fortelling.<\/p>\n<p>VG skylder offentligheten en forklaring p\u00e5 hvorfor de valgte en historie som ikke samsvarer med det som n\u00e5 ligger \u00e5pent i retten. Dette er Norges st\u00f8rste avis som burde hatt bedre dekning.<\/p>\n<p>En \u00abmoderne\u00bb far i ankesaken<\/p>\n<p>Faren til Abid og Abida Raja skulle vitne i ankesaken mot datteren sin, til fordel for eksmannen. Han trakk seg p\u00e5 grunn av helsen, men det er likevel oppsiktsvekkende at mannen VG beskrev som moderne og ydmyk, \u00f8nsket \u00e5 st\u00f8tte en mann som er d\u00f8mt til 13 \u00e5rs fengsel i tingretten og som har anket dommen, og som n\u00e5 f\u00e5r saken sin behandlet i lagmannsretten.<\/p>\n<p>Historien gjentar seg igjen. I rettssakene til eksmannen til Abida Raja og barna s\u00e5 erkjenner faren deres vold mot barna, men han har kun sagt unnskyld til eldstes\u00f8nnen Jawad Raja.<\/p>\n<p>VG kunne ha valgt en vinkling med reell journalistisk tyngde. De hadde all informasjon n\u00f8dvendig for \u00e5 vise hvordan Abid ble m\u00f8tt av sin egen familie med unnskyldning og forsoning, mens Abida ble skj\u00f8vet ut.<\/p>\n<p>Dette er den egentlige historien, og at VG overs\u00e5 den, sier alt om deres prioriteringer.<\/p>\n<p>Abida blir igjen glemt og ignorert. Denne gangen av Norges st\u00f8rste mediehus.<\/p>\n<p><b>Nettavisen har sett dokumentasjon som bekrefter opplysninger i saken. <\/b><\/p>\n<p>VG svarer<\/p>\n<p>VG har f\u00e5tt tilbud om \u00e5 svare. Eva-Therese Gr\u00f8ttum, leder for nyhetsavdelingen, skriver f\u00f8lgende:<\/p>\n<p>\u00abVG publiserte i mars i fjor en sak om forsoningen mellom Abid Raja og hans far, Abdul Qayyum. I saken ble Qayyum konfrontert med en rekke alvorlige anklager om fysisk og psykisk vold mot Raja gjennom oppveksten. Qayyum anerkjente sine handlinger og \u00f8nsket \u00e5 beklage i offentligheten for \u00e5 inspirere til endring. Det mener vi er et viktig tema.<\/p>\n<p>Kronikken omtaler helt andre personer, forhold og hendelser, som ikke var tema i artikkelen. At vi ikke gikk inn i andre sider av familiens historie eller bakgrunn, handler om at saken var avgrenset til Raja og farens relasjon og forsoning.\u00bb<\/p>\n","protected":false},"excerpt":{"rendered":"I ankesaken mot eksmannen til Abida Raja har det denne uken kommet fram opplysninger som endrer hele bildet&hellip;\n","protected":false},"author":2,"featured_media":107888,"comment_status":"","ping_status":"","sticky":false,"template":"","format":"standard","meta":{"footnotes":""},"categories":[5],"tags":[20,21,24,25,15,19,22,23,17,18,13,30,28,29,14,16,26,27],"class_list":{"0":"post-107887","1":"post","2":"type-post","3":"status-publish","4":"format-standard","5":"has-post-thumbnail","7":"category-overskrifter","8":"tag-breaking-news","9":"tag-breakingnews","10":"tag-featured-news","11":"tag-featurednews","12":"tag-headlines","13":"tag-hovedoppslag","14":"tag-latest-news","15":"tag-latestnews","16":"tag-main-news","17":"tag-mainnews","18":"tag-news","19":"tag-no","20":"tag-norge","21":"tag-norway","22":"tag-nyheter","23":"tag-overskrifter","24":"tag-top-stories","25":"tag-topstories"},"share_on_mastodon":{"url":"https:\/\/pubeurope.com\/@no\/115686090192631360","error":""},"_links":{"self":[{"href":"https:\/\/www.europesays.com\/no\/wp-json\/wp\/v2\/posts\/107887","targetHints":{"allow":["GET"]}}],"collection":[{"href":"https:\/\/www.europesays.com\/no\/wp-json\/wp\/v2\/posts"}],"about":[{"href":"https:\/\/www.europesays.com\/no\/wp-json\/wp\/v2\/types\/post"}],"author":[{"embeddable":true,"href":"https:\/\/www.europesays.com\/no\/wp-json\/wp\/v2\/users\/2"}],"replies":[{"embeddable":true,"href":"https:\/\/www.europesays.com\/no\/wp-json\/wp\/v2\/comments?post=107887"}],"version-history":[{"count":0,"href":"https:\/\/www.europesays.com\/no\/wp-json\/wp\/v2\/posts\/107887\/revisions"}],"wp:featuredmedia":[{"embeddable":true,"href":"https:\/\/www.europesays.com\/no\/wp-json\/wp\/v2\/media\/107888"}],"wp:attachment":[{"href":"https:\/\/www.europesays.com\/no\/wp-json\/wp\/v2\/media?parent=107887"}],"wp:term":[{"taxonomy":"category","embeddable":true,"href":"https:\/\/www.europesays.com\/no\/wp-json\/wp\/v2\/categories?post=107887"},{"taxonomy":"post_tag","embeddable":true,"href":"https:\/\/www.europesays.com\/no\/wp-json\/wp\/v2\/tags?post=107887"}],"curies":[{"name":"wp","href":"https:\/\/api.w.org\/{rel}","templated":true}]}}