{"id":107889,"date":"2025-12-08T21:33:22","date_gmt":"2025-12-08T21:33:22","guid":{"rendered":"https:\/\/www.europesays.com\/no\/107889\/"},"modified":"2025-12-08T21:33:22","modified_gmt":"2025-12-08T21:33:22","slug":"slik-har-bodo-glimt-og-fokus-revolusjonert-norsk-fotball-med-datadrevet-spillerlogistikk","status":"publish","type":"post","link":"https:\/\/www.europesays.com\/no\/107889\/","title":{"rendered":"Slik har Bod\u00f8\/Glimt og Fokus revolusjonert norsk fotball med datadrevet spillerlogistikk"},"content":{"rendered":"<p>Vi skrur tiden tilbake til 17. januar 2024.\u00a0<\/p>\n<p>Dav\u00e6rende Glimt-spiss\u00a0Faris Pemi Moumbagna er s\u00e5 godt som klar for storklubben Marseille i en kjempeovergang verdt over 90 millioner kroner.\u00a0<\/p>\n<p>Dav\u00e6rende VIF-spiss Andrej Ilic ryktes inn. I et<a href=\"https:\/\/www.tv2.no\/sport\/fotball\/eliteserien\/glimts-storsalg-kan-sette-fyr-pa-norsk-fotball-skred-kan-ramme-vif-og-brann\/16383772\/\" rel=\"nofollow noopener\" target=\"_blank\"> intervju med TV 2<\/a>, bekrefter Glimt-sportssjef H\u00e5vard Sakariassen at han er i Oslo.<\/p>\n<p>Ikke for \u00e5 kj\u00f8pe serberen.\u00a0<\/p>\n<p>Men for \u00e5 ha \u00abet m\u00f8te med noen datagutter\u00bb. <\/p>\n<p>        <img class=\"image__img lazyload\" itemprop=\"image\" title=\"Foto: Rasmus Lie \/ TV 2\" alt=\"GLIMTS \u00abDATAGUTTER\u00bb: F.v.: Markus Malum Kim, Eliot Karlsen Strobel, Fredrik Bj\u00f8rnland, Lars Hegg Gundersen og Kristian Schnell. Foto: Rasmus Lie \/ TV 2\" width=\"675\" height=\"601\" bad-src=\"https:\/\/www.europesays.com\/no\/wp-content\/uploads\/2025\/12\/18318285.webp\" fetchpriority=\"auto\" \/><\/p>\n<p>      GLIMTS \u00abDATAGUTTER\u00bb: F.v.: Markus Malum Kim, Eliot Karlsen Strobel, Fredrik Bj\u00f8rnland, Lars Hegg Gundersen og Kristian Schnell.<br \/>\n         Foto: Rasmus Lie \/ TV 2<\/p>\n<p>\u2013 Kan v\u00e6re sexy<\/p>\n<p>P\u00e5 kontoret i Bogstadveien, en av Oslos travleste gater, henger det drakter fra flere eliteserielag, den svenske storklubben Djurg\u00e5rden og en bjelle.<\/p>\n<p>        Fakta: Dette er Fokus<\/p>\n<p> Et tekselskap fra Oslo <\/p>\n<p> Fem ansatte <\/p>\n<p>  Har utviklet en plattform for spillerlogistikk sammen med Bod\u00f8\/Glimt. <\/p>\n<p>Ved hjelp av et AI-verkt\u00f8y f\u00e5r klubber hjelp i prosessen rundt kj\u00f8p og salg av fotballspillere. I 2024 tegnet selskapet en avtale med norsk toppfotball.<\/p>\n<p>CEO, Lars Gundersen, forklarer: <\/p>\n<p>\u2013 Klubbledere, speidere og trenere logger inn i v\u00e5rt system og har oversikt over alle aktuelle fotballspillere i markedet sitt. Og s\u00e5 har vi en del ting som gj\u00f8r at det blir lett for dem \u00e5 samle informasjonen og gj\u00f8re gode beslutninger n\u00e5r det kommer til spillerlogistikk.<\/p>\n<p>\u2013 Vi er bare fem karer som liker fotball og koding, det er ikke s\u00e5 mye mer sexy enn det. Men det kan v\u00e6re sexy, sier daglig leder Lars Hegg Gundersen.\u00a0<\/p>\n<p>For hver avtale som landes, ringes det med bjella p\u00e5 kontoret.\u00a0<\/p>\n<p>Portef\u00f8ljen tidlig i november er p\u00e5 30 klubber.\u00a0<\/p>\n<p>De mener europaherred\u00f8mme er innen rekkevidde.<\/p>\n<p>I 2021 var Bod\u00f8\/Glimt mest interessert av eliteserieklubbene som svarte da Markus, Eliot og Lars, siste\u00e5rsstudenter ved NTNU, sendte en e-post og tilb\u00f8d sine tjenester.<\/p>\n<p>H\u00e5vard Sakariassen var interessert i \u00e5 bidra i guttas masteroppgave.<\/p>\n<p>\u2013 Han ringte etter ti sekunder og sa: \u00abVi var med\u00bb, husker Hegg Gundersen.\u00a0<\/p>\n<p>\u2013 Vi var nysgjerrige p\u00e5 hva data kunne gj\u00f8re for oss, sier Sakariassen i dag.<\/p>\n<p>Sportssjefen bekrefter at Glimt siden har investert tungt i Fokus. I dag eier de 25 prosent av selskapet.\u00a0<\/p>\n<p>\u2013 Strukturen i spillerlogistikken v\u00e5r har blitt bedre. Vi har laget et verkt\u00f8y vi bruker daglig i Glimt.\u00a0<\/p>\n<p>        <img class=\"image__img lazyload\" itemprop=\"image\" title=\"Foto: Yngve Sem Pedersen \/ TV 2\" alt=\"ET EKSEMPEL: Glimt-esset Albert Gr\u00f8nb\u00e6k ble hentet for 26 millioner kroner og solgt for 170 millioner to \u00e5r senere. \u2013 Han hadde ikke spilt s\u00e5 mange minutter i Danmark. Glimt tok en r\u00e5kjangs p\u00e5 ham. Han var ingen typisk datasignering, sier Hegg Gundersen. Foto: Yngve Sem Pedersen \/ TV 2\" width=\"675\" height=\"689\" bad-src=\"https:\/\/www.europesays.com\/no\/wp-content\/uploads\/2025\/12\/18318380.webp\" fetchpriority=\"auto\" \/><\/p>\n<p>      ET EKSEMPEL: Glimt-esset Albert Gr\u00f8nb\u00e6k ble hentet for 26 millioner kroner og solgt for 170 millioner to \u00e5r senere. \u2013 Han hadde ikke spilt s\u00e5 mange minutter i Danmark. Glimt tok en r\u00e5kjangs p\u00e5 ham. Han var ingen typisk datasignering, sier Hegg Gundersen.<br \/>\n         Foto: Yngve Sem Pedersen \/ TV 2<\/p>\n<p>        <img class=\"image__img lazyload\" itemprop=\"image\" title=\"Foto: DJURG\u00c5RDEN FOTBOLL\" alt=\"ET ANNET EKSEMPEL: Bo Hegland ble hentet fra Moss til Djurg\u00e5rden i sommer sammen med Mikael Anderson. \u2013 Det er spillere som var i Fokus, som vi fulgte. S\u00e5 inns\u00e5 vi liksom at det var en mulighet, har DIF-sportssjef Bosse Andersson uttalt til svenske Expressen. Foto: DJURG\u00c5RDEN FOTBOLL\" width=\"675\" height=\"601\" bad-src=\"https:\/\/www.europesays.com\/no\/wp-content\/uploads\/2025\/12\/18325148.webp\" fetchpriority=\"auto\" \/><\/p>\n<p>      ET ANNET EKSEMPEL: Bo Hegland ble hentet fra Moss til Djurg\u00e5rden i sommer sammen med Mikael Anderson. \u2013 Det er spillere som var i Fokus, som vi fulgte. S\u00e5 inns\u00e5 vi liksom at det var en mulighet, har DIF-sportssjef Bosse Andersson uttalt til svenske Expressen.<br \/>\n         Foto: DJURG\u00c5RDEN FOTBOLL<\/p>\n<p class=\"no_italic m-no_italic\" data-lab-italic=\"\">For\u00a0de tre sivilingeni\u00f8rene har livet endret seg siden 2025:\u00a0<\/p>\n<p class=\"no_italic m-no_italic\" data-lab-italic=\"\"> Forelesninger er byttet ut med ukentlige m\u00f8ter med fotballtopper i Norden.\u00a0<\/p>\n<p class=\"no_italic m-no_italic\" data-lab-italic=\"\"> De er ikke lenger tre masterstudenter, men fem fulltidsansatte.\u00a0<\/p>\n<p class=\"no_italic m-no_italic\" data-lab-italic=\"\"> De sa opp sine faste jobber for to \u00e5r siden, for \u00e5 satse maksimalt p\u00e5 Fokus.<\/p>\n<p>\u2013 Vi hadde jo v\u00e5re dr\u00f8mmer og ambisjoner\u00a0om \u00e5 ta det videre, men vi hadde ikke trodd at det skulle g\u00e5 s\u00e5nn som det gjorde, sier Hegg Gundersen.<\/p>\n<p>        <img class=\"image__img lazyload\" itemprop=\"image\" title=\"Foto: Rasmus Lie \/ TV 2\" alt=\"STYRER SJAPPA: Lars Hegg Gundersen. Foto: Rasmus Lie \/ TV 2\" width=\"675\" height=\"527\" bad-src=\"https:\/\/www.europesays.com\/no\/wp-content\/uploads\/2025\/12\/18318405.webp\" fetchpriority=\"auto\" \/><\/p>\n<p>      STYRER SJAPPA: Lars Hegg Gundersen.<br \/>\n         Foto: Rasmus Lie \/ TV 2<\/p>\n<p class=\"no_italic m-no_italic\" data-lab-italic=\"\">Om \u00f8konomien, svarer han:\u00a0<\/p>\n<p class=\"no_italic m-no_italic\" data-lab-italic=\"\">\u2013 Det koster \u00e5 drifte fem sivilingeni\u00f8rer med boligl\u00e5n i Oslo, men akkurat n\u00e5 g\u00e5r vi i null.\u00a0<\/p>\n<p class=\"italic m-italic\" data-lab-italic=\"italic\">\u2013 Vil du si at norske klubber har mye \u00e5 g\u00e5 p\u00e5 n\u00e5r det gjelder\u00a0speiding og det \u00e5 sette overgangsjobbing i\u00a0system?<\/p>\n<p>\u2013 Ja. Men det har egentlig v\u00e6rt et skifte de siste \u00e5rene \u2026 det er ikke s\u00e5 lenge siden Bod\u00f8\/Glimt omtrent ikke hadde speidere. Man har sett at det \u00e5 drive med god spillerlogistikk er helt avgj\u00f8rende for at klubben lykkes sportslig og finansielt, mener gr\u00fcnderen.\u00a0\u00a0<\/p>\n<p>      <img class=\"image__img lazyload\" itemprop=\"image\" title=\"Foto: Rasmus Lie \/ TV 2\" alt=\"OVERSIKT: Spillere f\u00e5r karakterer i ulike kategorier. Foto: Rasmus Lie \/ TV 2\" width=\"675\" height=\"777\" bad-src=\"https:\/\/www.europesays.com\/no\/wp-content\/uploads\/2025\/12\/18318420.webp\" fetchpriority=\"auto\" \/><\/p>\n<p>      OVERSIKT: Spillere f\u00e5r karakterer i ulike kategorier.<br \/>\n         Foto: Rasmus Lie \/ TV 2<\/p>\n<p>      <img class=\"image__img lazyload\" itemprop=\"image\" title=\"Foto: Rasmus Lie \/ TV 2\" alt=\"DISKUTERER: Fokus-gutta deler tanker om hvordan de kan utvikle plattformen videre. Foto: Rasmus Lie \/ TV 2\" width=\"978\" height=\"653\" bad-src=\"https:\/\/www.europesays.com\/no\/wp-content\/uploads\/2025\/12\/18318432.webp\" fetchpriority=\"auto\" \/><\/p>\n<p>      DISKUTERER: Fokus-gutta deler tanker om hvordan de kan utvikle plattformen videre.<br \/>\n         Foto: Rasmus Lie \/ TV 2<\/p>\n<p>      <img class=\"image__img lazyload\" itemprop=\"image\" title=\"Foto: Rasmus Lie \/ TV 2\" alt=\" Foto: Rasmus Lie \/ TV 2\" width=\"675\" height=\"480\" bad-src=\"https:\/\/www.europesays.com\/no\/wp-content\/uploads\/2025\/12\/18318440.webp\" fetchpriority=\"auto\" \/><\/p>\n<p>         Foto: Rasmus Lie \/ TV 2<\/p>\n<p>\u2013 Sportssjefen kj\u00f8per hvem han vil<\/p>\n<p>I m\u00f8te med toppklubber, b\u00e5de i Norge og i resten av Europa, har de latt seg overraske.\u00a0<\/p>\n<p>Hegg Gundersen drar opp et eksempel fra en toppklubb i Nederland:\u00a0<\/p>\n<p>\u2013 Det er helt sinnssyke fasiliteter, og det sitter 20 analytikere og ser p\u00e5 video og analyserer alt mulig. Men n\u00e5r det kommer til stykket, s\u00e5 sp\u00f8r vi dem litt om overganger. De er frustrerte, fordi sportssjefen bare kj\u00f8per hvem han vil uansett. Det var jo ganske\u00a0overraskende. <\/p>\n<p>\u2013 Hva vil du si er det viktigste for norske klubber\u00a0i jakten p\u00e5 nye spillere?<\/p>\n<p>\u2013 Av og til m\u00e5 man ta sjansen p\u00e5 noen tidlig. Hvis du venter til sesongen er ferdig, og ser hvem som spilte best i OBOS-ligaen i \u00e5r, har jo alle de blitt kj\u00f8pt av utenlandske klubber for to m\u00e5neder siden.\u00a0<\/p>\n<p>\u2013 Hvis det er en spiller som sl\u00e5r virkelig til i statistikken, s\u00e5 reis og se ham dagen etter. Og s\u00e5 kj\u00f8p ham. Ikke vent til alle andre har sett p\u00e5 spilleren, sier Hegg Gundersen.\u00a0<\/p>\n<p class=\"italic m-italic\" data-lab-italic=\"italic\">\u2013 Hvis du skal sp\u00e5 det neste store salget fra Eliteserien?<\/p>\n<p>Gundersen lister opp to navn:<\/p>\n<p> Edvin Austb\u00f8, Viking<\/p>\n<p>  Jens Hjert\u00f8-Dahl, Troms\u00f8<\/p>\n<p>\u2013 Austb\u00f8 scorer h\u00f8yt p\u00e5 de parameterne som klubber ser p\u00e5.\u00a0<\/p>\n<p>        <img class=\"image__img lazyload\" itemprop=\"image\" title=\"Foto: Michael Allen\/TV 2\" alt=\"STAVANGERS GULLKALV? Edvin Austb\u00f8 verdsettes h\u00f8yt i statistikken. Foto: Michael Allen\/TV 2\" width=\"675\" height=\"757\" bad-src=\"https:\/\/www.europesays.com\/no\/wp-content\/uploads\/2025\/12\/18318444.webp\" fetchpriority=\"auto\" \/><\/p>\n<p>      STAVANGERS GULLKALV? Edvin Austb\u00f8 verdsettes h\u00f8yt i statistikken.<br \/>\n         Foto: Michael Allen\/TV 2<\/p>\n<p>        <img class=\"image__img lazyload\" itemprop=\"image\" title=\"Foto: Daniel Berg Fosseng \/ TV 2\" alt=\"JUVEL: Jens Hjert\u00f8-Dahl. Foto: Daniel Berg Fosseng \/ TV 2\" width=\"675\" height=\"648\" bad-src=\"https:\/\/www.europesays.com\/no\/wp-content\/uploads\/2025\/12\/18325651.webp\" fetchpriority=\"auto\" \/><\/p>\n<p>      JUVEL: Jens Hjert\u00f8-Dahl.<br \/>\n         Foto: Daniel Berg Fosseng \/ TV 2<\/p>\n<p>B\u00e5de Sakariassen og Gundersen er klar p\u00e5 at mer enn data vurderes n\u00e5r klubber er p\u00e5 handletur.\u00a0<\/p>\n<p>\u2013 Det er mange faktorer som blir vurdert, sier Sakariassen.\u00a0<\/p>\n<p>\u2013 Hvis du ser p\u00e5 dataene til en fotballspiller, s\u00e5 klarer du bare \u00e5 fange opp en prosentandel av hele spilleren. Du kj\u00f8per ikke en spiller fordi han har bra stats. Du m\u00e5 se p\u00e5 hvordan holdningene og defensiv posisjonering er, forteller Hegg Gundersen.<\/p>\n<p>\u2013 Det er en del som er vanskelig i dataene. Men g\u00e5r du p\u00e5 offensive spillere i v\u00e5re modeller, kommer du til \u00e5 v\u00e6re enig med topplistene, mest sannsynlig.\u00a0<\/p>\n<p>\u2013 Det er en del av beslutningsgrunnlaget, mener han.<\/p>\n<p class=\"bold m-bold\" data-lab-font_weight=\"bold\">Onsdag kl. 21: Se Dortmund-Bod\u00f8\/Glimt p\u00e5 <a href=\"https:\/\/www.tv2.no\/livesport\/fotball\/kamper\/borussia-dortmund-bodoglimt\/39c8ec56-25d1-592e-accc-85dad8c2c084\/oversikt\" rel=\"nofollow noopener\" target=\"_blank\">TV 2 Play<\/a>.\u00a0<\/p>\n","protected":false},"excerpt":{"rendered":"Vi skrur tiden tilbake til 17. januar 2024.\u00a0 Dav\u00e6rende Glimt-spiss\u00a0Faris Pemi Moumbagna er s\u00e5 godt som klar for&hellip;\n","protected":false},"author":2,"featured_media":107890,"comment_status":"","ping_status":"","sticky":false,"template":"","format":"standard","meta":{"footnotes":""},"categories":[59],"tags":[30,28,29,83,82],"class_list":{"0":"post-107889","1":"post","2":"type-post","3":"status-publish","4":"format-standard","5":"has-post-thumbnail","7":"category-sport","8":"tag-no","9":"tag-norge","10":"tag-norway","11":"tag-sport","12":"tag-sports"},"share_on_mastodon":{"url":"https:\/\/pubeurope.com\/@no\/115686093824382355","error":""},"_links":{"self":[{"href":"https:\/\/www.europesays.com\/no\/wp-json\/wp\/v2\/posts\/107889","targetHints":{"allow":["GET"]}}],"collection":[{"href":"https:\/\/www.europesays.com\/no\/wp-json\/wp\/v2\/posts"}],"about":[{"href":"https:\/\/www.europesays.com\/no\/wp-json\/wp\/v2\/types\/post"}],"author":[{"embeddable":true,"href":"https:\/\/www.europesays.com\/no\/wp-json\/wp\/v2\/users\/2"}],"replies":[{"embeddable":true,"href":"https:\/\/www.europesays.com\/no\/wp-json\/wp\/v2\/comments?post=107889"}],"version-history":[{"count":0,"href":"https:\/\/www.europesays.com\/no\/wp-json\/wp\/v2\/posts\/107889\/revisions"}],"wp:featuredmedia":[{"embeddable":true,"href":"https:\/\/www.europesays.com\/no\/wp-json\/wp\/v2\/media\/107890"}],"wp:attachment":[{"href":"https:\/\/www.europesays.com\/no\/wp-json\/wp\/v2\/media?parent=107889"}],"wp:term":[{"taxonomy":"category","embeddable":true,"href":"https:\/\/www.europesays.com\/no\/wp-json\/wp\/v2\/categories?post=107889"},{"taxonomy":"post_tag","embeddable":true,"href":"https:\/\/www.europesays.com\/no\/wp-json\/wp\/v2\/tags?post=107889"}],"curies":[{"name":"wp","href":"https:\/\/api.w.org\/{rel}","templated":true}]}}