{"id":107892,"date":"2025-12-08T21:39:08","date_gmt":"2025-12-08T21:39:08","guid":{"rendered":"https:\/\/www.europesays.com\/no\/107892\/"},"modified":"2025-12-08T21:39:08","modified_gmt":"2025-12-08T21:39:08","slug":"ble-latterliggjort-na-er-det-slutt-dagbladet","status":"publish","type":"post","link":"https:\/\/www.europesays.com\/no\/107892\/","title":{"rendered":"Ble latterliggjort: N\u00e5 er det slutt &#8211; Dagbladet"},"content":{"rendered":"<ol>\n<li><a href=\"https:\/\/news.google.com\/rss\/articles\/CBMihgFBVV95cUxOcWxZOF9ucUlUUFl4Z2N2dDNoQmFQM1hHd1kxXzctMVIxdWZlQzdkUjBuanFiOFFqd1JPTW5EUy1VeU9HN1kwSm4xUE9zcy04ejNQWUEtdDd5MDMtYzhqLU95Ym9pcTIyRnhRUURsMjF3b1BFUHphNlZLMGxtUHNER1l6ejFmQQ?oc=5\" target=\"_blank\" rel=\"nofollow noopener\">Ble latterliggjort: N\u00e5 er det slutt<\/a>&nbsp;&nbsp;Dagbladet<\/li>\n<li><a href=\"https:\/\/news.google.com\/rss\/articles\/CBMimwFBVV95cUxNS0RwaUEtSU80aVplWHA4REhLMlViTzFiM1lrbG1uXzBwaElRZG9tMnRhdG40Qzk3RDZjUTNWMUM3NnlrQ1VUTUJLMlpaZ1F5Yk8zRW1iekVycWVBc195TDBvcnNqMzcxXzBxUVh1ZUR4LUhKVzVwTEpaTlhSZERHLWViVktCSUVXTXVjaGI2ZG1FOHNOVk5WQ1Y1cw?oc=5\" target=\"_blank\" rel=\"nofollow noopener\">Fjor\u00e5rets lysshow ble en fiasko. N\u00e5 kuttes det helt.<\/a>&nbsp;&nbsp;Aftenposten<\/li>\n<li><a href=\"https:\/\/news.google.com\/rss\/articles\/CBMihgFBVV95cUxNQXJXSFowZDJaWXliVGJScE1ITmRDSGI3SGRZTlZrNk5BcHRkS2x4WGhXVk9jaVFoRHEzWTQ0b0R2V3dWWTRaNjNkdmdwOEVzUmllMmljVlMwR1Vqem9OWFZ4bl9KNlRLTmh1UFJYZDBtZ2FpU0xMbXN0NEhCV0VQMXNYS0dmZw?oc=5\" target=\"_blank\" rel=\"nofollow noopener\">Oslo dropper nytt\u00e5rsshow p\u00e5 R\u00e5dhusplassen<\/a>&nbsp;&nbsp;VG<\/li>\n<li><a href=\"https:\/\/news.google.com\/rss\/articles\/CBMilAFBVV95cUxOam1ZZG1CX3BSMzA0cnhPeTZPRU9yY2NVazRDZHJWRkY4aGdFZ3oxemNTWlBtdTlYWkhKVkNvRjlxYjlfNTVISzBqeUJDRlFZeHhWWnE4aURnSkhtb2Z1aENXaF9uMENzU2NjZVJjeVB6RjE4TTNlczhVT3pfMmdQMVpXV3RnTXZFc2RCTFZFQl9TMkRl?oc=5\" target=\"_blank\" rel=\"nofollow noopener\">Ble latterliggjort: N\u00e5 tar Oslo grep<\/a>&nbsp;&nbsp;Nettavisen<\/li>\n<li><a href=\"https:\/\/news.google.com\/rss\/articles\/CBMiZ0FVX3lxTFBjd0J4WWJxSEg0U2F4WG5IQWJVcjFrcWd0UkR0R05ndTVEekJ2YTFRTERWbWFkR3VsWHZTWWt3YUdpVFdtRU1ZR0kwM3NoZWNpb1lCX3RTblVPRUZoNUNnWWMtSlVVa0k?oc=5\" target=\"_blank\" rel=\"nofollow noopener\">Oslo kommune dropper utskjelt lysshow p\u00e5 nytt\u00e5rsaften<\/a>&nbsp;&nbsp;Sol.no samler de viktigste nyhetene for deg!<\/li>\n<\/ol>\n","protected":false},"excerpt":{"rendered":"Ble latterliggjort: N\u00e5 er det slutt&nbsp;&nbsp;Dagbladet Fjor\u00e5rets lysshow ble en fiasko. N\u00e5 kuttes det helt.&nbsp;&nbsp;Aftenposten Oslo dropper nytt\u00e5rsshow&hellip;\n","protected":false},"author":2,"featured_media":107893,"comment_status":"","ping_status":"","sticky":false,"template":"","format":"standard","meta":{"footnotes":""},"categories":[5],"tags":[20,21,24,25,15,19,22,23,13380,13382,17,18,13,30,28,29,14,13381,16,26,27],"class_list":{"0":"post-107892","1":"post","2":"type-post","3":"status-publish","4":"format-standard","5":"has-post-thumbnail","7":"category-overskrifter","8":"tag-breaking-news","9":"tag-breakingnews","10":"tag-featured-news","11":"tag-featurednews","12":"tag-headlines","13":"tag-hovedoppslag","14":"tag-latest-news","15":"tag-latestnews","16":"tag-latterliggjort","17":"tag-lysshow","18":"tag-main-news","19":"tag-mainnews","20":"tag-news","21":"tag-no","22":"tag-norge","23":"tag-norway","24":"tag-nyheter","25":"tag-nyttarsaften","26":"tag-overskrifter","27":"tag-top-stories","28":"tag-topstories"},"share_on_mastodon":{"url":"https:\/\/pubeurope.com\/@no\/115686117408944371","error":""},"_links":{"self":[{"href":"https:\/\/www.europesays.com\/no\/wp-json\/wp\/v2\/posts\/107892","targetHints":{"allow":["GET"]}}],"collection":[{"href":"https:\/\/www.europesays.com\/no\/wp-json\/wp\/v2\/posts"}],"about":[{"href":"https:\/\/www.europesays.com\/no\/wp-json\/wp\/v2\/types\/post"}],"author":[{"embeddable":true,"href":"https:\/\/www.europesays.com\/no\/wp-json\/wp\/v2\/users\/2"}],"replies":[{"embeddable":true,"href":"https:\/\/www.europesays.com\/no\/wp-json\/wp\/v2\/comments?post=107892"}],"version-history":[{"count":0,"href":"https:\/\/www.europesays.com\/no\/wp-json\/wp\/v2\/posts\/107892\/revisions"}],"wp:featuredmedia":[{"embeddable":true,"href":"https:\/\/www.europesays.com\/no\/wp-json\/wp\/v2\/media\/107893"}],"wp:attachment":[{"href":"https:\/\/www.europesays.com\/no\/wp-json\/wp\/v2\/media?parent=107892"}],"wp:term":[{"taxonomy":"category","embeddable":true,"href":"https:\/\/www.europesays.com\/no\/wp-json\/wp\/v2\/categories?post=107892"},{"taxonomy":"post_tag","embeddable":true,"href":"https:\/\/www.europesays.com\/no\/wp-json\/wp\/v2\/tags?post=107892"}],"curies":[{"name":"wp","href":"https:\/\/api.w.org\/{rel}","templated":true}]}}