{"id":107897,"date":"2025-12-08T21:48:23","date_gmt":"2025-12-08T21:48:23","guid":{"rendered":"https:\/\/www.europesays.com\/no\/107897\/"},"modified":"2025-12-08T21:48:23","modified_gmt":"2025-12-08T21:48:23","slug":"det-toffeste-aret-i-livet-mitt","status":"publish","type":"post","link":"https:\/\/www.europesays.com\/no\/107897\/","title":{"rendered":"Det t\u00f8ffeste \u00e5ret i livet mitt"},"content":{"rendered":"<p class=\"kicker \" style=\"\">Prinsesse Catherines kreftsykdom<\/p>\n<p>  \u00c5pner seg om den vanskelige tiden.\u00a0<\/p>\n<p>\n    \u00c6RLIG: \u00c5penhet har ikke alltid v\u00e6rt det p\u00e5 det britiske kongehusets agenda. Etter intervjuet i 2025 sp\u00f8rs det om det kanskje blir annerledes. Her er prins William og prinsessen Catherine p\u00e5 bes\u00f8k p\u00e5 Mallon Farm i oktober 2025. FOTO:SplashNews.com\/NTB\n  <\/p>\n<p class=\"no_italic m-no_italic\" data-lab-italic=\"\">Never complain, never explain var det uoffisielle mottoet til n\u00e5 avd\u00f8de dronning Elizabeth II, og beskriver p\u00e5 mange m\u00e5ter verdighet og selvkontroll, og et \u00f8nske fra den kongelige familie om \u00e5 holde privatlivet privat.\u00a0<\/p>\n<p class=\"no_italic m-no_italic\" data-lab-italic=\"\">En som synes \u00e5 ha en annen tiln\u00e6rming til den kongelige oppgaven og til kontakten med folket, er dronningens barnebarn prins William, s\u00f8nn av prinsesse Diana som var kjent nettopp for sin evne til \u00e5 snakke med folk.\u00a0<\/p>\n<p>    <a itemprop=\"url\" href=\"https:\/\/www.kk.no\/livet\/dette-spiser-de-i-jula-1\/83934358\" rel=\"nofollow noopener\" target=\"_blank\"><\/p>\n<p>        <img loading=\"lazy\" decoding=\"async\" src=\"https:\/\/www.europesays.com\/no\/wp-content\/uploads\/2025\/12\/83934488.webp\" width=\"980\" height=\"441\" title=\"Dette spiser de i jula\" alt=\"\" class=\"lazyload\" style=\"--aspect-ratio-image: 2.22; \"\/><\/p>\n<p>        Dette spiser de i jula<\/p>\n<p>    <\/a><\/p>\n<p>\u00d8l med prinsen p\u00e5 puben\t<\/p>\n<p class=\"no_italic m-no_italic\" data-lab-italic=\"\">Da kronprins William, som ogs\u00e5 har tittelen Prinsen av Wales, i 2025 gjorde et intervju med den kanadiske komikeren og programlederen Eugene Levy, flagget han ikke sin bestemors slagord. Under intervjuet kom han tvert imot med mange uttalelser fra det private sf\u00e6re, som den britiske kongefamilien tidligere ikke har str\u00f8dd om seg med.<\/p>\n<p class=\"no_italic m-no_italic\" data-lab-italic=\"\">Eugene Levy skulle egentlig bes\u00f8ke London for \u00e5 filme reiseserien The reluctant traveler, da han skal ha f\u00e5tt et h\u00e5ndskrevet kort fra prins William, med invitasjon til en privat omvisning p\u00e5 Windsor castle.<\/p>\n<p class=\"no_italic m-no_italic\" data-lab-italic=\"\">Og for en omvisning det ble! Prins William kom susende over slottsplassen p\u00e5 el-sparkesykkel for \u00e5 m\u00f8te Levy, og etter en omvisning i det imponerende slottet, som har v\u00e6rt bebodd av regenter i over 500 \u00e5r, inviterte prinsen like godt programlederen\u00a0 med seg p\u00e5 en pub like nedi gata i sm\u00e5byen Windsor.\u00a0<\/p>\n<p>    <a itemprop=\"url\" href=\"https:\/\/www.kk.no\/mote\/hylles-for-dette-geniale-trikset\/83883484\" rel=\"nofollow noopener\" target=\"_blank\"><\/p>\n<p>        <img loading=\"lazy\" decoding=\"async\" src=\"https:\/\/www.europesays.com\/no\/wp-content\/uploads\/2025\/12\/1765230500_562_83883578.webp\" width=\"147\" height=\"100\" title=\"Hylles for dette geniale trikset\" alt=\"\" class=\"lazyload\" style=\"--aspect-ratio-image: 1.47; \"\/><\/p>\n<p>        Hylles for dette geniale trikset<\/p>\n<p>    <\/a><\/p>\n<p>T\u00f8ffeste \u00e5ret\t<\/p>\n<p class=\"no_italic m-no_italic\" data-lab-italic=\"\">Over en \u00f8l og en Guiness, spurte Levy om William kan bli overveldet av gjerningen som ligger foran ham. William svarte at han sjelden blir overveldet av jobben. Det som imidlertid kan f\u00e5 ham til \u00e5 f\u00f8le seg overveldet, er \u00f8nsket om \u00e5 beskytte familien.\u00a0\u00a0<\/p>\n<p class=\"no_italic m-no_italic\" data-lab-italic=\"\">Han siktet da til kona Catherines\u00a0 kreftsykdom, og hans far kong Charles som fikk kreft samme \u00e5r.\u00a0<\/p>\n<p>&#8211; Jeg vil si at 2024 var det t\u00f8ffeste \u00e5ret i livet mitt. \u00c5 pr\u00f8ve \u00e5 sjonglere det \u00e5 beskytte barna, Catherine, faren min. Men han (kong Charles, journ.anm.) er gammel nok til \u00e5 beskytte seg selv ogs\u00e5.<\/p>\n<p>Der dronning Elizabeth i 1992 kalte \u00e5ret med rojale skilsmisser, skandaler og brann p\u00e5 Windsor castle for et\u00a0Annus Horribilis, valgte prins William i 2025 \u00e5 dele langt mer:\u00a0\u00a0<\/p>\n<p>&#8211; I en familie m\u00e5 du ha trygghet, kj\u00e6rlighet og en f\u00f8lelse av sikkerhet, sa han og utdypet at det er s\u00e6rlig viktig for ham \u00e5 gi barna en mest mulig normal hverdag.\u00a0<\/p>\n<p>    <a itemprop=\"url\" href=\"https:\/\/www.kk.no\/underholdning\/dette-betyr-pamelas-finske-etternavn\/83939507\" rel=\"nofollow noopener\" target=\"_blank\"><\/p>\n<p>        <img loading=\"lazy\" decoding=\"async\" src=\"https:\/\/www.europesays.com\/no\/wp-content\/uploads\/2025\/12\/83940025.webp\" width=\"147\" height=\"98\" title=\"Derfor f\u00e5r Pamela Anderson ikke  bytte til det finske navnet\" alt=\"\" class=\"lazyload\" style=\"--aspect-ratio-image: 1.50; \"\/><\/p>\n<p>        Derfor f\u00e5r Pamela Anderson ikke\u00a0 bytte til det finske navnet\u00a0<\/p>\n<p>    <\/a><\/p>\n<p>Rykter om skilsmisse\t<\/p>\n<p>F\u00f8r prinsesse Catherine sto frem med kreftdiagnosen, hadde ryktene florert om hennes frav\u00e6r, og p\u00e5 sosiale medier ble det spekulert i utroskap og tr\u00f8bbel i ekteskapet. William kommenterte ryktespredning og medietrykk i intervjuet med Levy\u00a0 og fortalte at det noen ganger er aspekter ved jobben som gj\u00f8r det t\u00f8ft.\u00a0<\/p>\n<p>Intervjuet beskrives av mange som det mest \u00e5penhjertige prins William noen gang har gitt. Om kongehusets rolle i den moderen tid, sa han:\u00a0<\/p>\n<p>    <a itemprop=\"url\" href=\"https:\/\/www.kk.no\/underholdning\/kongen-med-sot-hyllest-til-kate\/80791963\" rel=\"nofollow noopener\" target=\"_blank\"><\/p>\n<p>        <img loading=\"lazy\" decoding=\"async\" src=\"https:\/\/www.europesays.com\/no\/wp-content\/uploads\/2025\/12\/80792474.webp\" width=\"980\" height=\"441\" title=\"Kongen med s\u00f8t hyllest til Kate\" alt=\"\" class=\"lazyload\" style=\"--aspect-ratio-image: 2.22; \"\/><\/p>\n<p>        Kongen med s\u00f8t hyllest til Kate<\/p>\n<p>    <\/a><\/p>\n<p>&#8211; Endringer er p\u00e5 agendaen min. Endringer til det bedre.\u00a0 Jeg setter pris p\u00e5 en slik endring. Jeg frykter det ikke, det er den delen jeg synes er spennende. Det \u00e5 kunne gj\u00f8re noen endringer. Ikke alt for radikale, men endringer som jeg tror er n\u00f8dvendige, sa William og gikk langt i \u00e5 stille sp\u00f8rsm\u00e5l om enkelte tradisjoner er form\u00e5lstjenlige i dag.\u00a0<\/p>\n<p>Prinsen lettet ogs\u00e5 p\u00e5 sl\u00f8ret om livet med tre sm\u00e5 barn, og r\u00f8pet at prins George (12), prinsesse Charlotte (10) og prins Louis (7)\u00a0elsker \u00e5 hoppe p\u00e5 trampoline. Han fortalte videre at familien p\u00e5 fem spiser m\u00e5ltidene sammen:\u00a0<\/p>\n<p class=\"font-weight-bold m-font-weight-bold\" data-lab-font_weight=\"font-weight-bold\">&#8211; Vi sitter og prater sammen. Ingen av barna v\u00e5re har telefoner, det er vi veldig strenge p\u00e5.<\/p>\n<p>    <a itemprop=\"url\" href=\"https:\/\/www.kk.no\/underholdning\/gjor-comeback-i-grease\/83934992\" rel=\"nofollow noopener\" target=\"_blank\"><\/p>\n<p>        <img loading=\"lazy\" decoding=\"async\" src=\"https:\/\/www.europesays.com\/no\/wp-content\/uploads\/2025\/12\/83935054.webp\" width=\"147\" height=\"98\" title=\"Gj\u00f8r comeback i \u00abGrease\u00bb\" alt=\"\" class=\"lazyload\" style=\"--aspect-ratio-image: 1.50; \"\/><\/p>\n<p>        Gj\u00f8r comeback i \u00abGrease\u00bb<\/p>\n<p>    <\/a><\/p>\n","protected":false},"excerpt":{"rendered":"Prinsesse Catherines kreftsykdom \u00c5pner seg om den vanskelige tiden.\u00a0 \u00c6RLIG: \u00c5penhet har ikke alltid v\u00e6rt det p\u00e5 det&hellip;\n","protected":false},"author":2,"featured_media":107898,"comment_status":"","ping_status":"","sticky":false,"template":"","format":"standard","meta":{"footnotes":""},"categories":[58],"tags":[1893,71,525,4758,1401,30,28,29,13383,1185,72],"class_list":{"0":"post-107897","1":"post","2":"type-post","3":"status-publish","4":"format-standard","5":"has-post-thumbnail","7":"category-underholdning","8":"tag-det-britiske-kongehuset","9":"tag-entertainment","10":"tag-familie","11":"tag-kate-middleton","12":"tag-kreft","13":"tag-no","14":"tag-norge","15":"tag-norway","16":"tag-prins-william-og-kate","17":"tag-sykdom","18":"tag-underholdning"},"share_on_mastodon":{"url":"https:\/\/pubeurope.com\/@no\/115686153245300446","error":""},"_links":{"self":[{"href":"https:\/\/www.europesays.com\/no\/wp-json\/wp\/v2\/posts\/107897","targetHints":{"allow":["GET"]}}],"collection":[{"href":"https:\/\/www.europesays.com\/no\/wp-json\/wp\/v2\/posts"}],"about":[{"href":"https:\/\/www.europesays.com\/no\/wp-json\/wp\/v2\/types\/post"}],"author":[{"embeddable":true,"href":"https:\/\/www.europesays.com\/no\/wp-json\/wp\/v2\/users\/2"}],"replies":[{"embeddable":true,"href":"https:\/\/www.europesays.com\/no\/wp-json\/wp\/v2\/comments?post=107897"}],"version-history":[{"count":0,"href":"https:\/\/www.europesays.com\/no\/wp-json\/wp\/v2\/posts\/107897\/revisions"}],"wp:featuredmedia":[{"embeddable":true,"href":"https:\/\/www.europesays.com\/no\/wp-json\/wp\/v2\/media\/107898"}],"wp:attachment":[{"href":"https:\/\/www.europesays.com\/no\/wp-json\/wp\/v2\/media?parent=107897"}],"wp:term":[{"taxonomy":"category","embeddable":true,"href":"https:\/\/www.europesays.com\/no\/wp-json\/wp\/v2\/categories?post=107897"},{"taxonomy":"post_tag","embeddable":true,"href":"https:\/\/www.europesays.com\/no\/wp-json\/wp\/v2\/tags?post=107897"}],"curies":[{"name":"wp","href":"https:\/\/api.w.org\/{rel}","templated":true}]}}