{"id":107903,"date":"2025-12-08T22:01:33","date_gmt":"2025-12-08T22:01:33","guid":{"rendered":"https:\/\/www.europesays.com\/no\/107903\/"},"modified":"2025-12-08T22:01:33","modified_gmt":"2025-12-08T22:01:33","slug":"debatt-bygg-og-anlegg-nar-vi-mister-de-som-bygger-norge","status":"publish","type":"post","link":"https:\/\/www.europesays.com\/no\/107903\/","title":{"rendered":"Debatt, Bygg og anlegg | N\u00e5r vi mister de som bygger Norge"},"content":{"rendered":"\n<p>Leiv Peter Blakstad<\/p>\n<p>RegionsjefMaskinentrepren\u00f8renes Forbund Region \u00d8stStore deler av den norske anleggsbransjen har st\u00e5tt gjennom en tre \u00e5r lang krise. Taperne er ikke bare de ansatte og entrepren\u00f8rene. Hele Norge taper n\u00e5r vi risikerer \u00e5 miste de som rydder sn\u00f8, legger avl\u00f8psr\u00f8r, bygger veier og s\u00f8rger for fellesskapets s\u00e5rt tiltrengte infrastruktur.<\/p>\n<p>Krisen i anleggsbransjen er p\u00e5 mange m\u00e5ter Norges tause krise. Maskinentrepren\u00f8rene roper ikke, klager ikke, syter ikke. De st\u00e5r opp om morgenen, starter maskinene og utf\u00f8rer de oppdragene de har. Til tross for mer enn tre \u00e5r med sv\u00e6rt krevende \u00f8konomi har de fleste holdt ut. De har hatt troen p\u00e5 signalene om rentenedgang og oppgang i \u00f8konomien.<\/p>\n<p>Men veksten i norsk \u00f8konomi har ikke n\u00e5dd v\u00e5r bransje. Det er nesten ingen lyspunkter \u00e5 se.<\/p>\n<p>Dyrtiden, utl\u00f8st av Russlands angrep p\u00e5 Ukraina, fortsetter.Alt materiell og drivstoff har blitt dyrere.Boligbyggingen har stoppet opp.Svak kommune\u00f8konomi bremser investeringene i landets kommuner og fylkeskommuner.Vi ser heller ingen tegn til rask rentenedgang som kunne f\u00e5tt fart p\u00e5 investeringene.<\/p>\n<p>Fram til n\u00e5 har de lokale entrepren\u00f8rbedriftene holdt hodet over vannet ved \u00e5 jobbe enda smartere, enda hardere og med enda lavere fortjeneste. Det er beundringsverdig. I tillegg vet vi at en god del bedrifter legger ned virksomheten frivillig for \u00e5 unng\u00e5 konkurs.<\/p>\n<p>N\u00e5 frykter vi som jobber tett p\u00e5 denne n\u00e6ringen at 2026 kan bli et usedvanlig tungt \u00e5r med permitteringer og konkurser.<\/p>\n<p>Hvorfor er dette s\u00e5 alvorlig? <\/p>\n<p>Fordi disse bedriftene er ryggraden i beredskapen v\u00e5r. Det er de som br\u00f8yter veiene vi alle er avhengige av for \u00e5 komme oss p\u00e5 jobb. Det er de som rykker ut n\u00e5r uv\u00e6ret rammer og bidrar til \u00e5 begrense skadene. Og det er de som sikrer at vann og avl\u00f8p fungerer \u2013 helt grunnleggende tjenester for samfunnet.<\/p>\n<p>I tillegg er dette sv\u00e6rt viktige arbeidsgivere i distrikts Norge. N\u00e5r de forsvinner, forsvinner ogs\u00e5 arbeidsplasser og kompetanse som vi ikke kan erstatte over natten.<\/p>\n<p>Den viktigste \u00e5rsaken til dagens situasjon er klar: Kommuner og fylkeskommuner har hatt sv\u00e6rt d\u00e5rlig \u00f8konomi de siste \u00e5rene. Det har f\u00f8rt til at vedlikehold av veier, vann- og avl\u00f8psarbeid og utbygging har blitt nedprioritert. N\u00e5r oppdragene uteblir, stopper hjulene i anleggsbransjen.<\/p>\n<p>Dette er ikke bare en krise for bedriftene \u2013 det er en krise for beredskapen, for distriktene og for hele samfunnet. Vi m\u00e5 ta dette p\u00e5 alvor f\u00f8r det er for sent.<\/p>\n<p>Senterpartiet fikk i budsjettforhandlingene \u00f8kt midlene til b\u00e5de fylkeskommunene og kommunene. Dette er frie midler, som betyr at deler av dem ogs\u00e5 m\u00e5 brukes til \u00e5 redde de viktige beredskapsakt\u00f8rene i kommunene og sikre lokal sysselsetting. Kommunepolitikerne m\u00e5 huske at uten beredskap p\u00e5 v\u00e5rt felt og uten lokale arbeidsplasser vil kommunene svekkes p\u00e5 lengre sikt.<\/p>\n<p>Vi forventer at kommunene n\u00e5 f\u00e5r jobbene ut. Det er ingen tid \u00e5 miste.<\/p>\n","protected":false},"excerpt":{"rendered":"Leiv Peter Blakstad RegionsjefMaskinentrepren\u00f8renes Forbund Region \u00d8stStore deler av den norske anleggsbransjen har st\u00e5tt gjennom en tre \u00e5r&hellip;\n","protected":false},"author":2,"featured_media":107904,"comment_status":"","ping_status":"","sticky":false,"template":"","format":"standard","meta":{"footnotes":""},"categories":[10],"tags":[36,20,21,1519,37,24,25,15,22,23,13384,13,30,28,29,14,1533,16,26,27],"class_list":{"0":"post-107903","1":"post","2":"type-post","3":"status-publish","4":"format-standard","5":"has-post-thumbnail","7":"category-norge","8":"tag-art","9":"tag-breaking-news","10":"tag-breakingnews","11":"tag-bygg-og-anlegg","12":"tag-debatt","13":"tag-featured-news","14":"tag-featurednews","15":"tag-headlines","16":"tag-latest-news","17":"tag-latestnews","18":"tag-maskinentreprenorenes-forbund","19":"tag-news","20":"tag-no","21":"tag-norge","22":"tag-norway","23":"tag-nyheter","24":"tag-opinion","25":"tag-overskrifter","26":"tag-top-stories","27":"tag-topstories"},"share_on_mastodon":{"url":"https:\/\/pubeurope.com\/@no\/115686204020192246","error":""},"_links":{"self":[{"href":"https:\/\/www.europesays.com\/no\/wp-json\/wp\/v2\/posts\/107903","targetHints":{"allow":["GET"]}}],"collection":[{"href":"https:\/\/www.europesays.com\/no\/wp-json\/wp\/v2\/posts"}],"about":[{"href":"https:\/\/www.europesays.com\/no\/wp-json\/wp\/v2\/types\/post"}],"author":[{"embeddable":true,"href":"https:\/\/www.europesays.com\/no\/wp-json\/wp\/v2\/users\/2"}],"replies":[{"embeddable":true,"href":"https:\/\/www.europesays.com\/no\/wp-json\/wp\/v2\/comments?post=107903"}],"version-history":[{"count":0,"href":"https:\/\/www.europesays.com\/no\/wp-json\/wp\/v2\/posts\/107903\/revisions"}],"wp:featuredmedia":[{"embeddable":true,"href":"https:\/\/www.europesays.com\/no\/wp-json\/wp\/v2\/media\/107904"}],"wp:attachment":[{"href":"https:\/\/www.europesays.com\/no\/wp-json\/wp\/v2\/media?parent=107903"}],"wp:term":[{"taxonomy":"category","embeddable":true,"href":"https:\/\/www.europesays.com\/no\/wp-json\/wp\/v2\/categories?post=107903"},{"taxonomy":"post_tag","embeddable":true,"href":"https:\/\/www.europesays.com\/no\/wp-json\/wp\/v2\/tags?post=107903"}],"curies":[{"name":"wp","href":"https:\/\/api.w.org\/{rel}","templated":true}]}}