{"id":107905,"date":"2025-12-08T22:02:11","date_gmt":"2025-12-08T22:02:11","guid":{"rendered":"https:\/\/www.europesays.com\/no\/107905\/"},"modified":"2025-12-08T22:02:11","modified_gmt":"2025-12-08T22:02:11","slug":"romte-fra-bastoy-fengsel-pagrepet-i-sverige","status":"publish","type":"post","link":"https:\/\/www.europesays.com\/no\/107905\/","title":{"rendered":"R\u00f8mte fra Bast\u00f8y fengsel \u2013 p\u00e5grepet i Sverige"},"content":{"rendered":"\n<p class=\"_lead_o9xde_2 _lead_xtcu6_50 layout-component text-serif-m layout-normal text-serif-l layout-component layout-wide layout-padded _wide_17hqh_1 layout-padded\">Serberen hadde bare m\u00e5neder igjen av soningen da han r\u00f8mte.<\/p>\n<p><img alt=\"P\u00e5 Bast\u00f8y soner de innsatte i sm\u00e5hus rundt om p\u00e5 \u00f8yen. Bildet er tatt i forbindelse med en VG-reportasje i 2014. Foto: Helge Mikalsen \/ VG\" class=\"_image_qp4xg_65 layout-component layout-wide\" data-fullscreen- data-track-element-type=\"Article image fullscreen\" data-track-name=\"ImageFullscreen\" fetchpriority=\"high\" decoding=\"sync\" loading=\"eager\" height=\"3176\" itemprop=\"image\"  src=\"https:\/\/www.europesays.com\/no\/wp-content\/uploads\/2025\/12\/31064785-5b02-479c-a134-a4cccdc2c7e8\"  style=\"object-position:0% 0%\" width=\"4808\"\/>P\u00e5 Bast\u00f8y soner de innsatte i sm\u00e5hus rundt om p\u00e5 \u00f8yen. Bildet er tatt i forbindelse med en VG-reportasje i 2014. Foto: Helge Mikalsen \/ VG<\/p>\n<ul aria-hidden=\"true\" class=\"_images_ntbth_112\">\n<li><a class=\"_link_ntbth_117\" href=\"https:\/\/www.vg.no\/forfatter\/ingrid-bjoerndal-farestvedt\" style=\"z-index:1\" title=\"Ingrid Bj\u00f8rndal Farestvedt\" rel=\"nofollow noopener\" target=\"_blank\"><img alt=\"Bilde av Ingrid Bj\u00f8rndal Farestvedt\" class=\"_image_ntbth_93\" fetchpriority=\"low\" loading=\"lazy\" decoding=\"async\" itemprop=\"image\"  src=\"https:\/\/www.europesays.com\/no\/wp-content\/uploads\/2025\/12\/1765231329_141_0ca626e9-b4bd-4417-836d-161b53cb789f\"  width=\"480\"\/><\/a><\/li>\n<\/ul>\n<p> Oppdatert mandag 8. desember kl. 22:33     <\/p>\n<p class=\"_paragraph_o9xde_4 _paragraph_xtcu6_10 layout-component text-serif-m layout-normal text-serif-m layout-padded\">En serber i 30-\u00e5rene som r\u00f8mte fra Bast\u00f8y fengsel i slutten av oktober, er n\u00e5 p\u00e5grepet i <a href=\"https:\/\/www.vg.no\/tag\/sverige?utm_source=vg-article&amp;utm_medium=auto-tagger&amp;utm_campaign=wrEKLo\" class=\"_link_o9xde_39\" rel=\"nofollow noopener\" target=\"_blank\">Sverige<\/a>, melder <a href=\"https:\/\/www.tv2.no\/nyheter\/innenriks\/mannen-som-romte-fra-bastoy-fengsel-er-pagrepet-i-sverige\/18362800\/\" class=\"_link_o9xde_39\" rel=\"nofollow noopener\" target=\"_blank\">TV 2<\/a>.<\/p>\n<p class=\"_paragraph_o9xde_4 _paragraph_xtcu6_10 layout-component text-serif-m layout-normal text-serif-m layout-padded\"><strong class=\"_strong_o9xde_25\"><a href=\"https:\/\/www.vg.no\/nyheter\/i\/alXe45\/fange-har-roemt-fra-bastoey-fengsel-har-ikke-tatt-vaar-baat\" data-track-element-type=\"Link\" data-track-id=\"link:alXe45\" class=\"_link_o9xde_39\" rel=\"nofollow noopener\" target=\"_blank\">Mannen forsvant<\/a> under kveldsopptellingen l\u00f8rdag 26. oktober.<\/strong><\/p>\n<p class=\"_paragraph_o9xde_4 _paragraph_xtcu6_10 layout-component text-serif-m layout-normal text-serif-m layout-padded\">N\u00e5 sitter den innsatte fengslet i Sverige, bekrefter politiadvokat Jon Inge Engesmo:<\/p>\n<p class=\"_paragraph_o9xde_4 _paragraph_xtcu6_10 layout-component text-serif-m layout-normal text-serif-m layout-padded\">\u2013 Han ble p\u00e5grepet i Sverige etter noen dager p\u00e5 r\u00f8mmen. Vi har sendt en nordisk arrestordre og bedt om at han blir utlevert til Norge. N\u00e5 sitter han fengslet med grunnlag i en svensk sak, sier han til <a href=\"https:\/\/www.tv2.no\/nyheter\/innenriks\/mannen-som-romte-fra-bastoy-fengsel-er-pagrepet-i-sverige\/18362800\/\" class=\"_link_o9xde_39\" rel=\"nofollow noopener\" target=\"_blank\">TV 2<\/a>.<\/p>\n<p>   <img decoding=\"async\" alt=\"Tips oss illustrasjon\" src=\"https:\/\/www.europesays.com\/no\/wp-content\/uploads\/2025\/10\/pssst-small.webp.webp\"\/>    <\/p>\n<p class=\"title-serif-s\">Har du tips?<\/p>\n<p class=\"text-sans-m\">Send oss informasjon, bilder eller video.<\/p>\n<p>  <a href=\"https:\/\/www.vg.no\/tips-oss\" rel=\"nofollow noopener\" target=\"_blank\"> Tips oss <\/a>   <\/p>\n<p class=\"_paragraph_o9xde_4 _paragraph_xtcu6_10 layout-component text-serif-m layout-normal text-serif-m layout-padded\">Engesmo er ikke kjent med hva denne saken gjelder.<\/p>\n<p class=\"_paragraph_o9xde_4 _paragraph_xtcu6_10 layout-component text-serif-m layout-normal text-serif-m layout-padded\">\u2013 Svenske myndigheter har sagt at de tar sikte p\u00e5 \u00e5 f\u00e5 den saken avgjort f\u00f8r det er aktuelt \u00e5 utlevere ham til Norge, sier han.<\/p>\n<p class=\"_paragraph_o9xde_4 _paragraph_xtcu6_10 layout-component text-serif-m layout-normal text-serif-m layout-padded\">Serberen sonet en dom p\u00e5 seks og et halvt \u00e5r for grov hvitvasking av 13 millioner kroner i narkotikapenger. Pengene stammet fra innf\u00f8rsel av over 20 kilo kokain som ble fraktet over grensen fra Sverige i 2021.<\/p>\n<p class=\"_paragraph_o9xde_4 _paragraph_xtcu6_10 layout-component text-serif-m layout-normal text-serif-m layout-padded\">If\u00f8lge <a href=\"https:\/\/www.tv2.no\/nyheter\/innenriks\/mannen-som-romte-fra-bastoy-fengsel-er-pagrepet-i-sverige\/18362800\/\" class=\"_link_o9xde_39\" rel=\"nofollow noopener\" target=\"_blank\">TV 2<\/a> kunne mannen blitt pr\u00f8vel\u00f8slatt f\u00f8r jul dersom han ikke hadde r\u00f8mt. Han hadde bare noen m\u00e5neder igjen av soningen.<\/p>\n","protected":false},"excerpt":{"rendered":"Serberen hadde bare m\u00e5neder igjen av soningen da han r\u00f8mte. P\u00e5 Bast\u00f8y soner de innsatte i sm\u00e5hus rundt&hellip;\n","protected":false},"author":2,"featured_media":107906,"comment_status":"","ping_status":"","sticky":false,"template":"","format":"standard","meta":{"footnotes":""},"categories":[5],"tags":[20,21,24,25,15,19,148,22,23,17,18,13,30,28,29,14,16,1359,26,27,46],"class_list":{"0":"post-107905","1":"post","2":"type-post","3":"status-publish","4":"format-standard","5":"has-post-thumbnail","7":"category-overskrifter","8":"tag-breaking-news","9":"tag-breakingnews","10":"tag-featured-news","11":"tag-featurednews","12":"tag-headlines","13":"tag-hovedoppslag","14":"tag-kriminalitet","15":"tag-latest-news","16":"tag-latestnews","17":"tag-main-news","18":"tag-mainnews","19":"tag-news","20":"tag-no","21":"tag-norge","22":"tag-norway","23":"tag-nyheter","24":"tag-overskrifter","25":"tag-sverige","26":"tag-top-stories","27":"tag-topstories","28":"tag-vgai"},"share_on_mastodon":{"url":"https:\/\/pubeurope.com\/@no\/115686208174318778","error":""},"_links":{"self":[{"href":"https:\/\/www.europesays.com\/no\/wp-json\/wp\/v2\/posts\/107905","targetHints":{"allow":["GET"]}}],"collection":[{"href":"https:\/\/www.europesays.com\/no\/wp-json\/wp\/v2\/posts"}],"about":[{"href":"https:\/\/www.europesays.com\/no\/wp-json\/wp\/v2\/types\/post"}],"author":[{"embeddable":true,"href":"https:\/\/www.europesays.com\/no\/wp-json\/wp\/v2\/users\/2"}],"replies":[{"embeddable":true,"href":"https:\/\/www.europesays.com\/no\/wp-json\/wp\/v2\/comments?post=107905"}],"version-history":[{"count":0,"href":"https:\/\/www.europesays.com\/no\/wp-json\/wp\/v2\/posts\/107905\/revisions"}],"wp:featuredmedia":[{"embeddable":true,"href":"https:\/\/www.europesays.com\/no\/wp-json\/wp\/v2\/media\/107906"}],"wp:attachment":[{"href":"https:\/\/www.europesays.com\/no\/wp-json\/wp\/v2\/media?parent=107905"}],"wp:term":[{"taxonomy":"category","embeddable":true,"href":"https:\/\/www.europesays.com\/no\/wp-json\/wp\/v2\/categories?post=107905"},{"taxonomy":"post_tag","embeddable":true,"href":"https:\/\/www.europesays.com\/no\/wp-json\/wp\/v2\/tags?post=107905"}],"curies":[{"name":"wp","href":"https:\/\/api.w.org\/{rel}","templated":true}]}}