{"id":107913,"date":"2025-12-08T22:09:11","date_gmt":"2025-12-08T22:09:11","guid":{"rendered":"https:\/\/www.europesays.com\/no\/107913\/"},"modified":"2025-12-08T22:09:11","modified_gmt":"2025-12-08T22:09:11","slug":"helseplattformen-har-hatt-negativ-virkning-pa-effektiviteten-for-helsepersonell","status":"publish","type":"post","link":"https:\/\/www.europesays.com\/no\/107913\/","title":{"rendered":"Helseplattformen har hatt negativ virkning p\u00e5 effektiviteten for helsepersonell"},"content":{"rendered":"<p class=\"lead\">Helseplattformen er dyr, tar mye av helsepersonells tid og har andre utfordringer. Samtidig har den f\u00f8rt til et bedre samarbeid mellom sykehus og kommune.<\/p>\n<p class=\"txt-ind\"><strong>Det er konklusjonene i en ny rapport. Der g\u00e5r det fram at Helseplattformen har lav brukervennlighet og gj\u00f8r at helsepersonell er mindre effektive.<\/strong><\/p>\n<p class=\"txt-ind\">\u2013 Det er bra at vi n\u00e5 har f\u00e5tt en ekstern rapport av fordeler og ulemper med Helseplattformen. Rapporten m\u00e5 f\u00f8lges opp av Helse Midt-Norge RHF og de aktuelle kommunene for \u00e5 sikre bedre samhandling, \u00f8kt brukervennlighet og at det er et godt arbeidsverkt\u00f8y for de ansatte, sier helse- og omsorgsminister Jan Christian Vestre (Ap) i en <a href=\"https:\/\/www.regjeringen.no\/no\/3142256\" target=\"_blank\" rel=\"noopener nofollow\">pressemelding.<\/a><\/p>\n<p class=\"txt-ind\">Rapporten legger ogs\u00e5 vekt p\u00e5 h\u00f8ye investerings- og driftskostnader og andre utfordringer knyttet til legemiddelmodellen.<\/p>\n<p class=\"txt-ind\">\u2013 Ansatte har i lengre tid tatt opp utfordringer med brukervennligheten og effektiviteten. Regjeringa har derfor bevilget egne midler for \u00e5 bedre brukervennligheten og det er viktig at dette arbeidet har h\u00f8y prioritet og rask framdrift, sier Vestre.<\/p>\n<p class=\"txt-ind\">Samtidig peker rapporten p\u00e5 at Helseplattformen har bedret samhandlingen mellom sykehus og kommuner. Det har den gjort ved \u00e5 forenkle tilgangen til oppdatert og relevant informasjon om pasienten. Dette peker rapporten p\u00e5 at har f\u00f8rt til f\u00e6rre reinnleggelser.<\/p>\n<p class=\"txt-ind\">Hjemmetjenestene i flere kommuner opplever ogs\u00e5 en positiv effekt.<\/p>\n<p class=\"txt-ind\">Helseplattformen leverer journall\u00f8sning og samhandlingsl\u00f8sning til sykehus og kommuner i Midt-Norge. Systemet har tidligere f\u00e5tt kritikk for feil og mangler blant annet ved St. Olavs hospital i Trondheim.\u00a0<\/p>\n","protected":false},"excerpt":{"rendered":"Helseplattformen er dyr, tar mye av helsepersonells tid og har andre utfordringer. Samtidig har den f\u00f8rt til et&hellip;\n","protected":false},"author":2,"featured_media":107914,"comment_status":"","ping_status":"","sticky":false,"template":"","format":"standard","meta":{"footnotes":""},"categories":[5],"tags":[20,21,2608,24,25,15,2081,19,22,23,17,18,13,30,28,29,14,16,26,27],"class_list":{"0":"post-107913","1":"post","2":"type-post","3":"status-publish","4":"format-standard","5":"has-post-thumbnail","7":"category-overskrifter","8":"tag-breaking-news","9":"tag-breakingnews","10":"tag-digitalisering-og-offentlig-it","11":"tag-featured-news","12":"tag-featurednews","13":"tag-headlines","14":"tag-helseplattformen","15":"tag-hovedoppslag","16":"tag-latest-news","17":"tag-latestnews","18":"tag-main-news","19":"tag-mainnews","20":"tag-news","21":"tag-no","22":"tag-norge","23":"tag-norway","24":"tag-nyheter","25":"tag-overskrifter","26":"tag-top-stories","27":"tag-topstories"},"share_on_mastodon":{"url":"https:\/\/pubeurope.com\/@no\/115686235397284790","error":""},"_links":{"self":[{"href":"https:\/\/www.europesays.com\/no\/wp-json\/wp\/v2\/posts\/107913","targetHints":{"allow":["GET"]}}],"collection":[{"href":"https:\/\/www.europesays.com\/no\/wp-json\/wp\/v2\/posts"}],"about":[{"href":"https:\/\/www.europesays.com\/no\/wp-json\/wp\/v2\/types\/post"}],"author":[{"embeddable":true,"href":"https:\/\/www.europesays.com\/no\/wp-json\/wp\/v2\/users\/2"}],"replies":[{"embeddable":true,"href":"https:\/\/www.europesays.com\/no\/wp-json\/wp\/v2\/comments?post=107913"}],"version-history":[{"count":0,"href":"https:\/\/www.europesays.com\/no\/wp-json\/wp\/v2\/posts\/107913\/revisions"}],"wp:featuredmedia":[{"embeddable":true,"href":"https:\/\/www.europesays.com\/no\/wp-json\/wp\/v2\/media\/107914"}],"wp:attachment":[{"href":"https:\/\/www.europesays.com\/no\/wp-json\/wp\/v2\/media?parent=107913"}],"wp:term":[{"taxonomy":"category","embeddable":true,"href":"https:\/\/www.europesays.com\/no\/wp-json\/wp\/v2\/categories?post=107913"},{"taxonomy":"post_tag","embeddable":true,"href":"https:\/\/www.europesays.com\/no\/wp-json\/wp\/v2\/tags?post=107913"}],"curies":[{"name":"wp","href":"https:\/\/api.w.org\/{rel}","templated":true}]}}