{"id":107915,"date":"2025-12-08T22:15:32","date_gmt":"2025-12-08T22:15:32","guid":{"rendered":"https:\/\/www.europesays.com\/no\/107915\/"},"modified":"2025-12-08T22:15:32","modified_gmt":"2025-12-08T22:15:32","slug":"reetabler-meldal-videregaende-skole-pa-lokken-som-en-selvstendig-enhet-for-yrkesfag","status":"publish","type":"post","link":"https:\/\/www.europesays.com\/no\/107915\/","title":{"rendered":"Reetabler Meldal videre\u00adg\u00e5ende skole p\u00e5 L\u00f8kken som en selvstendig enhet for yrkesfag"},"content":{"rendered":"<p>\u00c5pen ytring sendt Fylkestinget og fylkesdirekt\u00f8r Carl-Jakob Midttun.<\/p>\n<p>10. desember skal det bestemmes om de to fylkeskommunale skolene i Orkland skal sl\u00e5s sammen til \u00e9n fysisk enhet p\u00e5 Follo. Vedtak for sammensl\u00e5ing betyr at L\u00f8kken-skolen skal legges ned. Med bakgrunn i mangel p\u00e5 kapital i Fylket, er det uvisst n\u00e5r en oppgradering av Orkland videreg\u00e5ende skole p\u00e5 Follo kan skje. Her snakker vi noen \u00e5r!<\/p>\n<p>Hvorfor skal en fullt oppgradert skole for yrkesfag p\u00e5 L\u00f8kken vedtas nedlagt n\u00e5. Hvor er logikken?\u00a0 Saken m\u00e5 utsettes!<\/p>\n<p>Meldal videreg\u00e5ende skole er ikke bare en stor arbeidsplass i Meldal. Den er en skole som tilbyr yrkesfag for ungdom som trenger arbeid og som har et interessant og samarbeidende n\u00e6ringsliv i omr\u00e5det som trenger fagarbeidere. Dessuten skal hele Orkland vokse utover.<\/p>\n<p><a href=\"https:\/\/www.avisa-st.no\/nyheter\/n\/M7gLVM\/loekkenbygg-mot-sammenslaaing-av-skoler-aldeles-vanvittig\" rel=\"nofollow noopener\" target=\"_blank\"> <img decoding=\"async\" src=\"data:image\/gif;base64,R0lGODlhEAAJAIAAAP\/\/\/wAAACH5BAEAAAAALAAAAAAQAAkAAAIKhI+py+0Po5yUFQA7\" alt=\"\"\/>   L\u00f8kken\u00adbygg imot sammen\u00adsl\u00e5ing av skoler: \u2013 Aldeles vanvittig  <\/a> <\/p>\n<p>En utvikling mot \u00e9n felles videreg\u00e5ende skole i Orkland synes ogs\u00e5 kommunepolitikerne \u00e5 bifalle! De vil utarme det geografiske omr\u00e5det i Orkland som var Meldal kommune med omland ved \u00e5 t\u00f8mme de flotte lokalene p\u00e5 L\u00f8kken. Og samtidig mister n\u00e6ringsliv i s\u00f8rlige Orkland en tett samarbeidspartner. Meldal utgj\u00f8r i areal ca en tredjedel av hele Orkland.<\/p>\n<p>Det er 3900 som bor i Meldal i dag, herav 1600 i L\u00f8kken-omr\u00e5det.<\/p>\n<p>N\u00e6ringslivet i Meldal har \u00e5rlig 1,1 milliard i omsetning. Her er ikke omsetning fra et moderne jord- og skogbruk tatt med.<\/p>\n<p>Skolen med ca. 50 ansatte kan forsvinne. Dessuten utarmes samarbeidende n\u00e6ringsliv og samfunnet rundt skolen s\u00f8r i Orkland. Den historiske n\u00e6rhet til skolen er viktig.<\/p>\n<p>Kan vi sitte rolig \u00e5 godta at fylkes- og kommunepolitikere gjennomf\u00f8rer sitt m\u00e5l om \u00e9n stor skole i nordenden av kommunen?<\/p>\n<p>Mitt svar er NEI! Etter kommunesammensl\u00e5inga ble det utbasunert at hele Orkland skulle brukes. N\u00e5 legges det opp til \u00e5 utarme Meldal med omland, en tredjedel av Orkland kommune!<\/p>\n<p><a href=\"https:\/\/www.avisa-st.no\/nyheter\/n\/wrEOR1\/krever-investeringsvedtak-naa-det-er-de-unge-og-naeringslivet-som-taper\" rel=\"nofollow noopener\" target=\"_blank\"> <img decoding=\"async\" src=\"data:image\/gif;base64,R0lGODlhEAAJAIAAAP\/\/\/wAAACH5BAEAAAAALAAAAAAQAAkAAAIKhI+py+0Po5yUFQA7\" alt=\"\"\/>   Krever investeringsvedtak n\u00e5: &#8211; Det er de unge og n\u00e6ringslivet som taper  <\/a> <\/p>\n<p>Det er grunn til \u00e5 sp\u00f8rre om bevaring av lokalsamfunn er utg\u00e5tt p\u00e5 dato?<\/p>\n<p>Jeg tar dere med noen \u00e5r tilbake i lokalhistorien, historien hjelper oss med god fremtidig planlegging.<\/p>\n<p>P\u00e5 slutten av 70-tallet ante Gruveselskapet p\u00e5 L\u00f8kken at malmforekomsten snart ville bli ul\u00f8nnsom.<\/p>\n<p>Jens P. Heyerdahl tok initiativ sammen med Meldal kommune til \u00e5 f\u00e5 etablert like mange nye arbeidsplasser som de som kom til \u00e5 forsvinne fra gruvevirksomheten.<\/p>\n<p>Staten bidro den gangen med DU-midler for \u00f8kt virksomhet i alle landets distrikter.<\/p>\n<p>Ett resultat av dette var etableringen av et produksjonsanlegg for Simonsen automatiske mobiltelefon p\u00e5 L\u00f8kken. Hvorfor havnet dette p\u00e5 L\u00f8kken? Det var 3 hovedgrunner.<\/p>\n<p>1. Simonsen og Heyerdahl-familiene kjente hverandre. 2. Gruveselskapet stilte med et gunstig l\u00e5n i oppstartsfasen. 3. Det var videreg\u00e5ende skole p\u00e5 L\u00f8kken. Det siste understreket gr\u00fcnderen Willy Simonsen ved flere anledninger. Skolen har blitt viktigere og viktigere ettersom produksjonsteknologien generelt har utviklet seg enormt fra mye manuelt arbeid til dagens avanserte automatiske produksjon.<\/p>\n<p>Etter 10 \u00e5r i mobiltelefon-markedet m\u00e5tte Simonsen gi seg. Da mistet 50 dyktige medarbeidere sin arbeidsplass p\u00e5 L\u00f8kken. Det var katastrofalt for Meldal.<\/p>\n<p>Den daglige lederen for mobiltelefonselskapet fikk tilbud om \u00e5 fortsette i utviklingsselskapet Simonsen i Oslo, men takket kontant nei. Han tenkte at de 50 arbeidsplassene m\u00e5tte og skulle erstattes med nye. Sammen med tidligere ansatte i Simonsen og hjelp fra mange hold, s\u00e6rlig ordf\u00f8rer Arne L. Haugen, ble Simpro etablert i 1990 som elektronikkprodusent og underleverand\u00f8r i et vanskelig marked.<\/p>\n<p>Arbeidsstokken og egenkapital vokste gjennom mange \u00e5r i kommunens industribygg. Bygget ble for lite, dette f\u00f8rte til bygging av Meldal n\u00e6ringssenter p\u00e5 L\u00f8kken i 2010.<\/p>\n<p>Enda en hjemvendt leder, Erik Dragset fulgte opp etter pensjonisten. I dag er antall ansatte oppe i 110 profesjonelle medarbeidere, og omsetningen er rundt 400 millioner for Inission L\u00f8kken (tidligere Simpro). Elektronikkproduksjon i verdensklasse er mulig i Meldal, men den videreg\u00e5ende skolen skal legges ned sier noen. Meningsl\u00f8st.<\/p>\n<p>Hele tiden har b\u00e5de Simpro, Rupro og veldig mange flere bedrifter i omr\u00e5det hatt og har et godt samarbeid med yrkesskolen. Praksisplasser, l\u00e6rlinger, ansettelser osv.<\/p>\n<p>Dette var to eksempler p\u00e5 kamp for arbeidsplasser i et lokalsamfunn, hele tiden p\u00e5 lag med Meldal videreg\u00e5ende skole. Willy Simonsen hadde rett.<\/p>\n<p>Den gode Meldal videreg\u00e5ende skole m\u00e5 gjenoppst\u00e5, slik den var, revitaliseres, videreutvikles, fornyes p\u00e5 alle plan, markedstilpasses og ikke minst markedsf\u00f8res. Det var en av de beste yrkesfaglige skolene i landet. En ny giv m\u00e5 til, ikke nedleggelse.<\/p>\n<p>Fylkeskommunen har utf\u00f8rt en \u00f8konomisk beregning for \u00e5 forsvare flytting til Follo. Ekstra investeringskost for plass til L\u00f8kken-skolen p\u00e5 Follo er satt til 318 millioner. Disse midlene spares ved \u00e5 beholde den videreg\u00e5ende skolen p\u00e5 L\u00f8kken.<\/p>\n<p>En samfunns\u00f8konomisk beregning ved \u00e5 sette tall p\u00e5 omsetningstap pga utarming i s\u00f8ndre del av kommunen er ikke presentert.<\/p>\n<p>Dessuten lener Fylkeskommunen seg p\u00e5 offisielle statistikker. Har ikke politikerne tanker om at satsing p\u00e5 n\u00e6ringsutvikling ikke kommer frem i statistikker. Sats p\u00e5 n\u00e6ringsutvikling n\u00e5, slik som det ble gjort p\u00e5 80-tallet! Det f\u00f8rste som m\u00e5 etableres er smartere busstransport for ungdommen med fokus p\u00e5 kortest mulig reisetid.<\/p>\n<p>Det finnes ogs\u00e5 spennende fremtidsmuligheter.<\/p>\n<p>H\u00f8yaktuelt er bergfag. Analysering etter sommerens utf\u00f8rte letearbeid etter drivverdig malm i L\u00f8kken-omr\u00e5det, er n\u00e5 i gang. Utrolig spennende. Kan bli milliardomsetning.<\/p>\n<p>Meldal med omegn m\u00e5 ikke utarmes. N\u00e6ringskommune nummer \u00e9n skal vokse utover.<\/p>\n","protected":false},"excerpt":{"rendered":"\u00c5pen ytring sendt Fylkestinget og fylkesdirekt\u00f8r Carl-Jakob Midttun. 10. desember skal det bestemmes om de to fylkeskommunale skolene&hellip;\n","protected":false},"author":2,"featured_media":107916,"comment_status":"","ping_status":"","sticky":false,"template":"","format":"standard","meta":{"footnotes":""},"categories":[10],"tags":[20,21,24,25,9616,15,7951,22,23,2862,13385,13,30,28,29,14,2238,13375,16,8313,26,27],"class_list":{"0":"post-107915","1":"post","2":"type-post","3":"status-publish","4":"format-standard","5":"has-post-thumbnail","7":"category-norge","8":"tag-breaking-news","9":"tag-breakingnews","10":"tag-featured-news","11":"tag-featurednews","12":"tag-fylkestinget","13":"tag-headlines","14":"tag-kommunesammenslaing","15":"tag-latest-news","16":"tag-latestnews","17":"tag-lokalsamfunn","18":"tag-meldal","19":"tag-news","20":"tag-no","21":"tag-norge","22":"tag-norway","23":"tag-nyheter","24":"tag-orkland","25":"tag-orkland-kommune","26":"tag-overskrifter","27":"tag-sammenslaing","28":"tag-top-stories","29":"tag-topstories"},"share_on_mastodon":{"url":"https:\/\/pubeurope.com\/@no\/115686258981308146","error":""},"_links":{"self":[{"href":"https:\/\/www.europesays.com\/no\/wp-json\/wp\/v2\/posts\/107915","targetHints":{"allow":["GET"]}}],"collection":[{"href":"https:\/\/www.europesays.com\/no\/wp-json\/wp\/v2\/posts"}],"about":[{"href":"https:\/\/www.europesays.com\/no\/wp-json\/wp\/v2\/types\/post"}],"author":[{"embeddable":true,"href":"https:\/\/www.europesays.com\/no\/wp-json\/wp\/v2\/users\/2"}],"replies":[{"embeddable":true,"href":"https:\/\/www.europesays.com\/no\/wp-json\/wp\/v2\/comments?post=107915"}],"version-history":[{"count":0,"href":"https:\/\/www.europesays.com\/no\/wp-json\/wp\/v2\/posts\/107915\/revisions"}],"wp:featuredmedia":[{"embeddable":true,"href":"https:\/\/www.europesays.com\/no\/wp-json\/wp\/v2\/media\/107916"}],"wp:attachment":[{"href":"https:\/\/www.europesays.com\/no\/wp-json\/wp\/v2\/media?parent=107915"}],"wp:term":[{"taxonomy":"category","embeddable":true,"href":"https:\/\/www.europesays.com\/no\/wp-json\/wp\/v2\/categories?post=107915"},{"taxonomy":"post_tag","embeddable":true,"href":"https:\/\/www.europesays.com\/no\/wp-json\/wp\/v2\/tags?post=107915"}],"curies":[{"name":"wp","href":"https:\/\/api.w.org\/{rel}","templated":true}]}}