{"id":107917,"date":"2025-12-08T22:17:11","date_gmt":"2025-12-08T22:17:11","guid":{"rendered":"https:\/\/www.europesays.com\/no\/107917\/"},"modified":"2025-12-08T22:17:11","modified_gmt":"2025-12-08T22:17:11","slug":"syria-terror-det-som-skjer-i-syria-far-konsekvenser-for-norge","status":"publish","type":"post","link":"https:\/\/www.europesays.com\/no\/107917\/","title":{"rendered":"Syria, Terror | Det som skjer i Syria f\u00e5r konsekvenser for Norge"},"content":{"rendered":"\n<p>I dag er det (Denne uka er det) ett \u00e5r etter Assad-regimets fall, \u00f8yner mange syrere h\u00e5p om en bedre fremtid. Det er i Norges og Europas interesse \u00e5 bidra til at Syria lykkes.<\/p>\n<p> Men selv om borgerkrigen er over, st\u00e5r utfordringene i k\u00f8.<\/p>\n<p>Krig, tortur og terror <\/p>\n<p>Hundretusener ble drept eller forsvant i den 13 \u00e5r lange borgerkrigen. Mange ble torturert og lagt i massegraver. I 2013 kom anklagene om at Assad brukte kjemiske v\u00e5pen mot egen befolkning. Store deler av Homs og Aleppo ble lagt i grus. <\/p>\n<p>Syria ble et arnested for internasjonal terrorisme.<\/p>\n<p>Millioner av syrere la ut p\u00e5 en desperat flukt over Middelhavet. Bildet av Alan Kurdi, som ble funnet druknet p\u00e5 en strand i Tyrkia i 2015, ble selve symbolet p\u00e5 den syriske flyktningkrisen.<\/p>\n<p><b>Les ogs\u00e5: <a href=\"https:\/\/www.nettavisen.no\/norsk-debatt\/flyktninger-vil-ikke-bo-i-nord-norge\/o\/5-95-2762634\" rel=\"Follow nofollow noopener\" target=\"_blank\">Den nordnorske flyktningstr\u00f8mmen<\/a><\/b><\/p>\n<p>Det nye h\u00e5pet<\/p>\n<p>I dag har mange syrere h\u00e5p om en bedre fremtid. Den nye overgangsregjeringen under ledelse av Ahmed al-Sharaa har p\u00e5 kort tid oppn\u00e5dd internasjonal anerkjennelse. <\/p>\n<p>I l\u00f8pet av h\u00f8sten har al-Sharaa talt i FN, han har v\u00e6rt p\u00e5 bes\u00f8k i Washington, Moskva og Shanghai. De \u00f8konomiske sanksjonene l\u00f8ftes gradvis, og flere land har lovet st\u00f8tte og investeringer.<\/p>\n<p>If\u00f8lge FN har 1,3 millioner flyktninger vendt tilbake til Syria i l\u00f8pet av 2025. Dette gjenspeiler et h\u00e5p om en bedre fremtid i et fritt, demokratisk og stabilt Syria. Det er et h\u00e5p vi deler.<\/p>\n<p>Under v\u00e5re bes\u00f8k til Syria tidligere i \u00e5r traff vi syrere som for f\u00f8rste gang kunne uttrykke seg fritt og uten frykt for \u00e5 bli fengslet eller torturert. Vi m\u00f8tte familier som var i gang med \u00e5 gjenoppbygge hjemmene sine.<\/p>\n<p>Norge spiller en rolle<\/p>\n<p>Samtidig er utfordringene i Syria enorme. <\/p>\n<p>Landet er s\u00f8nderbombet og de gamle samfunnsstrukturene er i stor grad oppl\u00f8st. Over halvparten av befolkningen trenger humanit\u00e6r bistand. En generasjon syriske barn har f\u00e5tt lite og sv\u00e6rt mangelfull utdanning. De fleste syrere mangler regelmessig tilgang p\u00e5 str\u00f8m og vann. <\/p>\n<p>Her spiller Norge en rolle \u2013 vi samarbeider tett med den nye regjeringen og gir bistand til blant annet helse- og elektrisitetssektoren.<\/p>\n<p><b>Les ogs\u00e5: <\/b><b><a href=\"https:\/\/www.nettavisen.no\/norsk-debatt\/vi-tror-ikke-pa-at-norge-er-verdens-beste-land\/o\/5-95-2766163\" rel=\"Follow nofollow noopener\" target=\"_blank\">Vi tror ikke p\u00e5 at Norge er verdens beste land<\/a><\/b><\/p>\n<p>Optimismen vi s\u00e5 da vi bes\u00f8kte Syria er der fremdeles. Men vi h\u00f8rer ogs\u00e5 kritiske r\u00f8ster som mener at overgangsregjeringen m\u00e5 gj\u00f8re mer for \u00e5 etablere en representativ statsmakt som kan sikre stabilitet og utvikling. <\/p>\n<p>Grove overgrep mot minoriteter som drusere og alawitter gir samtidig grunn til bekymring, og truer med \u00e5 undergrave stabilitet. I tillegg ser vi at IS er i fremvekst i Syria. Kampen mot internasjonal terrorisme m\u00e5 fortsette. Det er gode nyheter at Syria for noen uker siden ble tatt opp som medlem i Den globale koalisjonen for \u00e5 bekjempe IS, hvor Norge ogs\u00e5 bidrar.<\/p>\n<p>Eksterne akt\u00f8rer blander seg ogs\u00e5 inn. Israels milit\u00e6re aktiviteter har rammet sivile og undergraver en positiv utvikling. B\u00e5de USA og Norge har reagert p\u00e5 dette.<\/p>\n<p>Voldsspiralen m\u00e5 brytes <\/p>\n<p>For krigens mange ofre \u2013 de som har mistet sine hjem og sine kj\u00e6re, de som har v\u00e6rt utsatt for tortur \u2013 er det vanskelig \u00e5 vende blikket fremover uten at det tas et oppgj\u00f8r med fortiden. <\/p>\n<p>Norge st\u00f8tter derfor arbeidet for et rettferdig rettsoppgj\u00f8r i Syria. Vi st\u00f8tter den nyopprettede kommisjonen for overgangsrettferdighet, og vi st\u00f8tter arbeidet for \u00e5 finne savnede.<\/p>\n<p>Erfaringer viser at mangel p\u00e5 rettsoppgj\u00f8r og inkludering i politiske prosesser kan f\u00f8re til nye voldsb\u00f8lger. Det har vi dessverre sett flere eksempler p\u00e5 de siste m\u00e5nedene. Syrias etniske og religi\u00f8se minoriteter, syriske kvinner, sivilt samfunn og ofre m\u00e5 spille sentrale roller i gjenoppbyggingen av det nye Syria. <\/p>\n<p>I m\u00f8ter med syriske myndigheter understreker vi at alle befolkningsgrupper m\u00e5 v\u00e6re representert i de politiske prosessene, og at alle minoriteter har rettigheter og krav p\u00e5 beskyttelse av staten.<\/p>\n<p><b>Les ogs\u00e5:<a href=\"https:\/\/www.nettavisen.no\/norsk-debatt\/eu-kaller-gettoliste-suksessen-diskriminering\/o\/5-95-2757660\" rel=\"Follow nofollow noopener\" target=\"_blank\"> \u00abGettoliste\u00bb er ikke rasisme<\/a><\/b><\/p>\n<p>Syria er viktig for Norge <\/p>\n<p>De siste \u00e5rene har vist oss at det som skjer i Syria f\u00e5r konsekvenser for Europa og Norge. Feiler vi i \u00e5 stabilisere Syria n\u00e5, frykter mange en ny flyktningb\u00f8lge eller at IS p\u00e5 ny blir en internasjonal trussel. Dette kan vi ikke tillate \u00e5 skje.<\/p>\n<p>Derfor m\u00e5 arbeidet med \u00e5 stabilisere Syria videref\u00f8res og styrkes. Norge har lenge v\u00e6rt blant de st\u00f8rste humanit\u00e6re giverne til Syria, inkludert til de syriske flyktningene i nabolandene. N\u00e5 m\u00e5 vi bidra til gjenoppbygging og stabilisering. <\/p>\n<p>I 2025 har Norge gitt 500 millioner kroner i humanit\u00e6r bistand og til gjenoppbygging. Vi prioriterer s\u00e6rlig minerydding og grunnleggende energi- og helsetjenester i de hardest rammede omr\u00e5dene.<\/p>\n<p>Vi er overbeviste om at dette er gode investeringer, b\u00e5de for Syria og for oss i Norge. For ti \u00e5r siden sto Europa overfor en flyktningkrise uten sidestykke. Et trygt og stabilt Syria er i syrernes, Midt\u00f8stens, Europas og Norges interesse. Vi trenger et stabilt Syria som kan v\u00e6re en effektiv partner i kampen mot terror. Derfor skal vi fortsette engasjementet for et trygt, fredelig og inkluderende Syria.<\/p>\n","protected":false},"excerpt":{"rendered":"I dag er det (Denne uka er det) ett \u00e5r etter Assad-regimets fall, \u00f8yner mange syrere h\u00e5p om&hellip;\n","protected":false},"author":2,"featured_media":107918,"comment_status":"","ping_status":"","sticky":false,"template":"","format":"standard","meta":{"footnotes":""},"categories":[5],"tags":[20,21,24,25,15,19,22,23,17,18,13,30,28,29,14,16,26,27],"class_list":{"0":"post-107917","1":"post","2":"type-post","3":"status-publish","4":"format-standard","5":"has-post-thumbnail","7":"category-overskrifter","8":"tag-breaking-news","9":"tag-breakingnews","10":"tag-featured-news","11":"tag-featurednews","12":"tag-headlines","13":"tag-hovedoppslag","14":"tag-latest-news","15":"tag-latestnews","16":"tag-main-news","17":"tag-mainnews","18":"tag-news","19":"tag-no","20":"tag-norge","21":"tag-norway","22":"tag-nyheter","23":"tag-overskrifter","24":"tag-top-stories","25":"tag-topstories"},"share_on_mastodon":{"url":"https:\/\/pubeurope.com\/@no\/115686266924111524","error":""},"_links":{"self":[{"href":"https:\/\/www.europesays.com\/no\/wp-json\/wp\/v2\/posts\/107917","targetHints":{"allow":["GET"]}}],"collection":[{"href":"https:\/\/www.europesays.com\/no\/wp-json\/wp\/v2\/posts"}],"about":[{"href":"https:\/\/www.europesays.com\/no\/wp-json\/wp\/v2\/types\/post"}],"author":[{"embeddable":true,"href":"https:\/\/www.europesays.com\/no\/wp-json\/wp\/v2\/users\/2"}],"replies":[{"embeddable":true,"href":"https:\/\/www.europesays.com\/no\/wp-json\/wp\/v2\/comments?post=107917"}],"version-history":[{"count":0,"href":"https:\/\/www.europesays.com\/no\/wp-json\/wp\/v2\/posts\/107917\/revisions"}],"wp:featuredmedia":[{"embeddable":true,"href":"https:\/\/www.europesays.com\/no\/wp-json\/wp\/v2\/media\/107918"}],"wp:attachment":[{"href":"https:\/\/www.europesays.com\/no\/wp-json\/wp\/v2\/media?parent=107917"}],"wp:term":[{"taxonomy":"category","embeddable":true,"href":"https:\/\/www.europesays.com\/no\/wp-json\/wp\/v2\/categories?post=107917"},{"taxonomy":"post_tag","embeddable":true,"href":"https:\/\/www.europesays.com\/no\/wp-json\/wp\/v2\/tags?post=107917"}],"curies":[{"name":"wp","href":"https:\/\/api.w.org\/{rel}","templated":true}]}}