{"id":107925,"date":"2025-12-08T22:25:17","date_gmt":"2025-12-08T22:25:17","guid":{"rendered":"https:\/\/www.europesays.com\/no\/107925\/"},"modified":"2025-12-08T22:25:17","modified_gmt":"2025-12-08T22:25:17","slug":"premier-league-motstand-for-united-2","status":"publish","type":"post","link":"https:\/\/www.europesays.com\/no\/107925\/","title":{"rendered":"Premier League-motstand for United"},"content":{"rendered":"<p>        Chris Brunskill\/Fantasista\n    <\/p>\n<p class=\"kicker font-weight-bold m-font-weight-bold tertiary color_mobile_tertiary\" style=\"\">FA-CUPENS TREDJE RUNDE:<\/p>\n<p class=\"font-weight-bold m-font-weight-bold\" data-lab-font_weight=\"font-weight-bold\">I januar spilles tredje runde i FA-cupen, og i kveld ble det klart at Manchester United skal spille hjemme mot Brighton &amp; Hove Albion.<\/p>\n<p>Dette blir den niende gangen United m\u00f8ter Brighton i FA-cupen, og det blir den fjerde gangen de m\u00f8tes p\u00e5 Old Trafford i FA-cupkamp.<\/p>\n<p>Kampene i FA-cupens tredje runde spilles l\u00f8rdag 10. januar og dagene rundt (fredag til mandag, men med kamp onsdag 7. januar er nok fredagskamp lite sannsynlig for Uniteds del), og kampdatoen bekreftes senere i desember n\u00e5r TV-selskapene i England har blitt enige.<\/p>\n<p>OBS! Supporterklubbens billettsalg til kampen starter senest tirsdag morgen klokka 09.00.<\/p>\n<p>                <img decoding=\"async\" src=\"https:\/\/www.europesays.com\/no\/wp-content\/uploads\/2025\/12\/1765232717_665_1401309.webp\" width=\"480\" height=\"274\" title=\"Mbeumo ble avgj\u00f8rende forrige gang United m\u00f8tte Brighton. I FA-cupekampen m\u00e5 United fort klare seg uten Mbeumo, avhengig av resultatene til Kamerun i Afrikamesterskapet.\" alt=\"Bryan Mbeumo feirer m\u00e5l mot Brighton ved \u00e5 signalisere at det var noe 'selvsagt', 25. oktober 2025.\" loading=\"lazy\" style=\"\"\/><\/p>\n<p>\n            Mbeumo ble avgj\u00f8rende forrige gang United m\u00f8tte Brighton. I FA-cupekampen m\u00e5 United fort klare seg uten Mbeumo, avhengig av resultatene til Kamerun i Afrikamesterskapet.<br \/>\n            James Gill &#8211; Danehouse\n        <\/p>\n<p>Premier League-lagenes trekning:\u00a0<\/p>\n<ul>\n<li class=\"lab-bodytext-line\">Wolverhampton \u2013 Shrewsbury<\/li>\n<li class=\"lab-bodytext-line\">Tottenham \u2013 Aston Villa<\/li>\n<li class=\"lab-bodytext-line\">Wrexham \u2013 Nottingham Forest<\/li>\n<li class=\"lab-bodytext-line\">Charlton \u2013 Chelsea<\/li>\n<li class=\"lab-bodytext-line\">Manchester City \u2013 Exeter<\/li>\n<li class=\"lab-bodytext-line\">West Ham \u2013 QPR<\/li>\n<li class=\"lab-bodytext-line\">Sheffield Wednesday \u2013 Brentford<\/li>\n<li class=\"lab-bodytext-line\">Fulham \u2013 Middlesbrough<\/li>\n<li class=\"lab-bodytext-line\">Everton \u2013 Sunderland<\/li>\n<li class=\"lab-bodytext-line\">Liverpool \u2013 Barnsley<\/li>\n<li class=\"lab-bodytext-line\">Burnley \u2013 Millwall<\/li>\n<li class=\"lab-bodytext-line\">Portsmouth \u2013 Arsenal<\/li>\n<li class=\"lab-bodytext-line\">Derby \u2013 Leeds<\/li>\n<li class=\"lab-bodytext-line\">Newcastle \u2013 Bournemouth<\/li>\n<li class=\"lab-bodytext-line\">Macclesfield \u2013 Crystal Palace<\/li>\n<li class=\"lab-bodytext-line\">Manchester United \u2013 Brighton<\/li>\n<\/ul>\n<p>Se hele trekningen <a href=\"https:\/\/www.thefa.com\/news\/2025\/dec\/08\/emirates-fa-cup-third-round-proper-draw-20250812\" target=\"_blank\" rel=\"nofollow noopener\">her<\/a>.<\/p>\n","protected":false},"excerpt":{"rendered":"Chris Brunskill\/Fantasista FA-CUPENS TREDJE RUNDE: I januar spilles tredje runde i FA-cupen, og i kveld ble det klart&hellip;\n","protected":false},"author":2,"featured_media":107809,"comment_status":"","ping_status":"","sticky":false,"template":"","format":"standard","meta":{"footnotes":""},"categories":[59],"tags":[30,28,29,83,82],"class_list":{"0":"post-107925","1":"post","2":"type-post","3":"status-publish","4":"format-standard","5":"has-post-thumbnail","7":"category-sport","8":"tag-no","9":"tag-norge","10":"tag-norway","11":"tag-sport","12":"tag-sports"},"share_on_mastodon":{"url":"https:\/\/pubeurope.com\/@no\/115686298484272694","error":""},"_links":{"self":[{"href":"https:\/\/www.europesays.com\/no\/wp-json\/wp\/v2\/posts\/107925","targetHints":{"allow":["GET"]}}],"collection":[{"href":"https:\/\/www.europesays.com\/no\/wp-json\/wp\/v2\/posts"}],"about":[{"href":"https:\/\/www.europesays.com\/no\/wp-json\/wp\/v2\/types\/post"}],"author":[{"embeddable":true,"href":"https:\/\/www.europesays.com\/no\/wp-json\/wp\/v2\/users\/2"}],"replies":[{"embeddable":true,"href":"https:\/\/www.europesays.com\/no\/wp-json\/wp\/v2\/comments?post=107925"}],"version-history":[{"count":0,"href":"https:\/\/www.europesays.com\/no\/wp-json\/wp\/v2\/posts\/107925\/revisions"}],"wp:featuredmedia":[{"embeddable":true,"href":"https:\/\/www.europesays.com\/no\/wp-json\/wp\/v2\/media\/107809"}],"wp:attachment":[{"href":"https:\/\/www.europesays.com\/no\/wp-json\/wp\/v2\/media?parent=107925"}],"wp:term":[{"taxonomy":"category","embeddable":true,"href":"https:\/\/www.europesays.com\/no\/wp-json\/wp\/v2\/categories?post=107925"},{"taxonomy":"post_tag","embeddable":true,"href":"https:\/\/www.europesays.com\/no\/wp-json\/wp\/v2\/tags?post=107925"}],"curies":[{"name":"wp","href":"https:\/\/api.w.org\/{rel}","templated":true}]}}