{"id":107973,"date":"2025-12-09T00:47:13","date_gmt":"2025-12-09T00:47:13","guid":{"rendered":"https:\/\/www.europesays.com\/no\/107973\/"},"modified":"2025-12-09T00:47:13","modified_gmt":"2025-12-09T00:47:13","slug":"krever-ekstraordinaert-landsmote-i-sv-etter-israel-blemme","status":"publish","type":"post","link":"https:\/\/www.europesays.com\/no\/107973\/","title":{"rendered":"Krever ekstraordin\u00e6rt landsm\u00f8te i SV etter Israel-blemme"},"content":{"rendered":"<p>\n        URO: Flere lokalpolitikere i SV er sterkt kritiske til partiledelsens fokus p\u00e5 et Israel-ultimatum det aldri ble noe av.<br \/>\n        Terje Pedersen \/ NTB\n    <\/p>\n<p>    \u2013 Mange av utfordringene v\u00e5re skyldes strategier fra ledelsen som ikke har v\u00e6rt spesielt gode, spesielt hvor Israel-ultimatumet kom fra, sier gruppeleder i SV Kristiansand.<\/p>\n<p>Det er uro i Sosialistisk Venstreparti (SV) etter en turbulent h\u00f8st.\u00a0<\/p>\n<p>Partiet mistet if\u00f8lge NRK 50.000 velgere ved \u00e5rets stortingsvalg, sammenlignet med 2021. M\u00e5linger viser at partiet fortsetter \u00e5 miste oppslutning.\u00a0<\/p>\n<p>Partiet valgte \u00e5 trekke seg fra forhandlingene om statsbudsjettet og mistet dermed muligheten for viktige gjennomslag. SV valgte likevel \u00e5 gi st\u00f8tte til budsjettet i Stortinget.<\/p>\n","protected":false},"excerpt":{"rendered":"URO: Flere lokalpolitikere i SV er sterkt kritiske til partiledelsens fokus p\u00e5 et Israel-ultimatum det aldri ble noe&hellip;\n","protected":false},"author":2,"featured_media":107974,"comment_status":"","ping_status":"","sticky":false,"template":"","format":"standard","meta":{"footnotes":""},"categories":[10],"tags":[20,21,24,25,15,22,23,13,30,28,29,14,16,26,27],"class_list":{"0":"post-107973","1":"post","2":"type-post","3":"status-publish","4":"format-standard","5":"has-post-thumbnail","7":"category-norge","8":"tag-breaking-news","9":"tag-breakingnews","10":"tag-featured-news","11":"tag-featurednews","12":"tag-headlines","13":"tag-latest-news","14":"tag-latestnews","15":"tag-news","16":"tag-no","17":"tag-norge","18":"tag-norway","19":"tag-nyheter","20":"tag-overskrifter","21":"tag-top-stories","22":"tag-topstories"},"share_on_mastodon":{"url":"https:\/\/pubeurope.com\/@no\/115686856939295756","error":""},"_links":{"self":[{"href":"https:\/\/www.europesays.com\/no\/wp-json\/wp\/v2\/posts\/107973","targetHints":{"allow":["GET"]}}],"collection":[{"href":"https:\/\/www.europesays.com\/no\/wp-json\/wp\/v2\/posts"}],"about":[{"href":"https:\/\/www.europesays.com\/no\/wp-json\/wp\/v2\/types\/post"}],"author":[{"embeddable":true,"href":"https:\/\/www.europesays.com\/no\/wp-json\/wp\/v2\/users\/2"}],"replies":[{"embeddable":true,"href":"https:\/\/www.europesays.com\/no\/wp-json\/wp\/v2\/comments?post=107973"}],"version-history":[{"count":0,"href":"https:\/\/www.europesays.com\/no\/wp-json\/wp\/v2\/posts\/107973\/revisions"}],"wp:featuredmedia":[{"embeddable":true,"href":"https:\/\/www.europesays.com\/no\/wp-json\/wp\/v2\/media\/107974"}],"wp:attachment":[{"href":"https:\/\/www.europesays.com\/no\/wp-json\/wp\/v2\/media?parent=107973"}],"wp:term":[{"taxonomy":"category","embeddable":true,"href":"https:\/\/www.europesays.com\/no\/wp-json\/wp\/v2\/categories?post=107973"},{"taxonomy":"post_tag","embeddable":true,"href":"https:\/\/www.europesays.com\/no\/wp-json\/wp\/v2\/tags?post=107973"}],"curies":[{"name":"wp","href":"https:\/\/api.w.org\/{rel}","templated":true}]}}