{"id":107981,"date":"2025-12-09T00:59:16","date_gmt":"2025-12-09T00:59:16","guid":{"rendered":"https:\/\/www.europesays.com\/no\/107981\/"},"modified":"2025-12-09T00:59:16","modified_gmt":"2025-12-09T00:59:16","slug":"kultur-stange-cathrina-og-sonnen-fikk-mye-kvalitetstid-sammen-na-er-de-spent-pa-hvor-mye-tv-tid-det-blir-pa-ham","status":"publish","type":"post","link":"https:\/\/www.europesays.com\/no\/107981\/","title":{"rendered":"Kultur, Stange | Cathrina og s\u00f8nnen fikk mye kvalitetstid sammen. N\u00e5 er de spent p\u00e5 hvor mye TV-tid det blir p\u00e5 ham"},"content":{"rendered":"\n<p>Det er ikke alle sm\u00e5barn som er like glad i m\u00f8te fremmede. Slik var det imidlertid ikke for Cathrina Hell Lykkes n\u00e5 \u00e5tte \u00e5r gamle s\u00f8nn Matheo fra Stange.<\/p>\n<p>For sju \u00e5r siden skulle det komme en telefon fra et castingbyr\u00e5 som kjente til familien fordi Matheos storebror hadde v\u00e6rt med p\u00e5 noen NRK-produksjoner.<\/p>\n<p>N\u00e5 trengte de en ett-\u00e5ring.<\/p>\n<p>Og et viktig kriterie var at han ikke var skeptisk til at andre l\u00f8ftet ham opp.<\/p>\n<p>Men som Cathrina sier: Han godtok at hvem som helst l\u00f8ftet han opp, og kort tid etter kom telefonen om s\u00f8nnen kunne f\u00e5 en rolle i den popul\u00e6re Netflix-serien \u00abHjem til jul\u00bb.<\/p>\n<p>N\u00e5 er Matheo igjen klar for TV-skjermen n\u00e5r seriens tredje sesong har premiere.<\/p>\n<p>\u2013 Jeg kan ikke se p\u00e5 det en gang<\/p>\n<p>I f\u00f8rjulstida i 2019 fulgte mange \u00abJohannes\u00bb (spilt av Ida Elise Broch) jakt p\u00e5 en kj\u00e6reste \u00e5 ha med hjem til jul. Serien var den mest sette blant nordmenn det \u00e5ret.<\/p>\n<p>Matheo spiller nev\u00f8en til Johanne, og p\u00e5 skjermen har han smokk i munnen.<\/p>\n<p>   <img decoding=\"async\" width=\"3000\" height=\"4000\" fetchpriority=\"low\"  loading=\"lazy\"  src=\"https:\/\/www.europesays.com\/no\/wp-content\/uploads\/2025\/12\/20250117_154301.jpg\" alt=\"\" class=\"brick-c-cFOWSL\" style=\"--brick-image-ratio: 3000 \/ 4000;\"\/><\/p>\n<p>      Matheo med br\u00f8drene i serien og hovedrolleinnhaver Ida Elise Broch.<br \/>\n      Foto: Privat.\n    <\/p>\n<p>\u2013 Hvordan er det \u00e5 se seg selv p\u00e5 TV?<\/p>\n<p>\u2013 Jeg kan ikke se p\u00e5 det en gang, svarer han.<\/p>\n<p>\u2013 Det er helt riktig, sier mamma med en liten latter. Serien har nemlig en aldersgrense p\u00e5 13 \u00e5r.<\/p>\n<p>\u2013 Det er jo en voksenfilm, legger han til.<\/p>\n<p>Men Cathrina har sneket seg rundt aldersgrensen. Hun har sett serien, filmet de strekkene s\u00f8nnen er med og vist ham akkurat det.<\/p>\n<p>Glad for \u00e5 ha mamma med<\/p>\n<p>I den nye sesongen er Matheo fortsatt med i rollen som nev\u00f8.<\/p>\n<p>Mamma Cathrina har v\u00e6rt med n\u00e5r Matheo har v\u00e6rt p\u00e5 filmsettet, men ikke helt inn. P\u00e5 innspillingen er det egne folk som passer p\u00e5 barna, men Matheo syntes det var best at mamma ogs\u00e5 var i n\u00e6rheten.<\/p>\n<p>\u2013 Kroppen min funker ofte, men ikke alltid, forteller han.<\/p>\n<p>Dagene p\u00e5 filmsettet er lange. Det kan v\u00e6re en t\u00e5lmodighetspr\u00f8ve. Samtidig var Matheo gjennom en utredning for ADHD. Cathrina vet hvordan hun skal snu Matheo om han g\u00e5r i l\u00e5s.<\/p>\n<p>\u2013 Det var bare \u00e9n episode hvor det var akkurat i grenseland at jeg klarte \u00e5 snu deg \u00f2g, forteller hun.<\/p>\n<p>   <img decoding=\"async\" width=\"3000\" height=\"4000\" fetchpriority=\"low\"  loading=\"lazy\"  src=\"https:\/\/www.europesays.com\/no\/wp-content\/uploads\/2025\/12\/20250219_174040.jpg\" alt=\"\" class=\"brick-c-cFOWSL\" style=\"--brick-image-ratio: 3000 \/ 4000;\"\/><\/p>\n<p>      Matheo sammen med \u00absjefen over alle sjefer\u00bb p\u00e5 settet.<br \/>\n      Foto: Privat.\n    <\/p>\n<p>Matheo m\u00e5tte ha p\u00e5 seg en lue som kl\u00f8dde og var ubehagelig. Da m\u00e5tte mamma jobbe litt for \u00e5 snu hum\u00f8ret. Redningen ble at kostym\u00f8ren sydde inn et ekstra lag med et stoff som ikke kl\u00f8dde.<\/p>\n<p>\u2013 Hun l\u00f8ste saken, forteller hun.<\/p>\n<p>\u2013 Vi har f\u00e5tt \u00abblondet\u00bb mye<\/p>\n<p>Cathrina syns det var veldig snilt av produksjonen \u00e5 la henne v\u00e6re i n\u00e6rheten under innspillingen. Hun ble tatt vare p\u00e5 som hun var en del av den og fikk ogs\u00e5 ha med barna hun ikke hadde barnevakt for i periodene det var behov for det.<\/p>\n<p>   <img decoding=\"async\" width=\"2160\" height=\"2880\" fetchpriority=\"low\"  loading=\"lazy\"  src=\"https:\/\/www.europesays.com\/no\/wp-content\/uploads\/2025\/12\/Snapchat-1381930399.jpg\" alt=\"\" class=\"brick-c-cFOWSL\" style=\"--brick-image-ratio: 2160 \/ 2880;\"\/><\/p>\n<p>      Milkshaken er et av de gode minnene fra innspillingstida.<br \/>\n      Foto: Privat\n    <\/p>\n<p>Matheo er midterste i s\u00f8skenflokken og Cathrina har satt pris p\u00e5 at skuespillerjobben hans ogs\u00e5 har gitt dem tid sammen bare de to.<\/p>\n<p>\u2013 Vi har f\u00e5tt \u00abbondet\u00bb mye, forteller hun.<\/p>\n<p>I perioder har de bodd p\u00e5 hotell i enten Oslo eller p\u00e5 R\u00f8ros. De har spist middager p\u00e5 restaurant og brukt fritid i basseng eller p\u00e5 lekeland.<\/p>\n<p>Men det har ogs\u00e5 v\u00e6rt \u00ablekser\u00bb, kan Matheo fortelle. I denne sesongen har han ogs\u00e5 hatt replikker han har m\u00e5ttet l\u00e6re seg. Han syns det bare har v\u00e6rt g\u00f8y \u00e5 v\u00e6re med p\u00e5 innspillingen. Bortsett fra \u00e9n gang. Da skulle de spille inn en scene med 2-300 p\u00e5 settet.<\/p>\n<p>\u2013 Det var veldig scary.<\/p>\n<p>Cathrina legger til at han \u00abnaila det\u00bb. N\u00e5 er de to spente p\u00e5 hvor mye han blir synlig i det ferdige produktet som kommer 12. desember. Skuespillerspiren selv forteller at yrket har gitt mersmak.<\/p>\n","protected":false},"excerpt":{"rendered":"Det er ikke alle sm\u00e5barn som er like glad i m\u00f8te fremmede. Slik var det imidlertid ikke for&hellip;\n","protected":false},"author":2,"featured_media":107982,"comment_status":"","ping_status":"","sticky":false,"template":"","format":"standard","meta":{"footnotes":""},"categories":[58],"tags":[36,71,5593,410,220,30,28,29,1551,1510,72],"class_list":{"0":"post-107981","1":"post","2":"type-post","3":"status-publish","4":"format-standard","5":"has-post-thumbnail","7":"category-underholdning","8":"tag-art","9":"tag-entertainment","10":"tag-jul","11":"tag-kultur","12":"tag-netflix","13":"tag-no","14":"tag-norge","15":"tag-norway","16":"tag-stange","17":"tag-story","18":"tag-underholdning"},"share_on_mastodon":{"url":"https:\/\/pubeurope.com\/@no\/115686904501401208","error":""},"_links":{"self":[{"href":"https:\/\/www.europesays.com\/no\/wp-json\/wp\/v2\/posts\/107981","targetHints":{"allow":["GET"]}}],"collection":[{"href":"https:\/\/www.europesays.com\/no\/wp-json\/wp\/v2\/posts"}],"about":[{"href":"https:\/\/www.europesays.com\/no\/wp-json\/wp\/v2\/types\/post"}],"author":[{"embeddable":true,"href":"https:\/\/www.europesays.com\/no\/wp-json\/wp\/v2\/users\/2"}],"replies":[{"embeddable":true,"href":"https:\/\/www.europesays.com\/no\/wp-json\/wp\/v2\/comments?post=107981"}],"version-history":[{"count":0,"href":"https:\/\/www.europesays.com\/no\/wp-json\/wp\/v2\/posts\/107981\/revisions"}],"wp:featuredmedia":[{"embeddable":true,"href":"https:\/\/www.europesays.com\/no\/wp-json\/wp\/v2\/media\/107982"}],"wp:attachment":[{"href":"https:\/\/www.europesays.com\/no\/wp-json\/wp\/v2\/media?parent=107981"}],"wp:term":[{"taxonomy":"category","embeddable":true,"href":"https:\/\/www.europesays.com\/no\/wp-json\/wp\/v2\/categories?post=107981"},{"taxonomy":"post_tag","embeddable":true,"href":"https:\/\/www.europesays.com\/no\/wp-json\/wp\/v2\/tags?post=107981"}],"curies":[{"name":"wp","href":"https:\/\/api.w.org\/{rel}","templated":true}]}}