{"id":107989,"date":"2025-12-09T01:27:12","date_gmt":"2025-12-09T01:27:12","guid":{"rendered":"https:\/\/www.europesays.com\/no\/107989\/"},"modified":"2025-12-09T01:27:12","modified_gmt":"2025-12-09T01:27:12","slug":"britisk-marineveteran-fratatt-retten-til-a-trene-barn-pa-grunn-av-hoyreorienterte-ytringer","status":"publish","type":"post","link":"https:\/\/www.europesays.com\/no\/107989\/","title":{"rendered":"Britisk marineveteran fratatt retten til \u00e5 trene barn p\u00e5 grunn av h\u00f8yreorienterte ytringer"},"content":{"rendered":"<p><strong>En tidligere britisk marinesoldat og fotballtrener hevder han urettmessig er blitt utestengt fra arbeid med barn etter \u00e5 ha uttrykt kritikk av illegal migrasjon. Saken, omtalt av <a href=\"https:\/\/www.telegraph.co.uk\/news\/2025\/12\/07\/right-wingers-branded-danger-to-children\/\" rel=\"nofollow noopener\" target=\"_blank\">The Telegraph,<\/a> har utl\u00f8st sterk debatt om hvorvidt barnevernssystemet misbrukes for \u00e5 sl\u00e5 ned p\u00e5 politiske ytringer.<\/strong><\/p>\n<p>Jamie Michael, en krigsveteran fra S\u00f8r-Wales, ble i fjor siktet for \u00e5 ha oppildnet til rasehat etter at han la ut en video p\u00e5 Facebook i kj\u00f8lvannet av drapene p\u00e5 tre barn i Southport. En jury frikjente ham etter kort tid, men den lokale \u00absafeguarding\u00bb-enheten konkluderte likevel med at han ikke er egnet til \u00e5 arbeide med barn. Den walisiske fotballforeningen fulgte opp ved \u00e5 nekte ham \u00e5 trene datterens lag.<\/p>\n<p>I et intervju med avisen sier Michael:<br \/>\u2013 Det gir ingen mening. Det virker som de vil straffe meg fordi mine meninger ikke stemmer med deres. <\/p>\n<p>Han har saks\u00f8kt myndighetene for brudd p\u00e5 menneskerettighetene og hevder han aldri er blitt forelagt dokumentasjon som forklarer hvorfor han utgj\u00f8r en risiko.<\/p>\n<blockquote class=\"twitter-tweet\">\n<p lang=\"en\" dir=\"ltr\">\u2018I was on remand for 17 days, and a jury set me free in 17 minutes\u2019<\/p>\n<p>Jamie Michael could have gone to prison for speech crime, but was acquitted by a jury of his peers<\/p>\n<p>If David Lammy had his way, Jamie would probably be inside now<\/p>\n<p>From our documentary, Think Before You Post <a href=\"https:\/\/t.co\/baKkI3JDd6\" rel=\"nofollow\">pic.twitter.com\/baKkI3JDd6<\/a><\/p>\n<p>\u2014 spiked (@spikedonline) <a href=\"https:\/\/twitter.com\/spikedonline\/status\/1996213496992636993?ref_src=twsrc%5Etfw\" rel=\"nofollow noopener\" target=\"_blank\">December 3, 2025<\/a><\/p><\/blockquote>\n<p>Free Speech Union, som st\u00f8tter rettssaken hans, hevder at flere personer er blitt meldt til slike enheter etter \u00e5 ha ytret h\u00f8yreorienterte meninger. Organisasjonen beskriver utviklingen som et alvorlig misbruk av ordninger som opprinnelig ble opprettet for \u00e5 beskytte barn etter Soham-drapene i 2002.<\/p>\n<p>Michael, som har trent jentelag p\u00e5 frivillig basis og tidligere passert alle bakgrunnssjekker, sier han opplever stor sosial belastning etter vedtaket. Han mener myndighetene bruker politiske hensyn som grunnlag for \u00e5 hindre ham i \u00e5 v\u00e6re fotballtrener, og at hans frikjennelse ikke har blitt tatt i betraktning.<\/p>\n<p>-Jeg vil bare ha ansvarlighet. Jeg vil ikke at de skal fortsette \u00e5 \u00f8delegge liv, sier han.<br \/>Michael mener saken hans inng\u00e5r i et st\u00f8rre m\u00f8nster der ytringer om migrasjon og offentlig politikk blir tolket som ekstremisme. Safeguarding-brettet sier de ikke kan kommentere s\u00e5 lenge det p\u00e5g\u00e5r rettslige prosesser.<\/p>\n<p><script async src=\"https:\/\/platform.twitter.com\/widgets.js\" charset=\"utf-8\"><\/script><\/p>\n","protected":false},"excerpt":{"rendered":"En tidligere britisk marinesoldat og fotballtrener hevder han urettmessig er blitt utestengt fra arbeid med barn etter \u00e5&hellip;\n","protected":false},"author":2,"featured_media":107990,"comment_status":"","ping_status":"","sticky":false,"template":"","format":"standard","meta":{"footnotes":""},"categories":[12],"tags":[20,21,24,25,13392,15,22,23,13,30,28,29,14,16,865,26,27,42,43,44,45,3492],"class_list":{"0":"post-107989","1":"post","2":"type-post","3":"status-publish","4":"format-standard","5":"has-post-thumbnail","7":"category-verden","8":"tag-breaking-news","9":"tag-breakingnews","10":"tag-featured-news","11":"tag-featurednews","12":"tag-free-speech-union","13":"tag-headlines","14":"tag-latest-news","15":"tag-latestnews","16":"tag-news","17":"tag-no","18":"tag-norge","19":"tag-norway","20":"tag-nyheter","21":"tag-overskrifter","22":"tag-storbritannia","23":"tag-top-stories","24":"tag-topstories","25":"tag-verden","26":"tag-world","27":"tag-world-news","28":"tag-worldnews","29":"tag-ytringsfrihet"},"share_on_mastodon":{"url":"https:\/\/pubeurope.com\/@no\/115687013961018573","error":""},"_links":{"self":[{"href":"https:\/\/www.europesays.com\/no\/wp-json\/wp\/v2\/posts\/107989","targetHints":{"allow":["GET"]}}],"collection":[{"href":"https:\/\/www.europesays.com\/no\/wp-json\/wp\/v2\/posts"}],"about":[{"href":"https:\/\/www.europesays.com\/no\/wp-json\/wp\/v2\/types\/post"}],"author":[{"embeddable":true,"href":"https:\/\/www.europesays.com\/no\/wp-json\/wp\/v2\/users\/2"}],"replies":[{"embeddable":true,"href":"https:\/\/www.europesays.com\/no\/wp-json\/wp\/v2\/comments?post=107989"}],"version-history":[{"count":0,"href":"https:\/\/www.europesays.com\/no\/wp-json\/wp\/v2\/posts\/107989\/revisions"}],"wp:featuredmedia":[{"embeddable":true,"href":"https:\/\/www.europesays.com\/no\/wp-json\/wp\/v2\/media\/107990"}],"wp:attachment":[{"href":"https:\/\/www.europesays.com\/no\/wp-json\/wp\/v2\/media?parent=107989"}],"wp:term":[{"taxonomy":"category","embeddable":true,"href":"https:\/\/www.europesays.com\/no\/wp-json\/wp\/v2\/categories?post=107989"},{"taxonomy":"post_tag","embeddable":true,"href":"https:\/\/www.europesays.com\/no\/wp-json\/wp\/v2\/tags?post=107989"}],"curies":[{"name":"wp","href":"https:\/\/api.w.org\/{rel}","templated":true}]}}