{"id":107993,"date":"2025-12-09T01:34:14","date_gmt":"2025-12-09T01:34:14","guid":{"rendered":"https:\/\/www.europesays.com\/no\/107993\/"},"modified":"2025-12-09T01:34:14","modified_gmt":"2025-12-09T01:34:14","slug":"brann-pa-triaden-storsenter-i-lorenskog-stor-oslo","status":"publish","type":"post","link":"https:\/\/www.europesays.com\/no\/107993\/","title":{"rendered":"Brann p\u00e5 Triaden storsenter i L\u00f8renskog \u2013 Stor-Oslo"},"content":{"rendered":"<p>N\u00f8detatene rykket mandag ettermiddag ut til Triaden storsenter i L\u00f8renskog etter flere meldinger om brann.<\/p>\n<p><strong>Det ble meldt om mye r\u00f8yk og flammer p\u00e5 Meny.<\/strong><\/p>\n<p>Flere evakuerte seg selv. Ingen er skadet eller har f\u00e5tt i seg r\u00f8yk.<\/p>\n<p><strong>I en oppdatering skriver politiet at brannen er slukket.<\/strong><\/p>\n<p>Sk\u00e5rersletta ble sperret for trafikk en periode. I 17.20-tiden er fremdeles et lite omr\u00e5de sperret av.<\/p>\n<p>Senteret er i drift igjen, og kundene kan returnere, melder politiet.<\/p>\n<p>De har brent i en t\u00f8nne og det for\u00e5rsaket mye r\u00f8yk.<\/p>\n<p>\u2013 T\u00f8nnen sto inne p\u00e5 varelageret til Meny, skriver politiet i en oppdatering.<\/p>\n<p><a class=\"login-banner-hack\" href=\"https:\/\/www.nrk.no\/logginn?context=article-plug\" style=\"padding: 0; border: none; display: none\" rel=\"nofollow noopener\" target=\"_blank\"><\/p>\n<p>            <img decoding=\"async\"   src=\"data:image\/gif;base64,R0lGODlhAQABAIAAAAAAAP\/\/\/yH5BAEAAAAALAAAAAABAAEAAAIBRAA7\" alt=\"Oppfordring til \u00e5 logge p\u00e5 NRKs tjenester\" title=\"Foto: Odd Arne Olderbakk\"\/><\/p>\n<p>            <img decoding=\"async\"   src=\"data:image\/gif;base64,R0lGODlhAQABAIAAAAAAAP\/\/\/yH5BAEAAAAALAAAAAABAAEAAAIBRAA7\" alt=\"Oppfordring til \u00e5 logge p\u00e5 NRKs tjenester\" title=\"Foto: Odd Arne Olderbakk\"\/><\/p>\n<p><\/a><\/p>\n<p>Publisert<\/p>\n<p>08.12.2025, kl. 16.31<\/p>\n<p>Oppdatert<\/p>\n<p>08.12.2025, kl. 17.24<\/p>\n","protected":false},"excerpt":{"rendered":"N\u00f8detatene rykket mandag ettermiddag ut til Triaden storsenter i L\u00f8renskog etter flere meldinger om brann. Det ble meldt&hellip;\n","protected":false},"author":2,"featured_media":107994,"comment_status":"","ping_status":"","sticky":false,"template":"","format":"standard","meta":{"footnotes":""},"categories":[12],"tags":[20,21,24,25,15,22,23,13,30,28,29,14,16,26,27,42,43,44,45],"class_list":{"0":"post-107993","1":"post","2":"type-post","3":"status-publish","4":"format-standard","5":"has-post-thumbnail","7":"category-verden","8":"tag-breaking-news","9":"tag-breakingnews","10":"tag-featured-news","11":"tag-featurednews","12":"tag-headlines","13":"tag-latest-news","14":"tag-latestnews","15":"tag-news","16":"tag-no","17":"tag-norge","18":"tag-norway","19":"tag-nyheter","20":"tag-overskrifter","21":"tag-top-stories","22":"tag-topstories","23":"tag-verden","24":"tag-world","25":"tag-world-news","26":"tag-worldnews"},"share_on_mastodon":{"url":"https:\/\/pubeurope.com\/@no\/115687041540011467","error":""},"_links":{"self":[{"href":"https:\/\/www.europesays.com\/no\/wp-json\/wp\/v2\/posts\/107993","targetHints":{"allow":["GET"]}}],"collection":[{"href":"https:\/\/www.europesays.com\/no\/wp-json\/wp\/v2\/posts"}],"about":[{"href":"https:\/\/www.europesays.com\/no\/wp-json\/wp\/v2\/types\/post"}],"author":[{"embeddable":true,"href":"https:\/\/www.europesays.com\/no\/wp-json\/wp\/v2\/users\/2"}],"replies":[{"embeddable":true,"href":"https:\/\/www.europesays.com\/no\/wp-json\/wp\/v2\/comments?post=107993"}],"version-history":[{"count":0,"href":"https:\/\/www.europesays.com\/no\/wp-json\/wp\/v2\/posts\/107993\/revisions"}],"wp:featuredmedia":[{"embeddable":true,"href":"https:\/\/www.europesays.com\/no\/wp-json\/wp\/v2\/media\/107994"}],"wp:attachment":[{"href":"https:\/\/www.europesays.com\/no\/wp-json\/wp\/v2\/media?parent=107993"}],"wp:term":[{"taxonomy":"category","embeddable":true,"href":"https:\/\/www.europesays.com\/no\/wp-json\/wp\/v2\/categories?post=107993"},{"taxonomy":"post_tag","embeddable":true,"href":"https:\/\/www.europesays.com\/no\/wp-json\/wp\/v2\/tags?post=107993"}],"curies":[{"name":"wp","href":"https:\/\/api.w.org\/{rel}","templated":true}]}}