{"id":107997,"date":"2025-12-09T01:52:11","date_gmt":"2025-12-09T01:52:11","guid":{"rendered":"https:\/\/www.europesays.com\/no\/107997\/"},"modified":"2025-12-09T01:52:11","modified_gmt":"2025-12-09T01:52:11","slug":"derfor-er-det-nye-sammenstot-mellom-thailand-og-kambodsja","status":"publish","type":"post","link":"https:\/\/www.europesays.com\/no\/107997\/","title":{"rendered":"Derfor er det nye sammenst\u00f8t mellom Thailand og Kambodsja"},"content":{"rendered":"\n<ul class=\"_list_o9xde_3 _list_64s2r_85 _unordered_o9xde_106 text-sans-m\">\n<li class=\"_item_o9xde_30\">Fredsavtalen mellom Thailand og Kambodsja er brutt og kamphandlinger har gjenopptatt etter seks ukers v\u00e5penhvile.<\/li>\n<li class=\"_item_o9xde_30\">Sivile m\u00e5l har blitt truffet, og partene beskylder hverandre for brudd p\u00e5 avtalen.<\/li>\n<li class=\"_item_o9xde_30\">Norske UD frar\u00e5der reiser til grenseomr\u00e5dene.<\/li>\n<\/ul>\n<p>Vis mer <\/p>\n<p class=\"_paragraph_o9xde_4 _paragraph_xtcu6_10 layout-component text-serif-m layout-normal text-serif-m layout-padded\">Det er bare uker siden deres statsministere tok hverandre i hendene og signerte en fredsavtale. <\/p>\n<p class=\"_paragraph_o9xde_4 _paragraph_xtcu6_10 layout-component text-serif-m layout-normal text-serif-m layout-padded\"><strong class=\"_strong_o9xde_25\">N\u00e5 er det sammenst\u00f8t mellom <a href=\"https:\/\/www.vg.no\/tag\/thailand?utm_source=vg-article&amp;utm_medium=auto-tagger&amp;utm_campaign=0pE9v0\" class=\"_link_o9xde_39\" rel=\"nofollow noopener\" target=\"_blank\">Thailand<\/a> og Kambodsja igjen. <\/strong><\/p>\n<p class=\"_paragraph_o9xde_4 _paragraph_xtcu6_10 layout-component text-serif-m layout-normal text-serif-m layout-padded\">Grensen mellom Thailand og Kambodsja er 817 kilometer lang. I over hundre \u00e5r har de to landene v\u00e6rt uenige om akkurat denne.<\/p>\n<p class=\"_paragraph_o9xde_4 _paragraph_xtcu6_10 layout-component text-serif-m layout-normal text-serif-m layout-padded\">Men det siste \u00e5ret har det v\u00e6rt spesielt spent mellom de to landene etter flere sammenst\u00f8t. <\/p>\n<p><img decoding=\"async\" alt=\"Bilde av Marte Nilsen\" class=\"_image_ygndg_42\" height=\"60\" itemprop=\"image\" loading=\"lazy\"  src=\"https:\/\/www.europesays.com\/no\/wp-content\/uploads\/2025\/12\/c0a4b2be-9124-4f2c-a42f-bd99d74b3798\"  width=\"40\"\/><strong class=\"_name_ygndg_51 title-serif-xs\">Marte Nilsen<\/strong><\/p>\n<p class=\"_paragraph_o9xde_4 text-sans-m _description_ygndg_56\">Seniorforsker ved Prio<\/p>\n<p class=\"_paragraph_o9xde_4 _paragraph_xtcu6_10 layout-component text-serif-m layout-normal text-serif-m layout-padded\">\u2013 Det er ganske uvanlig, s\u00e6rlig siden det er trefninger mot sivile m\u00e5l, sier Marte Nilsen, seniorforsker ved PRIO. <\/p>\n<p>Hva har skjedd n\u00e5?<\/p>\n<p class=\"_paragraph_o9xde_4 _paragraph_xtcu6_10 layout-component text-serif-m layout-normal text-serif-m layout-padded\"><a href=\"https:\/\/www.vg.no\/nyheter\/i\/3pjB8P\/thailand-har-gjennomfoert-luftangrep-langs-grensen-til-kambodsja\" data-track-element-type=\"Link\" data-track-id=\"link:3pjB8P\" class=\"_link_o9xde_39\" rel=\"nofollow noopener\" target=\"_blank\">S\u00f8ndag \u00e5pnet de to landene<\/a> ild mot hverandre igjen etter en seks uker lang v\u00e5penhvile. Sivile skal v\u00e6re drept. <\/p>\n<p class=\"_paragraph_o9xde_4 _paragraph_xtcu6_10 layout-component text-serif-m layout-normal text-serif-m layout-padded\">B\u00e5de Thailand og Kambodsja anklager hverandre for \u00e5 ha brutt v\u00e5penhvilen. <\/p>\n<p class=\"_paragraph_o9xde_4 _paragraph_xtcu6_10 layout-component text-serif-m layout-normal text-serif-m layout-padded\">\u2013 Det vil ikke bli noe forhandlinger. Fra n\u00e5 av m\u00e5 Kambodsja bare lyde. Om de vil stanse kampene, m\u00e5 de gj\u00f8re som Thailand bestemmer, sier landets statsminister.<\/p>\n<p class=\"_paragraph_o9xde_4 _paragraph_xtcu6_10 layout-component text-serif-m layout-normal text-serif-m layout-padded\">Norske Carsten Flo og kj\u00e6resten Amporn Kosa har m\u00e5ttet flykte: <a href=\"https:\/\/www.vg.no\/nyheter\/i\/3pjB8P\/thailand-har-gjennomfoert-luftangrep-langs-grensen-til-kambodsja\" data-track-element-type=\"Link\" data-track-id=\"link:3pjB8P\" class=\"_link_o9xde_39\" rel=\"nofollow noopener\" target=\"_blank\">Les om det her. <\/a><\/p>\n<p>Hvorfor kriger de?<\/p>\n<p class=\"_paragraph_o9xde_4 _paragraph_xtcu6_10 layout-component text-serif-m layout-normal text-serif-m layout-padded\">Konflikten g\u00e5r tilbake til kolonitiden. <\/p>\n<p class=\"_paragraph_o9xde_4 _paragraph_xtcu6_10 layout-component text-serif-m layout-normal text-serif-m layout-padded\">I 1863 ble Kambodsja en del av det franske kolonistyre. Grensene til Thailand, da Siam, ble tegnet opp etter press fra Frankrike. <\/p>\n<p class=\"_paragraph_o9xde_4 _paragraph_xtcu6_10 layout-component text-serif-m layout-normal text-serif-m layout-padded\"><strong class=\"_strong_o9xde_25\">Det er kartet fra 1907 som mange trekker frem som kilden til problemene. Det har v\u00e6rt ulike tolkninger av dette kartet. <\/strong><\/p>\n<p class=\"_paragraph_o9xde_4 _paragraph_xtcu6_10 layout-component text-serif-m layout-normal text-serif-m layout-padded\">Tre \u00e5r tidligere var Thailand og Kambodsja blitt enige om at deres grense skulle f\u00f8lge den naturlige vannskillelinjen. <\/p>\n<p><img alt=\"Dette tempelet er noe av stridens kjerne.  Foto: Heng Sinith \/ AP \/ NTB\" class=\"_image_qp4xg_65 layout-component layout-normal\" data-fullscreen- data-track-element-type=\"Article image fullscreen\" data-track-name=\"ImageFullscreen\" decoding=\"async\" loading=\"lazy\" height=\"2139\" itemprop=\"image\"  src=\"https:\/\/www.europesays.com\/no\/wp-content\/uploads\/2025\/12\/1e554c11-5b57-4c5e-8213-11ef7b457c49\"  style=\"object-position:0% 0%\" width=\"3208\"\/>Dette tempelet er noe av stridens kjerne.  Foto: Heng Sinith \/ AP \/ NTB<\/p>\n<p class=\"_paragraph_o9xde_4 _paragraph_xtcu6_10 layout-component text-serif-m layout-normal text-serif-m layout-padded\">Det har v\u00e6rt flere fors\u00f8k p\u00e5 \u00e5 avklare hvor grensen g\u00e5r. Langs denne grensen st\u00e5r det ogs\u00e5 noen templer som er viktig for Thailand og Kambodsja. <\/p>\n<p class=\"_paragraph_o9xde_4 _paragraph_xtcu6_10 layout-component text-serif-m layout-normal text-serif-m layout-padded\">Spesielt Preah Vihear-tempelet er en del av stridens kjerne. Dette er et gammelt tempel som ligger p\u00e5 en fjellhylle n\u00e6r grensen mellom Thailand og Kambodsja.<\/p>\n<p class=\"_paragraph_o9xde_4 _paragraph_xtcu6_10 layout-component text-serif-m layout-normal text-serif-m layout-padded\">Kartet fra 1907 plasserer dette i Kambodsja, men det ligger p\u00e5 den thailandske siden av vannskillet. <\/p>\n<p class=\"_paragraph_o9xde_4 _paragraph_xtcu6_10 layout-component text-serif-m layout-normal text-serif-m layout-padded\">Domstolen i Haag konkluderte i 1962 om at tempelet ligger p\u00e5 kambodsjansk territorium.<\/p>\n<p class=\"_paragraph_o9xde_4 _paragraph_xtcu6_10 layout-component text-serif-m layout-normal text-serif-m layout-padded\">De siste ti\u00e5rene har det v\u00e6rt flere fors\u00f8k p\u00e5 \u00e5 reforhandle grensene. <\/p>\n<p>Hadde de ikke en fredsavtale?<\/p>\n<p class=\"_paragraph_o9xde_4 _paragraph_xtcu6_10 layout-component text-serif-m layout-normal text-serif-m layout-padded\">I \u00e5r har det v\u00e6rt milit\u00e6r mobilisering b\u00e5de i Thailand og Kambodsja. I juli eskalerte det og i l\u00f8pet av fem dager br\u00f8t det ut fulle krigshandlinger. <\/p>\n<p class=\"_paragraph_o9xde_4 _paragraph_xtcu6_10 layout-component text-serif-m layout-normal text-serif-m layout-padded\">I oktober m\u00f8ttes de p\u00e5 Asean-m\u00f8tet i Malaysia og en fredsavtale ble signert under oppsyn av USAs president Donald Trump. <\/p>\n<p class=\"_paragraph_o9xde_4 _paragraph_xtcu6_10 layout-component text-serif-m layout-normal text-serif-m layout-padded\"><strong class=\"_strong_o9xde_25\">Tydeligvis var avtalen skj\u00f8r.<\/strong><\/p>\n<p><img alt=\"USAs president Donald Trump (t.h.) ser p\u00e5 mens Kambodsjas statsminister Hun Manet (i midten) og Thailands statsminister Anutin Charnviraku signerer fredsavtalen i oktober.   Foto: ANDREW CABALLERO-REYNOLDS \/ AFP \/ NTB\" class=\"_image_qp4xg_65 layout-component layout-normal\" data-fullscreen- data-track-element-type=\"Article image fullscreen\" data-track-name=\"ImageFullscreen\" decoding=\"async\" loading=\"lazy\" height=\"5504\" itemprop=\"image\"  src=\"https:\/\/www.europesays.com\/no\/wp-content\/uploads\/2025\/12\/3126d7b9-dd9b-4498-bc33-e658807a563b\"  style=\"object-position:0% 0%\" width=\"8256\"\/>USAs president Donald Trump (t.h.) ser p\u00e5 mens Kambodsjas statsminister Hun Manet (i midten) og Thailands statsminister Anutin Charnviraku signerer fredsavtalen i oktober.   Foto: ANDREW CABALLERO-REYNOLDS \/ AFP \/ NTB<\/p>\n<p class=\"_paragraph_o9xde_4 _paragraph_xtcu6_10 layout-component text-serif-m layout-normal text-serif-m layout-padded\">\u2013 Det tyder p\u00e5 at de ikke stakk veldig dypt for noen av partene, sier Nilsen.<\/p>\n<p class=\"_paragraph_o9xde_4 _paragraph_xtcu6_10 layout-component text-serif-m layout-normal text-serif-m layout-padded\">Hun mener at det sikkert nok handlet om \u00e5 ta fokuset vekk fra Donald Trump som truet med nye straffetoller. <\/p>\n<p class=\"_paragraph_o9xde_4 _paragraph_xtcu6_10 layout-component text-serif-m layout-normal text-serif-m layout-padded\">If\u00f8lge Nilsen var begge partene tydelige overfor egen befolkning om fredsavtalen ikke var \u00e5 avgi suverenitet p\u00e5 noen som helst m\u00e5te. <\/p>\n<p class=\"_paragraph_o9xde_4 _paragraph_xtcu6_10 layout-component text-serif-m layout-normal text-serif-m layout-padded\">\u2013 Dette er en sak mellom Thailand og motparten, sa Thailands statsminister Anutin Charnvirakul da han fikk sp\u00f8rsm\u00e5l om han hadde snakket med Donald Trump eller Malaysias statsminister mandag. <\/p>\n<p>Hva skjer fremover?<\/p>\n<p class=\"_paragraph_o9xde_4 _paragraph_xtcu6_10 layout-component text-serif-m layout-normal text-serif-m layout-padded\">Nilsen sier at det er vanskelig \u00e5 orientere seg fordi det er mange anklager mellom partene. Hun sier at det ogs\u00e5 er snakk om veldig lite n\u00f8ytrale kilder i konflikten. <\/p>\n<p class=\"_paragraph_o9xde_4 _paragraph_xtcu6_10 layout-component text-serif-m layout-normal text-serif-m layout-padded\">\u2013 Jeg tror det kan bli ganske spent i lang tid fremover, men jeg h\u00e5per det jo selvf\u00f8lgelig ikke. <\/p>\n<p class=\"_paragraph_o9xde_4 _paragraph_xtcu6_10 layout-component text-serif-m layout-normal text-serif-m layout-padded\">Hun tror heller ikke at det kommer til \u00e5 bli noe s\u00e6rlig stor utvikling eller eskalering utover det vi har sett natt til mandag. <\/p>\n<p class=\"_paragraph_o9xde_4 _paragraph_xtcu6_10 layout-component text-serif-m layout-normal text-serif-m layout-padded\"><strong class=\"_strong_o9xde_25\">\u2013 Men det er klart at n\u00e5r man sender bombefly over grensen, s\u00e5 er det en alvorlig utvikling, sier Nilsen. <\/strong><\/p>\n<p><img alt=\"Folk som har flyktet etter nye sammenst\u00f8t langs grensen.   Foto: AKP \/ AFP \/ NTB\" class=\"_image_qp4xg_65 layout-component layout-normal\" data-fullscreen- data-track-element-type=\"Article image fullscreen\" data-track-name=\"ImageFullscreen\" decoding=\"async\" loading=\"lazy\" height=\"3648\" itemprop=\"image\"  src=\"https:\/\/www.europesays.com\/no\/wp-content\/uploads\/2025\/12\/45fbef90-8fdc-4c5d-8cf3-0561918e20b3\"  style=\"object-position:0% 0%\" width=\"5472\"\/>Folk som har flyktet etter nye sammenst\u00f8t langs grensen.   Foto: AKP \/ AFP \/ NTB<\/p>\n<p class=\"_paragraph_o9xde_4 _paragraph_xtcu6_10 layout-component text-serif-m layout-normal text-serif-m layout-padded\">Det norske utenriksdepartementet frar\u00e5der norske borgere \u00e5 reise til grenseomr\u00e5dene. De er ikke kjent med at norske borgere er rammet av kamphandlingene.<\/p>\n<p class=\"_paragraph_o9xde_4 _paragraph_xtcu6_10 layout-component text-serif-m layout-normal text-serif-m layout-padded\">If\u00f8lge dem er det i underkant av 1000 norske borgere for tiden registrert som p\u00e5 reise i Thailand og i underkant av 100 i Kambodsja. Det er frivillig \u00e5 registrere seg, og det faktiske antallet kan v\u00e6re h\u00f8yere, opplyser de. <\/p>\n<p class=\"_paragraph_o9xde_4 _paragraph_xtcu6_10 layout-component text-serif-m layout-normal text-serif-m layout-padded\">\u2013 Vi vurderer fortl\u00f8pende om det er behov for \u00e5 justere v\u00e5re reiseadvarsler, men vi frar\u00e5der allerede reiser til grenseomr\u00e5dene, sier Mathias Rongved, kommunikasjonsr\u00e5dgiver i UD. <\/p>\n","protected":false},"excerpt":{"rendered":"Fredsavtalen mellom Thailand og Kambodsja er brutt og kamphandlinger har gjenopptatt etter seks ukers v\u00e5penhvile. Sivile m\u00e5l har&hellip;\n","protected":false},"author":2,"featured_media":107998,"comment_status":"","ping_status":"","sticky":false,"template":"","format":"standard","meta":{"footnotes":""},"categories":[5],"tags":[20,21,55,24,25,15,19,3549,22,23,17,18,13,30,28,29,14,16,745,26,27],"class_list":{"0":"post-107997","1":"post","2":"type-post","3":"status-publish","4":"format-standard","5":"has-post-thumbnail","7":"category-overskrifter","8":"tag-breaking-news","9":"tag-breakingnews","10":"tag-donald-trump","11":"tag-featured-news","12":"tag-featurednews","13":"tag-headlines","14":"tag-hovedoppslag","15":"tag-kambodsja","16":"tag-latest-news","17":"tag-latestnews","18":"tag-main-news","19":"tag-mainnews","20":"tag-news","21":"tag-no","22":"tag-norge","23":"tag-norway","24":"tag-nyheter","25":"tag-overskrifter","26":"tag-thailand","27":"tag-top-stories","28":"tag-topstories"},"share_on_mastodon":{"url":"https:\/\/pubeurope.com\/@no\/115687112592762955","error":""},"_links":{"self":[{"href":"https:\/\/www.europesays.com\/no\/wp-json\/wp\/v2\/posts\/107997","targetHints":{"allow":["GET"]}}],"collection":[{"href":"https:\/\/www.europesays.com\/no\/wp-json\/wp\/v2\/posts"}],"about":[{"href":"https:\/\/www.europesays.com\/no\/wp-json\/wp\/v2\/types\/post"}],"author":[{"embeddable":true,"href":"https:\/\/www.europesays.com\/no\/wp-json\/wp\/v2\/users\/2"}],"replies":[{"embeddable":true,"href":"https:\/\/www.europesays.com\/no\/wp-json\/wp\/v2\/comments?post=107997"}],"version-history":[{"count":0,"href":"https:\/\/www.europesays.com\/no\/wp-json\/wp\/v2\/posts\/107997\/revisions"}],"wp:featuredmedia":[{"embeddable":true,"href":"https:\/\/www.europesays.com\/no\/wp-json\/wp\/v2\/media\/107998"}],"wp:attachment":[{"href":"https:\/\/www.europesays.com\/no\/wp-json\/wp\/v2\/media?parent=107997"}],"wp:term":[{"taxonomy":"category","embeddable":true,"href":"https:\/\/www.europesays.com\/no\/wp-json\/wp\/v2\/categories?post=107997"},{"taxonomy":"post_tag","embeddable":true,"href":"https:\/\/www.europesays.com\/no\/wp-json\/wp\/v2\/tags?post=107997"}],"curies":[{"name":"wp","href":"https:\/\/api.w.org\/{rel}","templated":true}]}}