{"id":107999,"date":"2025-12-09T01:53:12","date_gmt":"2025-12-09T01:53:12","guid":{"rendered":"https:\/\/www.europesays.com\/no\/107999\/"},"modified":"2025-12-09T01:53:12","modified_gmt":"2025-12-09T01:53:12","slug":"moller-wolfe-om-wolverhampton-krisen-utrolig-toft","status":"publish","type":"post","link":"https:\/\/www.europesays.com\/no\/107999\/","title":{"rendered":"M\u00f8ller Wolfe om Wolverhampton-krisen: \u2013 Utrolig t\u00f8ft"},"content":{"rendered":"\n<p class=\"_lead_o9xde_2 _lead_xtcu6_50 layout-component text-serif-m layout-normal text-serif-l layout-component layout-wide layout-padded _wide_17hqh_1 layout-padded\">J\u00f8rgen Strand Larsen (25) og David M\u00f8ller Wolfe (23) sliter stort som tabelljumbo i Premier League.<\/p>\n<p><img alt=\"David M\u00f8ller Wolfe fortviler etter tapet mot Manchester United. Foto: Matthew Childs \/ Reuters \/ NTB\" class=\"_image_qp4xg_65 layout-component layout-wide\" data-fullscreen- data-track-element-type=\"Article image fullscreen\" data-track-name=\"ImageFullscreen\" fetchpriority=\"high\" decoding=\"sync\" loading=\"eager\" height=\"2626\" itemprop=\"image\"  src=\"https:\/\/www.europesays.com\/no\/wp-content\/uploads\/2025\/12\/86d93d16-f973-4206-a2fe-d0f830e3a4a0\"  style=\"object-position:0% 0%\" width=\"3878\"\/>David M\u00f8ller Wolfe fortviler etter tapet mot Manchester United. Foto: Matthew Childs \/ Reuters \/ NTB<\/p>\n<ul aria-hidden=\"true\" class=\"_images_ntbth_112\">\n<li><a class=\"_link_ntbth_117\" href=\"https:\/\/www.vg.no\/forfatter\/andreas-hopen\" style=\"z-index:1\" title=\"Andreas Hopen\" rel=\"nofollow noopener\" target=\"_blank\"><img alt=\"Bilde av Andreas Hopen\" class=\"_image_ntbth_93\" fetchpriority=\"low\" loading=\"lazy\" decoding=\"async\" itemprop=\"image\"  src=\"https:\/\/www.europesays.com\/no\/wp-content\/uploads\/2025\/12\/1765245191_518_8d697287-ea03-4d54-ab67-6d65b82629eb\"  width=\"480\"\/><\/a><\/li>\n<\/ul>\n<p> Oppdatert tirsdag 9. desember kl. 02:18    <\/p>\n<ul class=\"_list_o9xde_3 _list_64s2r_85 _unordered_o9xde_106 text-sans-m\">\n<li class=\"_item_o9xde_30\">To norske spillere, J\u00f8rgen Strand Larsen og David M\u00f8ller Wolfe, sliter med Wolverhamptons sportslige krise i Premier League.<\/li>\n<li class=\"_item_o9xde_30\">Wolves har tapt \u00e5tte strake kamper, og hjemmesupporternes misn\u00f8ye er tydelig.<\/li>\n<li class=\"_item_o9xde_30\">Landslagsback David M\u00f8ller Wolfe erkjenner problemene og forst\u00e5r fansens reaksjoner.<\/li>\n<li class=\"_item_o9xde_30\">Trener Rob Edwards mener den fiendlige stemningen gj\u00f8r det vanskelig \u00e5 prestere.<\/li>\n<\/ul>\n<p>Vis mer <\/p>\n<p class=\"_paragraph_o9xde_4 _paragraph_xtcu6_10 layout-component text-serif-m layout-normal text-serif-m layout-padded\">Wolverhampton jakter negative rekorder i <a href=\"https:\/\/www.vg.no\/tag\/premier-league?utm_source=vg-article&amp;utm_medium=auto-tagger&amp;utm_campaign=rrLdjK\" class=\"_link_o9xde_39\" rel=\"nofollow noopener\" target=\"_blank\">Premier League<\/a> &#8211; midt i den sportslige krisen st\u00e5r to nordmenn. <\/p>\n<p class=\"_paragraph_o9xde_4 _paragraph_xtcu6_10 layout-component text-serif-m layout-normal text-serif-m layout-padded\">\u2013 Det er utrolig t\u00f8ft, men jeg vet at jeg er en del av problemet som alle andre, sa en tydelig preget David M\u00f8ller Wolfe til Viaplay etter at han og Wolves tapte sin \u00e5ttende strake ligakamp.<\/p>\n<p class=\"_paragraph_o9xde_4 _paragraph_xtcu6_10 layout-component text-serif-m layout-normal text-serif-m layout-padded\">P\u00e5 stillingen 1\u20133 mandag ble J\u00f8rgen Strand Larsen tatt av. Hjemmesupporterne jublet h\u00f8ylytt da navnet til den norske spissen ble lest opp.<\/p>\n<p class=\"_paragraph_o9xde_4 _paragraph_xtcu6_10 layout-component text-serif-m layout-normal text-serif-m layout-padded\">\u2013 Det er opp til oss \u00e5 f\u00e5 dem med oss. Vi spillerne m\u00e5 gi dem en grunn til \u00e5 ta ryggen v\u00e5r &#8211; til \u00e5 heie p\u00e5 oss. S\u00e5 langt i \u00e5r har vi ikke gitt dem en eneste grunn. Jeg skj\u00f8nner at de reagerer som de gj\u00f8r, sier landslagsbacken om stemningen p\u00e5 eget gress.<\/p>\n<p class=\"_paragraph_o9xde_4 _paragraph_xtcu6_10 layout-component text-serif-m layout-normal text-serif-m layout-padded\">Wolves-trener Rob Edwards mener det blir vanskelig \u00e5 prestere med den fiendlige stemningen mot eget lag.<\/p>\n<p class=\"_paragraph_o9xde_4 _paragraph_xtcu6_10 layout-component text-serif-m layout-normal text-serif-m layout-padded\">\u2013 Det er vanskelig for spillerne \u00e5 prestere p\u00e5 sitt beste, men de m\u00e5 pr\u00f8ve \u00e5 ikke h\u00f8re p\u00e5 lyden. Jeg forst\u00e5r hvorfor supporterne er sinte, vi har ikke vunnet p\u00e5 lenge &#8211; men vi m\u00e5 pr\u00f8ve \u00e5 vinne dem over, sier Wolves-treneren til Viaplay.<\/p>\n<p class=\"_paragraph_o9xde_4 _paragraph_xtcu6_10 layout-component text-serif-m layout-normal text-serif-m layout-padded\">Fotballekspert P\u00e5l-Andre Helland forst\u00e5r hjemmesupporterne.<\/p>\n<p class=\"_paragraph_o9xde_4 _paragraph_xtcu6_10 layout-component text-serif-m layout-normal text-serif-m layout-padded\">\u2013 Han (Strand Larsen) har ingen h\u00f8y stjerne hos hjemmesupporterne etter overgangssagaen i sommer, kombinert med at han bare har scoret ett m\u00e5l p\u00e5 femten kamper, sier Viaplay-eksperten.<\/p>\n<p class=\"_paragraph_o9xde_4 _paragraph_xtcu6_10 layout-component text-serif-m layout-normal text-serif-m layout-padded\">Strand Larsens m\u00e5l kom 26. oktober &#8211; det var ogs\u00e5 sist Wolverhampton scoret &#8211; f\u00f8r de endte en 43 dager lang m\u00e5lt\u00f8rke mot Manchester United.<\/p>\n<p class=\"_paragraph_o9xde_4 _paragraph_xtcu6_10 layout-component text-serif-m layout-normal text-serif-m layout-padded\">Men ogs\u00e5 der ble det tap &#8211; det trettende ligatapet for tabelljumboen som ikke har vunnet en kamp siden 26. april.<\/p>\n<p class=\"_paragraph_o9xde_4 _paragraph_xtcu6_10 layout-component text-serif-m layout-normal text-serif-m layout-padded\">\u2013 Det jeg s\u00e5 i dag var n\u00e6rmest sjokkerende svakt, sier Tor-Ole Skullerud etter kampslutt p\u00e5 Molineux.<\/p>\n<p class=\"_paragraph_o9xde_4 _paragraph_xtcu6_10 layout-component text-serif-m layout-normal text-serif-m layout-padded\">Deler av hjemmepublikummet kom ikke inn p\u00e5 stadion f\u00f8r det var spilt femten minutter. I overtiden runget \u00abWe want Fosun out\u00bb fra de f\u00e5 som fremdeles var p\u00e5 stadion &#8211; begge protestene var myntet p\u00e5 Wolves\u2019 eierselskap.<\/p>\n<p><img alt=\"M\u00f8ller Wolfe sammen med J\u00f8rgen Strand Larsen p\u00e5 Molineux.  Foto: Nick Potts \/ Pa Photos \/ NTB\" class=\"_image_qp4xg_65 layout-component layout-normal\" data-fullscreen- data-track-element-type=\"Article image fullscreen\" data-track-name=\"ImageFullscreen\" decoding=\"async\" loading=\"lazy\" height=\"3424\" itemprop=\"image\"  src=\"https:\/\/www.europesays.com\/no\/wp-content\/uploads\/2025\/12\/9e431a4c-3607-4cf8-badd-cf85e8a55fc1\"  style=\"object-position:0% 0%\" width=\"2700\"\/>M\u00f8ller Wolfe sammen med J\u00f8rgen Strand Larsen p\u00e5 Molineux.  Foto: Nick Potts \/ Pa Photos \/ NTB<\/p>\n<p class=\"_paragraph_o9xde_4 _paragraph_xtcu6_10 layout-component text-serif-m layout-normal text-serif-m layout-padded\">F\u00f8r kampen mot Manchester United hadde statistikkverkt\u00f8yet <a href=\"https:\/\/www.bbc.com\/sport\/football\/articles\/cg4nvp4qqdpo\" class=\"_link_o9xde_39\" rel=\"nofollow noopener\" target=\"_blank\">Opta<\/a> regnet ut at det var 98 prosent sjanse for nedrykk.<\/p>\n<p class=\"_paragraph_o9xde_4 _paragraph_xtcu6_10 layout-component text-serif-m layout-normal text-serif-m layout-padded\">\u2013 Det er en veldig fiendtlig stemning fra hjemmefansen. Wolves er rett og slett skamd\u00e5rlige. Det er et skrekkelig niv\u00e5. Hvis ikke de rykker ned s\u00e5 skal jeg sykle Trondheim-Oslo n\u00e5r jeg f\u00e5r muligheten, varsler Helland.<\/p>\n<p class=\"_paragraph_o9xde_4 _paragraph_xtcu6_10 layout-component text-serif-m layout-normal text-serif-m layout-padded\">Wolverhampton har to poeng p\u00e5 de f\u00f8rste femten kampene. Derby innehar den tvilsomme \u00e6ren av \u00e5 ha f\u00e6rrest poeng i en sesong &#8211; med elleve.<\/p>\n<p class=\"_paragraph_o9xde_4 _paragraph_xtcu6_10 layout-component text-serif-m layout-normal text-serif-m layout-padded\">\u2013 Det ser rett og slett bekm\u00f8rkt ut for Wolverhampton, fortsetter Helland.<\/p>\n","protected":false},"excerpt":{"rendered":"J\u00f8rgen Strand Larsen (25) og David M\u00f8ller Wolfe (23) sliter stort som tabelljumbo i Premier League. David M\u00f8ller&hellip;\n","protected":false},"author":2,"featured_media":108000,"comment_status":"","ping_status":"","sticky":false,"template":"","format":"standard","meta":{"footnotes":""},"categories":[59],"tags":[92,30,28,29,161,83,82,2068],"class_list":{"0":"post-107999","1":"post","2":"type-post","3":"status-publish","4":"format-standard","5":"has-post-thumbnail","7":"category-sport","8":"tag-fotball","9":"tag-no","10":"tag-norge","11":"tag-norway","12":"tag-premier-league","13":"tag-sport","14":"tag-sports","15":"tag-wolverhampton-wanderers-fc"},"share_on_mastodon":{"url":"https:\/\/pubeurope.com\/@no\/115687116280989525","error":""},"_links":{"self":[{"href":"https:\/\/www.europesays.com\/no\/wp-json\/wp\/v2\/posts\/107999","targetHints":{"allow":["GET"]}}],"collection":[{"href":"https:\/\/www.europesays.com\/no\/wp-json\/wp\/v2\/posts"}],"about":[{"href":"https:\/\/www.europesays.com\/no\/wp-json\/wp\/v2\/types\/post"}],"author":[{"embeddable":true,"href":"https:\/\/www.europesays.com\/no\/wp-json\/wp\/v2\/users\/2"}],"replies":[{"embeddable":true,"href":"https:\/\/www.europesays.com\/no\/wp-json\/wp\/v2\/comments?post=107999"}],"version-history":[{"count":0,"href":"https:\/\/www.europesays.com\/no\/wp-json\/wp\/v2\/posts\/107999\/revisions"}],"wp:featuredmedia":[{"embeddable":true,"href":"https:\/\/www.europesays.com\/no\/wp-json\/wp\/v2\/media\/108000"}],"wp:attachment":[{"href":"https:\/\/www.europesays.com\/no\/wp-json\/wp\/v2\/media?parent=107999"}],"wp:term":[{"taxonomy":"category","embeddable":true,"href":"https:\/\/www.europesays.com\/no\/wp-json\/wp\/v2\/categories?post=107999"},{"taxonomy":"post_tag","embeddable":true,"href":"https:\/\/www.europesays.com\/no\/wp-json\/wp\/v2\/tags?post=107999"}],"curies":[{"name":"wp","href":"https:\/\/api.w.org\/{rel}","templated":true}]}}