{"id":108001,"date":"2025-12-09T01:57:28","date_gmt":"2025-12-09T01:57:28","guid":{"rendered":"https:\/\/www.europesays.com\/no\/108001\/"},"modified":"2025-12-09T01:57:28","modified_gmt":"2025-12-09T01:57:28","slug":"tsunamivarsel-opphevet-etter-kraftig-jordskjelv-frykter-megastort-etterskjelv","status":"publish","type":"post","link":"https:\/\/www.europesays.com\/no\/108001\/","title":{"rendered":"Tsunamivarsel opphevet etter kraftig jordskjelv: Frykter mega\u00adstort etterskjelv"},"content":{"rendered":"<p>Skjelvet m\u00e5lte en intensitet p\u00e5 6+ p\u00e5 den japanske skalaen fra 1 til 7 i Aomori-prefekturet, en av de h\u00f8yeste kategoriene for rystelser p\u00e5 land.<\/p>\n<p>Den statlige japanske kringkasteren NHK melder at det ble sendt tsunamivarsel etter skjelvet \u2013 og om fare for et enda st\u00f8rre etterskjelv: et s\u00e5kalt mega thrust-skjelv.\u00a0<\/p>\n<p class=\"bold m-bold\" data-lab-font_weight=\"bold\">Et slikt monsterskjelv p\u00e5 japansk omtalt som\u00a0kyodai jishin\u00a0(\u5de8\u5927\u5730\u9707).\u00a0\u00a0Disse jordskjelvene\u00a0<a href=\"https:\/\/www.earthquakescanada.nrcan.gc.ca\/zones\/cascadia\/qa-en.php\" style=\"letter-spacing: 0.01em;\" rel=\"nofollow noopener\" target=\"_blank\">er de kraftigste i verden<\/a>, og kan n\u00e5 styrker p\u00e5 opp mot 9 og h\u00f8yere.<\/p>\n<p class=\"italic m-italic\" data-lab-italic=\"italic\">TV 2 har ogs\u00e5 tidligere omtalt faren for et slikt skjelv i Japan: <a href=\"http:\/\/tv2.no\/nyheter\/utenriks\/skjelvet-vil-drepe-hundretusenvis-bekymret-for-landets-fremtid\/17609982\/\" rel=\"nofollow noopener\" target=\"_blank\">Vil drepe hundretusenvis.<\/a><\/p>\n<p>Varselet om et mulig slikt skjelv vil vare i en uke. Befolkningen bes om \u00e5 sjekke sine beredskapslagre, og sjekke at evakueringsruter ut av hjemmet er trygge og \u00e5pne.<\/p>\n<p>Det har s\u00e5 langt blitt meldt om fem mindre etterskjelv i omr\u00e5det.<\/p>\n<p class=\"bold m-bold\" data-lab-font_weight=\"bold\">Ved 22.30-tiden norsk tid har japanske myndigheter opphevet tsunamivarselet for alle omr\u00e5der.<\/p>\n<p>        <img class=\"image__img lazyload\" itemprop=\"image\" title=\"Foto: Ren Onuma \/ AP \/ NTB\" alt=\"STABSSJEF: Minoru Kihara holder pressekonferasne p\u00e5 vegne av den japsnke regjeringen natt til tirsdag japansk tid. Foto: Ren Onuma \/ AP \/ NTB\" width=\"675\" height=\"453\" bad-src=\"https:\/\/www.europesays.com\/no\/wp-content\/uploads\/2025\/12\/18365268.webp\" fetchpriority=\"auto\" \/><\/p>\n<p>      STABSSJEF: Minoru Kihara holder pressekonferasne p\u00e5 vegne av den japsnke regjeringen natt til tirsdag japansk tid.<br \/>\n         Foto: Ren Onuma \/ AP \/ NTB<\/p>\n<p>\u2013 Hold dere til trygge steder inntil tsunamivarselet er opphevet. Vi unders\u00f8ker omfanget av skader p\u00e5 materiell og mennesker, sa stabssjef Minoru Kihara p\u00e5 en pressekonferanse tidigere mandag.<\/p>\n<p>\u2013 Ristet veldig<\/p>\n<p>Skjelvet har f\u00f8rt til \u00f8deleggelser flere steder. Mandag kveld viser TV bilder hvit r\u00f8yk som henger tykt over deler av byen Aomori. Japanske medier melder om en stor brann i byen etter jordskjelvet.<\/p>\n<p> \u2013 Det ristet veldig. To bygninger i sentrum mistet alle vinduene. Noen vannr\u00f8r ble \u00f8delagt, og bygninger ble oversv\u00f8mt, sier Hachinohe-beboer Kiyotaka Osawa til TV 2.<\/p>\n<p>        <img class=\"image__img lazyload\" itemprop=\"image\" title=\"Foto: Kiyotaka Osawa\" alt=\"ET ROT: Hjemme hos Osawa har en hel masse eiendeler falt ut av hyller og skap. Foto: Kiyotaka Osawa\" width=\"607\" height=\"456\" bad-src=\"https:\/\/www.europesays.com\/no\/wp-content\/uploads\/2025\/12\/18364998.webp\" fetchpriority=\"auto\" \/><\/p>\n<p>      ET ROT: Hjemme hos Osawa har en hel masse eiendeler falt ut av hyller og skap.<br \/>\n         Foto: Kiyotaka Osawa<\/p>\n<p>Osawa sa det var varslet b\u00f8lger som kunne bli hele tre meter, men omfanget er fortsatt ikke kjent:<\/p>\n<p>\u2013 Jeg h\u00e5per vi ikke f\u00e5r en stor en, men beboere som bor n\u00e6r kysten evakuerer. Det er farlig ogs\u00e5 at vi fortsatt ikke vet fullt hvor h\u00f8ye de kan bli, la han til.<\/p>\n<p>If\u00f8lge ham ville tre meter h\u00f8ye b\u00f8lger v\u00e6re bedre enn det store jordskjelvet i 2011. Da ble Hachinohe rammet av b\u00f8lger s\u00e5 h\u00f8ye som seks meter. Andre steder i Tohoku-regionen var b\u00f8lgene hele 40 meter h\u00f8ye.<\/p>\n<p>\u2013 S\u00e5 det er litt bedre enn sist vi hadde et jordskjelv i Tohoku, men ristingene fortsatte lenge, sa ha.<\/p>\n<p>        <img class=\"image__img lazyload\" itemprop=\"image\" title=\"Foto: Eugene Hoshiko \/ AP \/ NTB\" alt=\"VARSEL: En tv-skjerm i Yokohama viser tsunamivarsel mandag etter at et kraftig jordskjelv rammet den nordlige kysten av Japan. Foto: Eugene Hoshiko \/ AP \/ NTB\" width=\"607\" height=\"407\" bad-src=\"https:\/\/www.europesays.com\/no\/wp-content\/uploads\/2025\/12\/18364833.webp\" fetchpriority=\"auto\" \/><\/p>\n<p>      VARSEL: En tv-skjerm i Yokohama viser tsunamivarsel mandag etter at et kraftig jordskjelv rammet den nordlige kysten av Japan.<br \/>\n         Foto: Eugene Hoshiko \/ AP \/ NTB<\/p>\n<p>\u2013 Det ble veldig rotete hjemme hos meg, men jeg er trygg. Jeg jobber fortsatt med \u00e5 rydde opp.<\/p>\n<p>S\u00e5 farlige er b\u00f8lgene<\/p>\n<p>Japans meteorologiske institutt advarte f\u00f8rst om at det mandag kveld kunne komme b\u00f8lger p\u00e5 opptil tre meter. Senere ble varselet nedjustert, og et gult farevarsel advarte om b\u00f8lger p\u00e5 opptil \u00e9n meter p\u00e5 Hokkaido og nord p\u00e5 Honshu.<\/p>\n<p>\u2013 B\u00f8lgene vil fortsatt bli h\u00f8yere. Kom deg til et s\u00e5 h\u00f8yt sted som mulig, bedyret nyhetsoppleserne p\u00e5 nyhetskanalen TBS News Dig tidligere mandag.<\/p>\n<p>S\u00e5 langt er de h\u00f8yeste registrerte b\u00f8lgene p\u00e5 70 centimeter i prefekturet Iwate p\u00e5 \u00f8ya Honshu.<\/p>\n<p>Men allerede ved h\u00f8yde p\u00e5 om lag halvmeteren, kan tsunamib\u00f8lgene utgj\u00f8re en fare, if\u00f8lge\u00a0<a href=\"https:\/\/jla-lifesaving.or.jp\/en\/watersafety\/tsunami\/\" rel=\"nofollow noopener\" target=\"_blank\">Japans livreddende forening<\/a>.<\/p>\n<p>Vannet kastes mot land med stor kraft og river med seg alt det n\u00e5r opp til. Alle som evakuerer bes om \u00e5 la bilen st\u00e5. N\u00e5r b\u00f8lgene blir opp mot 40 og 60 cm kan de ta med seg st\u00f8rre SUVer og lastebiler. Da blir det farlig \u00e5 v\u00e6re i omr\u00e5det.\u00a0<\/p>\n<p>Hvis du fanges i en en meters tsunamib\u00f8lge, kommer du nesten sikkert til \u00e5 d\u00f8, kommer det fram i en analyse fra foreningen.\u00a0<\/p>\n<p>Klar beskjed: \u2013 Flykt!<\/p>\n<p>JMA melder at en 40 centimeter h\u00f8y tsunami er registrert ved havnene Mutsu Ogawara i Aomori og Urakawa p\u00e5 Hokkaido.\u00a0<\/p>\n<p class=\"bold m-bold\" data-lab-font_weight=\"bold\">Mens Kyodo News melder at det er observert 70 centimeter h\u00f8ye b\u00f8lger i Iwate p\u00e5 Honshu.\u00a0<\/p>\n<p>P\u00e5 sendingen til nyhetskanalen TBS ble seere i det aktuelle omr\u00e5det advart og bedt om \u00e5 komme seg unna.\u00a0<\/p>\n<p>\u2013 Flykt til h\u00f8y grunn. Flykt til sikre steder, sa kanalen.<\/p>\n<p>Jordskjelvet inntraff i 23-tiden lokal tid.<\/p>\n<p>Koichi Yamashita som driver grillrestauranten Sumibiya Wattsuri i Hachinohe forteller at det s\u00e5 slik ut p\u00e5 restaurantens kj\u00f8kken etter jordskjelvet:<\/p>\n<p>        <img class=\"image__img lazyload\" itemprop=\"image\" title=\"Foto: Koichi Yamashita \/ Sumibiya Wattsuri\" alt=\"MANGE SK\u00c5R: Jordskjelvet har herjet inne p\u00e5 Koichi Yamashitas kj\u00f8kken mandag kveld lokal tid. Foto: Koichi Yamashita \/ Sumibiya Wattsuri\" width=\"675\" height=\"905\" bad-src=\"https:\/\/www.europesays.com\/no\/wp-content\/uploads\/2025\/12\/18364938.webp\" fetchpriority=\"auto\" \/><\/p>\n<p>      MANGE SK\u00c5R: Jordskjelvet har herjet inne p\u00e5 Koichi Yamashitas kj\u00f8kken mandag kveld lokal tid.<br \/>\n         Foto: Koichi Yamashita \/ Sumibiya Wattsuri<\/p>\n<p> Bildet er gjengitt med restauranteierens tillatelse. <\/p>\n<p>\u2013 Jeg er ikke skadet. Men kj\u00f8kkenet er et rot, s\u00e5 det blir mye arbeid \u00e5 rydde opp, sier Yamashita.<\/p>\n<p class=\"italic m-italic\" data-lab-italic=\"italic\">Er du i Japan og kjente jordskjelvet? TV 2 vil gjerne snakke med deg p\u00e5 mail: <a href=\"https:\/\/www.tv2.no\/nyheter\/tsunami-etter-kraftig-jordskjelv-frykter-megastort-etterskjelv\/18364806\/mailto:tips@tv2.no\" rel=\"nofollow noopener\" target=\"_blank\">tips@tv2.no<\/a>.\u00a0<\/p>\n<p>Jordskjelvet ble f\u00f8rst ansl\u00e5tt \u00e5 ha en styrke p\u00e5 7,2, men b\u00e5de JMA og det amerikanske jordskjelvsenteret USGS har siden oppjustert styrken til 7,6.<\/p>\n<p>\u2013 Skyr ingen midler<\/p>\n<p>Japans forsvarsminister Shinjiro Koizumi er tydelig p\u00e5 at redningsarbeidet natt til tirsdag handler om liv og d\u00f8d.<\/p>\n<p>\u2013 Vi skyr ingen midler for \u00e5 redde liv, sier han if\u00f8lge tabloidavisen Yomiuri.<\/p>\n<p>Han sier helikoptre og jagerfly fra forsvaret er sendt ut for \u00e5 f\u00e5 oversikt over omr\u00e5dene som er rammet av skjelvet.\u00a0<\/p>\n<p>        <img class=\"image__img lazyload\" itemprop=\"image\" title=\"Foto: Skjermbilde \/ Japan Meteorological Agency\" alt=\"KART: Fra det japanske meteorologiske instituttet viser omr\u00e5dene der tsunamivarsel er utstedt etter jordskjelvet utenfor Aomori. R\u00f8de omr\u00e5der har h\u00f8yeste varslingsniv\u00e5, mens gule og bl\u00e5 markeringer viser lavere grad av tsunamifare. Foto: Skjermbilde \/ Japan Meteorological Agency\" width=\"607\" height=\"425\" bad-src=\"https:\/\/www.europesays.com\/no\/wp-content\/uploads\/2025\/12\/18364847.webp\" fetchpriority=\"auto\" \/><\/p>\n<p>      KART: Fra det japanske meteorologiske instituttet viser omr\u00e5dene der tsunamivarsel er utstedt etter jordskjelvet utenfor Aomori. R\u00f8de omr\u00e5der har h\u00f8yeste varslingsniv\u00e5, mens gule og bl\u00e5 markeringer viser lavere grad av tsunamifare.<br \/>\n         Foto: Skjermbilde \/ Japan Meteorological Agency<\/p>\n<p>\u2013 Jeg har instruert departementet om \u00e5 samle informasjon slik at vi kan forst\u00e5 omfanget av skadene, sier han.\u00a0<\/p>\n","protected":false},"excerpt":{"rendered":"Skjelvet m\u00e5lte en intensitet p\u00e5 6+ p\u00e5 den japanske skalaen fra 1 til 7 i Aomori-prefekturet, en av&hellip;\n","protected":false},"author":2,"featured_media":108002,"comment_status":"","ping_status":"","sticky":false,"template":"","format":"standard","meta":{"footnotes":""},"categories":[12],"tags":[20,21,24,25,15,22,23,13,30,28,29,14,16,26,27,42,43,44,45],"class_list":{"0":"post-108001","1":"post","2":"type-post","3":"status-publish","4":"format-standard","5":"has-post-thumbnail","7":"category-verden","8":"tag-breaking-news","9":"tag-breakingnews","10":"tag-featured-news","11":"tag-featurednews","12":"tag-headlines","13":"tag-latest-news","14":"tag-latestnews","15":"tag-news","16":"tag-no","17":"tag-norge","18":"tag-norway","19":"tag-nyheter","20":"tag-overskrifter","21":"tag-top-stories","22":"tag-topstories","23":"tag-verden","24":"tag-world","25":"tag-world-news","26":"tag-worldnews"},"share_on_mastodon":{"url":"https:\/\/pubeurope.com\/@no\/115687131932904408","error":""},"_links":{"self":[{"href":"https:\/\/www.europesays.com\/no\/wp-json\/wp\/v2\/posts\/108001","targetHints":{"allow":["GET"]}}],"collection":[{"href":"https:\/\/www.europesays.com\/no\/wp-json\/wp\/v2\/posts"}],"about":[{"href":"https:\/\/www.europesays.com\/no\/wp-json\/wp\/v2\/types\/post"}],"author":[{"embeddable":true,"href":"https:\/\/www.europesays.com\/no\/wp-json\/wp\/v2\/users\/2"}],"replies":[{"embeddable":true,"href":"https:\/\/www.europesays.com\/no\/wp-json\/wp\/v2\/comments?post=108001"}],"version-history":[{"count":0,"href":"https:\/\/www.europesays.com\/no\/wp-json\/wp\/v2\/posts\/108001\/revisions"}],"wp:featuredmedia":[{"embeddable":true,"href":"https:\/\/www.europesays.com\/no\/wp-json\/wp\/v2\/media\/108002"}],"wp:attachment":[{"href":"https:\/\/www.europesays.com\/no\/wp-json\/wp\/v2\/media?parent=108001"}],"wp:term":[{"taxonomy":"category","embeddable":true,"href":"https:\/\/www.europesays.com\/no\/wp-json\/wp\/v2\/categories?post=108001"},{"taxonomy":"post_tag","embeddable":true,"href":"https:\/\/www.europesays.com\/no\/wp-json\/wp\/v2\/tags?post=108001"}],"curies":[{"name":"wp","href":"https:\/\/api.w.org\/{rel}","templated":true}]}}