{"id":108003,"date":"2025-12-09T01:59:17","date_gmt":"2025-12-09T01:59:17","guid":{"rendered":"https:\/\/www.europesays.com\/no\/108003\/"},"modified":"2025-12-09T01:59:17","modified_gmt":"2025-12-09T01:59:17","slug":"oliver-savnet-framstar-som-en-ulykke","status":"publish","type":"post","link":"https:\/\/www.europesays.com\/no\/108003\/","title":{"rendered":"Oliver savnet: &#8211; Framst\u00e5r som en ulykke"},"content":{"rendered":"<p>  Politiet opplyser mandag at hendelsen der nordmannen Oliver Rivedal forsvant i Polen i november, framst\u00e5r som en ulykke.\u00a0<\/p>\n<p>\n    SAVNET: Oliver Rivedal er savnet etter en tur til Polens hovedstad Warszawa. Han ble sist sett 22. november. Foto: Privat\n  <\/p>\n<p>Politiet kommer mandag ettermiddag med en ny oppdatering i saken der <a href=\"https:\/\/www.dagbladet.no\/nyheter\/oliver-23-savnet-i-polen\/83894477\" target=\"_blank\" rel=\"nofollow noopener\">23 \u00e5r gamle Oliver Rivedal har v\u00e6rt savnet i Polen<\/a>. Han ble sist sett 22. november.<\/p>\n<p>Politet opplyser at de p\u00e5r\u00f8rende har v\u00e6rt i Polen og snakket med polsk politi.\u00a0<\/p>\n<p>De \u00f8nsker \u00e5 formidle at de har sett p\u00e5 video fra overv\u00e5kningen langs elva Wisla i Warszawa, som viser Rivedal st\u00e5 ved elva f\u00f8r han deretter sklir og faller i vannet.<\/p>\n<p>    <a itemprop=\"url\" href=\"https:\/\/www.dagbladet.no\/nyheter\/oliver-23-savnet-soker-fortsatt\/83902291\" rel=\"nofollow noopener\" target=\"_blank\"><\/p>\n<p>        <img loading=\"lazy\" decoding=\"async\" src=\"https:\/\/www.europesays.com\/no\/wp-content\/uploads\/2025\/12\/83902297.webp\" width=\"980\" height=\"441\" title=\"Oliver (23) savnet: - S\u00f8ker fortsatt\" alt=\"\" class=\"lazyload\" style=\"--aspect-ratio-image: 2.22; \"\/><\/p>\n<p>        Oliver (23) savnet: &#8211; S\u00f8ker fortsatt<\/p>\n<p>    <\/a><\/p>\n<p>Videre sier de at Rivedal fors\u00f8ker \u00e5 sv\u00f8mme mot land, men at han blir tatt av str\u00f8mmen og f\u00f8rt nedover elva der han til slutt g\u00e5r under.\u00a0<\/p>\n<p class=\"font-weight-bold m-font-weight-bold\" data-lab-font_weight=\"font-weight-bold\">&#8211;\u00a0Hendelsen framst\u00e5r som en ulykke og at Oliver ikke hadde intensjon med \u00e5 g\u00e5 ut i elven. De p\u00e5r\u00f8rende har selv opps\u00f8kt stedet og kan bekrefte at det var sv\u00e6rt glatt langs elvekanten, skriver kommunikasjonsdirekt\u00f8r i Vest politidistrikt, Arne Lutro, i pressemeldingen.\u00a0<\/p>\n<p>        UHELL: En lastebil kj\u00f8rte i en rolig gate i den amerikanske byen Addison, da den plutselig ble sprengt i lufta. <\/p>\n<p>Trappes ned\t<\/p>\n<p>Politibetjent i Vest politidistrikt, Oda Elveg\u00e5rd Thorstad, sier til Dagbladet at \u00abde p\u00e5r\u00f8rende har det t\u00f8ft og at de st\u00e5r i en krevende situasjon, slik de har gjort hele veien\u00bb.\u00a0<\/p>\n<p>&#8211; Familien \u00f8nsker at det skal gis ut en ny pressemelding der det kommer fram at det er snakk om en ulykke. De \u00f8nsker \u00e5 formidle at de har sett videoene og at han falt i elva, sier Thorstad.\u00a0<\/p>\n<p class=\"font-weight-bold m-font-weight-bold\" data-lab-font_weight=\"font-weight-bold\">Det har blitt gjennomf\u00f8rt omfattende s\u00f8k etter Rivedal. Han er fortsatt ikke funnet.\u00a0\u00a0<\/p>\n<p>&#8211; Polsk politi opplyser at det operative s\u00f8ket g\u00e5r mot slutten. Det trappes ned og skal avsluttes. Videre er det et eget elvepoliti som patruljerer langs elva daglig, og som vil kunne fange opp dersom det dukker opp noe, sier Thorstad.\u00a0<\/p>\n<p>    <a itemprop=\"url\" href=\"https:\/\/www.dagbladet.no\/nyheter\/oliver-23-savnet-i-polen\/83894477\" rel=\"nofollow noopener\" target=\"_blank\"><\/p>\n<p>        <img loading=\"lazy\" decoding=\"async\" src=\"https:\/\/www.europesays.com\/no\/wp-content\/uploads\/2025\/12\/83898741.webp\" width=\"980\" height=\"441\" title=\"Oliver (23) savnet i Polen\" alt=\"\" class=\"lazyload\" style=\"--aspect-ratio-image: 2.22; \"\/><\/p>\n<p>        Oliver (23) savnet i Polen<\/p>\n<p>    <\/a><\/p>\n<p>Forsvant\t<\/p>\n<p> Den savnede er fra Sunnfjord, og var i Polen med to venner da han forsvant. Politiet bekreftet tidligere at de hadde mottatt en savnetmelding l\u00f8rdag 22. november.\u00a0<\/p>\n<p> Klokka var rundt tre p\u00e5 natta da kameratene sist s\u00e5 ham p\u00e5 nattklubben SEN i Warszawa. Seinere hadde de telefonkontakt i femtida, har politiet tidligere opplyst til Dagbladet.\u00a0<\/p>\n<p>Hva som skjedde videre har v\u00e6rt uklart, men polsk politi har opplyst at de ikke mistenkte noe kriminelt.\u00a0<\/p>\n","protected":false},"excerpt":{"rendered":"Politiet opplyser mandag at hendelsen der nordmannen Oliver Rivedal forsvant i Polen i november, framst\u00e5r som en ulykke.\u00a0&hellip;\n","protected":false},"author":2,"featured_media":108004,"comment_status":"","ping_status":"","sticky":false,"template":"","format":"standard","meta":{"footnotes":""},"categories":[5],"tags":[20,21,24,25,15,19,22,23,17,18,13,30,28,29,14,16,26,27,412],"class_list":{"0":"post-108003","1":"post","2":"type-post","3":"status-publish","4":"format-standard","5":"has-post-thumbnail","7":"category-overskrifter","8":"tag-breaking-news","9":"tag-breakingnews","10":"tag-featured-news","11":"tag-featurednews","12":"tag-headlines","13":"tag-hovedoppslag","14":"tag-latest-news","15":"tag-latestnews","16":"tag-main-news","17":"tag-mainnews","18":"tag-news","19":"tag-no","20":"tag-norge","21":"tag-norway","22":"tag-nyheter","23":"tag-overskrifter","24":"tag-top-stories","25":"tag-topstories","26":"tag-utenriks"},"share_on_mastodon":{"url":"https:\/\/pubeurope.com\/@no\/115687140251424827","error":""},"_links":{"self":[{"href":"https:\/\/www.europesays.com\/no\/wp-json\/wp\/v2\/posts\/108003","targetHints":{"allow":["GET"]}}],"collection":[{"href":"https:\/\/www.europesays.com\/no\/wp-json\/wp\/v2\/posts"}],"about":[{"href":"https:\/\/www.europesays.com\/no\/wp-json\/wp\/v2\/types\/post"}],"author":[{"embeddable":true,"href":"https:\/\/www.europesays.com\/no\/wp-json\/wp\/v2\/users\/2"}],"replies":[{"embeddable":true,"href":"https:\/\/www.europesays.com\/no\/wp-json\/wp\/v2\/comments?post=108003"}],"version-history":[{"count":0,"href":"https:\/\/www.europesays.com\/no\/wp-json\/wp\/v2\/posts\/108003\/revisions"}],"wp:featuredmedia":[{"embeddable":true,"href":"https:\/\/www.europesays.com\/no\/wp-json\/wp\/v2\/media\/108004"}],"wp:attachment":[{"href":"https:\/\/www.europesays.com\/no\/wp-json\/wp\/v2\/media?parent=108003"}],"wp:term":[{"taxonomy":"category","embeddable":true,"href":"https:\/\/www.europesays.com\/no\/wp-json\/wp\/v2\/categories?post=108003"},{"taxonomy":"post_tag","embeddable":true,"href":"https:\/\/www.europesays.com\/no\/wp-json\/wp\/v2\/tags?post=108003"}],"curies":[{"name":"wp","href":"https:\/\/api.w.org\/{rel}","templated":true}]}}