{"id":108005,"date":"2025-12-09T02:00:12","date_gmt":"2025-12-09T02:00:12","guid":{"rendered":"https:\/\/www.europesays.com\/no\/108005\/"},"modified":"2025-12-09T02:00:12","modified_gmt":"2025-12-09T02:00:12","slug":"kommentar-knut-espen-svegaarden-bildet-som-danner-seg-l-i-k-kommer-ingen-vei","status":"publish","type":"post","link":"https:\/\/www.europesays.com\/no\/108005\/","title":{"rendered":"Kommentar, Knut Espen Svegaarden | Bildet som danner seg: L.I.K. kommer ingen vei"},"content":{"rendered":"\n<p>Det er vanskelig \u00e5 snu negativt til positivt. Spesielt n\u00e5r du aldri kommer ut av den negative spiralen som fortsetter \u00e5 prege Lillehammer Ishockeyklubb.<\/p>\n<p>Ingen ting er verre for interessen i idrett enn stillstand. Det kan v\u00e6re fullstendig \u00f8deleggende i lengden. Og det er der Lillehammer Ishockeyklubb har v\u00e6rt lenge, og fortsatt er i. Og ikke kommer seg ut av. De er og blir nummer seks. Eller sju.<\/p>\n<p>Bildet som danner seg er at klubben ikke kommer noen vei. Og det er opp til klubben \u00e5 motbevise det, ikke omvendt.<\/p>\n<p>Klubben trenger st\u00f8tte, publikum, support. <\/p>\n<p>Men n\u00e5r f\u00f8lelsen om at det samme har p\u00e5g\u00e5tt gjennom hele 2020-tallet, s\u00e5 fester likegyldigheten seg, troen forsvinner, bekreftelsen p\u00e5 \u00abdet de visste\u00bb kommer snikende, selv etter en brukbar start p\u00e5 sesongen.<\/p>\n<p>\u00abHockeysaker leses ikke,\u00bb f\u00e5r jeg h\u00f8re av lederne mine i GD. Igjen: Interessen er nok der, tror jeg, men den ligger i dvale, p\u00e5 grunn av to ting de siste \u00e5rene: \u00d8konomiske problemer og at klubbens A-lag ikke kommer noen vei.<\/p>\n<p>Folk bruker tiden sin p\u00e5 andre ting enn det de har sett s\u00e5 mange ganger de siste \u00e5rene.<\/p>\n<p>Hvor ble det forresten av supporterkulturen hos distriktets eneste eliteserielag? Jeg husker serie\u00e5pningen, jeg kikka til h\u00f8yre for meg p\u00e5 pressetribunen, s\u00e5 fire-fem guttunger med flagg og tenkte: \u00abDet kommer vel flere\u00bb.<\/p>\n<p>Det gjorde det ikke. <\/p>\n<p>De pr\u00f8vde \u00e5 bidra, de f\u00e5 som sto der med drakt og skjerf, men det var litt skremmende \u00e5 se at kulturen virket \u00e5 ligge brakk.<\/p>\n<p>D\u00f8de kulturen med min tidligere skolekamerat Gillan og Kniktberget?<\/p>\n<p>Enhver klubb trenger en levende supporterkultur. Lillehammer IK hadde det. Men hva skjedde? Er det viktigere \u00e5 v\u00e6re p\u00e5 en showkamp i Kristins Hall enn \u00e5 reise seks mil s\u00f8rover til Hamar for \u00e5 se (nok et) lokaloppgj\u00f8r i ishockey?<\/p>\n<p>Hvis du \u00f8nsker \u00e5 by opp til fest, beholde \u00abHockey-classic\u00bb, s\u00e5 b\u00f8r du stille opp p\u00e5 bortebane ogs\u00e5, for \u00e5 vise at dette er viktig.<\/p>\n<p>Det er skrevet nok om den kollisjonen Lillehammer Ishockeyklubb klarte \u00e5 skape med showkamp kontra Mj\u00f8s-derby i Hamar.<\/p>\n<p>Det ble bare feil, og det tror jeg ledelsen i klubben ser selv ogs\u00e5. Det er faktisk mer skremmende at interessen er s\u00e5 lav at det \u00e5 reise seks mil s\u00f8rover ikke frister.<\/p>\n<p>Ganske tidlig i sesongen satt jeg med Storhamars suksesstrener Petter Thoresen, og han hadde sett mye bra i denne versjonen av Lillehammer Ishockeyklubb, han likte det han s\u00e5 og snakket varmt om hvor viktig rivaliseringen mellom klubbene er.<\/p>\n<p>Etter 1\u20137 n\u00e5 sist, og kollisjonen med showkampen, var han ikke like imponert for \u00e5 si det mildt.<\/p>\n<p>Etter en lovende sesong\u00e5pning, med sju seire og en fjerdeplass p\u00e5 tabellen etter 13 kamper, har det g\u00e5tt br\u00e5tt nedover med Lillehammer IK. \u00c5tte tap p\u00e5 de siste 11 kampene, knust to ganger av Storhamar (1-6 startet nedturen, 1\u20137 sist helg var pinlig).<\/p>\n<p>Og tilbake p\u00e5 sjuendeplass. Plasseringene de siste fem sesongene er som en repetisjons\u00f8velse p\u00e5 Haglemoen: 6-7-7-6-7. Og utsl\u00e5tt i kvartfinalen, uten \u00e5 v\u00e6re i n\u00e6rheten, de siste fire sesongene.<\/p>\n<p>Jeg vet at mange jobber godt i klubben, det st\u00e5r ikke p\u00e5 det. Og det er tendenser til bedring p\u00e5 A-laget. <\/p>\n<p>Men det er ikke enkelt \u00e5 selge inn budskapet n\u00e5r du st\u00e5r stille.<\/p>\n<p>Lillehammer Ishockeyklubb har en stor jobb \u00e5 gj\u00f8re i tiden som kommer.<\/p>\n","protected":false},"excerpt":{"rendered":"Det er vanskelig \u00e5 snu negativt til positivt. Spesielt n\u00e5r du aldri kommer ut av den negative spiralen&hellip;\n","protected":false},"author":2,"featured_media":108006,"comment_status":"","ping_status":"","sticky":false,"template":"","format":"standard","meta":{"footnotes":""},"categories":[59],"tags":[36,10441,266,5516,30,28,29,1533,83,82],"class_list":{"0":"post-108005","1":"post","2":"type-post","3":"status-publish","4":"format-standard","5":"has-post-thumbnail","7":"category-sport","8":"tag-art","9":"tag-knut-espen-svegaarden","10":"tag-kommentar","11":"tag-lillehammer-ishockeyklubb","12":"tag-no","13":"tag-norge","14":"tag-norway","15":"tag-opinion","16":"tag-sport","17":"tag-sports"},"share_on_mastodon":{"url":"https:\/\/pubeurope.com\/@no\/115687143733818001","error":""},"_links":{"self":[{"href":"https:\/\/www.europesays.com\/no\/wp-json\/wp\/v2\/posts\/108005","targetHints":{"allow":["GET"]}}],"collection":[{"href":"https:\/\/www.europesays.com\/no\/wp-json\/wp\/v2\/posts"}],"about":[{"href":"https:\/\/www.europesays.com\/no\/wp-json\/wp\/v2\/types\/post"}],"author":[{"embeddable":true,"href":"https:\/\/www.europesays.com\/no\/wp-json\/wp\/v2\/users\/2"}],"replies":[{"embeddable":true,"href":"https:\/\/www.europesays.com\/no\/wp-json\/wp\/v2\/comments?post=108005"}],"version-history":[{"count":0,"href":"https:\/\/www.europesays.com\/no\/wp-json\/wp\/v2\/posts\/108005\/revisions"}],"wp:featuredmedia":[{"embeddable":true,"href":"https:\/\/www.europesays.com\/no\/wp-json\/wp\/v2\/media\/108006"}],"wp:attachment":[{"href":"https:\/\/www.europesays.com\/no\/wp-json\/wp\/v2\/media?parent=108005"}],"wp:term":[{"taxonomy":"category","embeddable":true,"href":"https:\/\/www.europesays.com\/no\/wp-json\/wp\/v2\/categories?post=108005"},{"taxonomy":"post_tag","embeddable":true,"href":"https:\/\/www.europesays.com\/no\/wp-json\/wp\/v2\/tags?post=108005"}],"curies":[{"name":"wp","href":"https:\/\/api.w.org\/{rel}","templated":true}]}}