{"id":108007,"date":"2025-12-09T02:08:22","date_gmt":"2025-12-09T02:08:22","guid":{"rendered":"https:\/\/www.europesays.com\/no\/108007\/"},"modified":"2025-12-09T02:08:22","modified_gmt":"2025-12-09T02:08:22","slug":"vi-er-gisler-i-metas-galskap","status":"publish","type":"post","link":"https:\/\/www.europesays.com\/no\/108007\/","title":{"rendered":"\u00abVi er gisler i Metas galskap\u00bb"},"content":{"rendered":"<p><a href=\"https:\/\/www.bygdanytt.no\/meiningar\/i\/mP65P1\/her-sender-du-inn-til-bygdanytt\" rel=\"nofollow noopener\" target=\"_blank\">   Kva vil du bidra med? Send inn her! (max 3000 teikn)  <\/a> <\/p>\n<p>\u00c5pen <\/p>\n<p>\u00c5pent brev til Anders Totland:<\/p>\n<p>Hei, Anders Totland, journalist og selvutnevnt trolljeger i Bygdanytt.<\/p>\n<p>F\u00f8rst: Takk for at du tok deg tid til \u00e5 skrive et helt <a href=\"https:\/\/www.bygdanytt.no\/i\/zO5Egq\" rel=\"nofollow noopener\" target=\"_blank\">debattinnlegg til oss bitre, surmagede og feige nettroll<\/a>. Det varmer (et sted langt der inne, bak den svarte trollsjelen min).<\/p>\n<p>Men la oss snakke om elefanten i kommentarfeltet: Betalingsmuren!<\/p>\n<p>Du ser, Anders, jeg er en av de mange stakkarene fra Arna som elsker lokalstoff. Jeg vil gjerne vite hvorfor Kaffistova i Haus er p\u00e5 vent, og om den stakkars traktorf\u00f8reren kom seg l\u00f8s fra treet som falt ned p\u00e5 Votlo. Jeg er oppriktig interessert i b\u00e5de Oster\u00f8y og Arna. Jeg heier p\u00e5 folk p\u00e5 dugnad i Reppardalsveien, jeg nikker til alle p\u00e5 \u00d8yrane, og jeg har til og med kj\u00f8pt kake p\u00e5 basar i huset bak kyrkjo i Ytre Arna (uten \u00e5 klage p\u00e5 prisen, nesten).<\/p>\n<p>Men hver eneste dag dytter Meta en ny Bygdanytt-sak inn i feeden min med en fristende overskrift og et bilde\u2026 og s\u00e5: Bam! Betalingsmur! Jeg f\u00e5r ikke lese. S\u00e5 hva gj\u00f8r en interessert, men fattig arnabu da? Jo, jeg skriver noe spydig under bildet av traktoren som sperret veien. Fordi det er det eneste jeg har \u00e5 g\u00e5 p\u00e5. Det er ikke fordi jeg hater hverken verden eller Bygdanytt, Anders.<\/p>\n<p>Det er fordi jeg er sulteforet p\u00e5 kontekst og litt irritert p\u00e5 at algoritmene til Meta tvinger meg til \u00e5 forholde meg til avisen jeg ikke f\u00e5r lov til \u00e5 lese.<\/p>\n<p>Du kaller oss nettroll. Jeg kaller oss gisler i Metas galskap. L\u00f8sningen er egentlig ganske enkel: Enten slutter Bygdanytt \u00e5 la Meta bruke overskriftene som clickbait for ikke-abonnenter, eller s\u00e5 \u00e5pner dere kommentarfeltet for oss som bare f\u00e5r servert overskriftene.<\/p>\n<p>Inntil da kommer vi til \u00e5 fortsette \u00e5 v\u00e6re litt spydige under bildet av falne tr\u00e6r og ventende kaffistover. Ikke fordi vi er bitre. Men fordi vi er nysgjerrige folk som nektes svar \u2013 og det gj\u00f8r folk litt grinete etter hvert.<\/p>\n<p>S\u00e5 kj\u00e6re Anders: neste gang du skal gi nettrollene en digital kilevink, husk at mange av oss egentlig bare er lokalpatrioter med tom lommebok og altfor mye Meta i livet.<\/p>\n<p>Med varme trollhilsener fra en arnabu (og et stille h\u00e5p om at du en dag skriver en sak jeg faktisk f\u00e5r lest)<\/p>\n<p>Trond Gunnar Raa<\/p>\n<p><a href=\"https:\/\/www.bygdanytt.no\/meiningar\/i\/mP65P1\/her-sender-du-inn-til-bygdanytt\" rel=\"nofollow noopener\" target=\"_blank\">   Kva vil du bidra med? Send inn her! (max 3000 teikn)  <\/a> <\/p>\n<p>\u00c5pen <\/p>\n<p><a href=\"https:\/\/www.bygdanytt.no\/meiningar\/i\/zO5Egq\/hei-du-bitre-surmagede-og-feige-nettroll-denne-beskjeden-er-til-deg\" rel=\"nofollow noopener\" target=\"_blank\"> <img decoding=\"async\" src=\"data:image\/gif;base64,R0lGODlhEAAJAIAAAP\/\/\/wAAACH5BAEAAAAALAAAAAAQAAkAAAIKhI+py+0Po5yUFQA7\" alt=\"\"\/>   Hei, du bitre, surmagede og feige nettroll \u2013 denne beskjeden er til deg  <\/a> <\/p>\n<p>\u00c5pen <\/p>\n","protected":false},"excerpt":{"rendered":"Kva vil du bidra med? Send inn her! (max 3000 teikn) \u00c5pen \u00c5pent brev til Anders Totland: Hei,&hellip;\n","protected":false},"author":2,"featured_media":108008,"comment_status":"","ping_status":"","sticky":false,"template":"","format":"standard","meta":{"footnotes":""},"categories":[59],"tags":[8849,13393,30,28,29,83,82],"class_list":{"0":"post-108007","1":"post","2":"type-post","3":"status-publish","4":"format-standard","5":"has-post-thumbnail","7":"category-sport","8":"tag-arna","9":"tag-bygdanytt","10":"tag-no","11":"tag-norge","12":"tag-norway","13":"tag-sport","14":"tag-sports"},"share_on_mastodon":{"url":"https:\/\/pubeurope.com\/@no\/115687175171180555","error":""},"_links":{"self":[{"href":"https:\/\/www.europesays.com\/no\/wp-json\/wp\/v2\/posts\/108007","targetHints":{"allow":["GET"]}}],"collection":[{"href":"https:\/\/www.europesays.com\/no\/wp-json\/wp\/v2\/posts"}],"about":[{"href":"https:\/\/www.europesays.com\/no\/wp-json\/wp\/v2\/types\/post"}],"author":[{"embeddable":true,"href":"https:\/\/www.europesays.com\/no\/wp-json\/wp\/v2\/users\/2"}],"replies":[{"embeddable":true,"href":"https:\/\/www.europesays.com\/no\/wp-json\/wp\/v2\/comments?post=108007"}],"version-history":[{"count":0,"href":"https:\/\/www.europesays.com\/no\/wp-json\/wp\/v2\/posts\/108007\/revisions"}],"wp:featuredmedia":[{"embeddable":true,"href":"https:\/\/www.europesays.com\/no\/wp-json\/wp\/v2\/media\/108008"}],"wp:attachment":[{"href":"https:\/\/www.europesays.com\/no\/wp-json\/wp\/v2\/media?parent=108007"}],"wp:term":[{"taxonomy":"category","embeddable":true,"href":"https:\/\/www.europesays.com\/no\/wp-json\/wp\/v2\/categories?post=108007"},{"taxonomy":"post_tag","embeddable":true,"href":"https:\/\/www.europesays.com\/no\/wp-json\/wp\/v2\/tags?post=108007"}],"curies":[{"name":"wp","href":"https:\/\/api.w.org\/{rel}","templated":true}]}}