{"id":108021,"date":"2025-12-09T02:38:40","date_gmt":"2025-12-09T02:38:40","guid":{"rendered":"https:\/\/www.europesays.com\/no\/108021\/"},"modified":"2025-12-09T02:38:40","modified_gmt":"2025-12-09T02:38:40","slug":"skal-vi-danse-aktuelle-tiril-eckhoff","status":"publish","type":"post","link":"https:\/\/www.europesays.com\/no\/108021\/","title":{"rendered":"Skal vi danse-aktuelle Tiril Eckhoff:"},"content":{"rendered":"<p class=\"kicker \" style=\"\">Skal vi danse<\/p>\n<p>  \u00abSkal vi danse\u00bb-aktuelle Tiril Eckhoff forteller at hun har v\u00e6rt n\u00f8dt til \u00e5 feire jul alene flere ganger.\u00a0<\/p>\n<p>\n    UNDERDOG: Tidligere skiskytter Tiril Eckhoff har i sannhet utfordret seg selv denne h\u00f8sten, milevis utenfor komfortsonen. Her sammen med \u00abSkal vi danse\u00bb -partner Santino Mirenna. Foto: Andreas Fadum \/ Se og h\u00f8r\n  <\/p>\n<p>Tiril Eckhoff (35) har imponert mange denne h\u00f8sten som deltaker i \u00abSkal vi danse\u00bb p\u00e5 TV 2. Uten nevneverdig danseerfaring har den tidligere skiskytteren kastet seg ut i den ene utfordringen etter den andre.<\/p>\n<p>Selv om hun ofte har ligget i bunnsjiktet etter at dommerne har gitt sine poeng, er det tydelig at seerne lar seg sjarmere av den litt blyge dama og stemmer henne videre, uke etter uke.\u00a0<\/p>\n<p> Med mye selvironi har hun kastet seg helhjertet ut i enhver utfordring som har blitt kastet p\u00e5 henne &#8211; selv om hun er milevis utenfor komfortsonen. <\/p>\n<p>    <a itemprop=\"url\" href=\"https:\/\/www.kk.no\/samliv\/13-menn-forteller-derfor-ghoster-vi-1\/74617263\" rel=\"nofollow noopener\" target=\"_blank\"><\/p>\n<p>        <img loading=\"lazy\" decoding=\"async\" src=\"https:\/\/www.europesays.com\/no\/wp-content\/uploads\/2025\/12\/83943427.webp\" width=\"980\" height=\"441\" title=\"13 menn forteller: Derfor slutter vi \u00e5 svare\" alt=\"\" class=\"lazyload\" style=\"--aspect-ratio-image: 2.22; \"\/><\/p>\n<p>        13 menn forteller: Derfor slutter vi \u00e5 svare<\/p>\n<p>    <\/a><\/p>\n<p>Dampet\t<\/p>\n<p>Under l\u00f8rdagens sending br\u00f8t Eckhoff enda en barriere da hun skulle danse til den ikoniske Britney Spears l\u00e5te Toxic.<\/p>\n<p>I programmet fortalte hun med selvironi hvordan hun m\u00e5tte grave ekstra dypt for \u00e5 gj\u00f8re det hun er minst komfortabel med: \u00c5 skulle v\u00e6re sexy p\u00e5 parketten.<\/p>\n<p>Det klarte hun s\u00e5 overbevisende at det n\u00e6rmest dampet selv fra Jan Thomas i dommerpanelet. Sammen med dansepartner Santino er hun n\u00e5 klar for seminfinale neste l\u00f8rdag, sammen med Viggo Venn, Tale Torjussen og Danby Choi.<\/p>\n<p>        <img loading=\"lazy\" decoding=\"async\" src=\"https:\/\/www.europesays.com\/no\/wp-content\/uploads\/2025\/12\/83951046.webp\" width=\"686\" height=\"433\" title=\"VIDERE: Tiril Eckhoff og Santino Mirenna opptrer under program 10 av Skal vi danse 2025.Foto: Jesper Malthus-Andersen \/ TV 2\" alt=\"\" class=\"\" style=\"--aspect-ratio-image: 1.58; \"\/><\/p>\n<p>\n        VIDERE: Tiril Eckhoff og Santino Mirenna opptrer under program 10 av Skal vi danse 2025.Foto: Jesper Malthus-Andersen \/ TV 2\n    <\/p>\n<p>Dermed venter enda en uke med beinhard trening for Eckhoff &#8211; men \u00e5 prioritere trening midt i den s\u00f8te f\u00f8rjulstiden er p\u00e5 ingen m\u00e5te uvant for den tidligere skiskytteren i verdenstoppen er Eckhoff, vant med knallharde prioriteringer f\u00f8r jul.<\/p>\n<p>    <a itemprop=\"url\" href=\"https:\/\/www.kk.no\/livet\/roper-ny-jobb-1\/83932134\" rel=\"nofollow noopener\" target=\"_blank\"><\/p>\n<p>        <img loading=\"lazy\" decoding=\"async\" src=\"https:\/\/www.europesays.com\/no\/wp-content\/uploads\/2025\/12\/83932227.webp\" width=\"980\" height=\"441\" title=\"R\u00f8per ny jobb\" alt=\"\" class=\"lazyload\" style=\"--aspect-ratio-image: 2.22; \"\/><\/p>\n<p>        R\u00f8per ny jobb<\/p>\n<p>    <\/a><\/p>\n<p> \u00abEr verdt det?\u00bb \t<\/p>\n<p>I l\u00f8pet av karrieren &#8211; som blant annet inneb\u00e6rer ti VM-gull og OL-gull, har hun v\u00e6rt n\u00f8dt til \u00e5 feire jul alene fem, seks ganger, forteller hun til <a href=\"https:\/\/www.tv2.no\/underholdning\/tiril-eckhoff-om-ensom-jul-man-tenker-er-det-verdt-det\/18350534\/\" rel=\"nofollow noopener\" target=\"_blank\">TV 2<\/a>.<\/p>\n<p>&#8211; Det er litt s\u00e5nne ting man gj\u00f8r som toppidrettsut\u00f8ver, og for meg er det ganske normalt. Kanskje er du i Alpene og m\u00e5 feire jul alene, eller med en lagkamerat. S\u00e5 da er det bare \u00e5 finne frem et stakkarslig juletre, spise noe godt til middag, f\u00f8r man begynner \u00e5 trene igjen f\u00f8rste juledag, forteller Eckhoff om de t\u00f8ffe prioriteringene, og fortsetter:\u00a0\u00a0<\/p>\n<p>&#8211; Du kjenner jo litt p\u00e5 det, og tenker: \u00abEr det verdt det?\u00bb. Men akkurat n\u00e5 er jeg veldig takknemlig for at jeg kan feire ordentlig jul, f\u00e5 v\u00e6re med alle selv om de er forkj\u00f8let, og slippe \u00e5 v\u00e6re en s\u00e5nn s\u00e6r person.<\/p>\n","protected":false},"excerpt":{"rendered":"Skal vi danse \u00abSkal vi danse\u00bb-aktuelle Tiril Eckhoff forteller at hun har v\u00e6rt n\u00f8dt til \u00e5 feire jul&hellip;\n","protected":false},"author":2,"featured_media":108022,"comment_status":"","ping_status":"","sticky":false,"template":"","format":"standard","meta":{"footnotes":""},"categories":[59],"tags":[30,28,29,2280,83,82,2287,72],"class_list":{"0":"post-108021","1":"post","2":"type-post","3":"status-publish","4":"format-standard","5":"has-post-thumbnail","7":"category-sport","8":"tag-no","9":"tag-norge","10":"tag-norway","11":"tag-skal-vi-danse","12":"tag-sport","13":"tag-sports","14":"tag-tiril-eckhoff","15":"tag-underholdning"},"share_on_mastodon":{"url":"https:\/\/pubeurope.com\/@no\/115687293482281763","error":""},"_links":{"self":[{"href":"https:\/\/www.europesays.com\/no\/wp-json\/wp\/v2\/posts\/108021","targetHints":{"allow":["GET"]}}],"collection":[{"href":"https:\/\/www.europesays.com\/no\/wp-json\/wp\/v2\/posts"}],"about":[{"href":"https:\/\/www.europesays.com\/no\/wp-json\/wp\/v2\/types\/post"}],"author":[{"embeddable":true,"href":"https:\/\/www.europesays.com\/no\/wp-json\/wp\/v2\/users\/2"}],"replies":[{"embeddable":true,"href":"https:\/\/www.europesays.com\/no\/wp-json\/wp\/v2\/comments?post=108021"}],"version-history":[{"count":0,"href":"https:\/\/www.europesays.com\/no\/wp-json\/wp\/v2\/posts\/108021\/revisions"}],"wp:featuredmedia":[{"embeddable":true,"href":"https:\/\/www.europesays.com\/no\/wp-json\/wp\/v2\/media\/108022"}],"wp:attachment":[{"href":"https:\/\/www.europesays.com\/no\/wp-json\/wp\/v2\/media?parent=108021"}],"wp:term":[{"taxonomy":"category","embeddable":true,"href":"https:\/\/www.europesays.com\/no\/wp-json\/wp\/v2\/categories?post=108021"},{"taxonomy":"post_tag","embeddable":true,"href":"https:\/\/www.europesays.com\/no\/wp-json\/wp\/v2\/tags?post=108021"}],"curies":[{"name":"wp","href":"https:\/\/api.w.org\/{rel}","templated":true}]}}