{"id":108027,"date":"2025-12-09T03:34:15","date_gmt":"2025-12-09T03:34:15","guid":{"rendered":"https:\/\/www.europesays.com\/no\/108027\/"},"modified":"2025-12-09T03:34:15","modified_gmt":"2025-12-09T03:34:15","slug":"kan-utgjore-en-livsfare","status":"publish","type":"post","link":"https:\/\/www.europesays.com\/no\/108027\/","title":{"rendered":"\u00abKan utgj\u00f8re en livsfare\u00bb"},"content":{"rendered":"<p>  Mens presset \u00f8ker for \u00e5 frigi videoen av det omstridte oppf\u00f8lgningsangrepet i Karibia, snur Trump og avviser at han lovet \u00e5 offentliggj\u00f8re den.<\/p>\n<p>\n    HELOMVENDING: USAs president Donald Trump. Foto: Jonathan Ernst\/Reuters\/NTB\n  <\/p>\n<p>&#8211; Jeg vet ikke hva de har. Men uansett hva det er, kommer vi selvsagt til \u00e5 offentliggj\u00f8re det. Ikke noe problem, var svaret fra USAs president Donald Trump forrige uke.<\/p>\n<p>Sp\u00f8rsm\u00e5let gjaldt om administrasjonen kunne offentliggj\u00f8re videoen av det mye omtalte oppf\u00f8lgingsangrepet mot en p\u00e5st\u00e5tt narkob\u00e5t i Karibia tidlig i september.<\/p>\n<p>Mandag hadde Trump sett videoen og da var tonen imidlertid en helt annen.<\/p>\n<p>&#8211; Jeg sa aldri det. Det var det du som sa, raste Trump mot en reporter fra ABC News i Det hvite hus mandag.\u00a0<\/p>\n<p class=\"italic m-italic\" data-lab-italic=\"italic\">&#8211; Kommer du til \u00e5 be Hegseth om \u00e5 offentliggj\u00f8re videoen, spurte reporteren videre.<\/p>\n<p>&#8211; Hva enn han bestemmer seg for, er greit for meg, svarte Trump.<\/p>\n<p>    <a itemprop=\"url\" href=\"https:\/\/www.dagbladet.no\/nyheter\/slaktes-av-sine-egne\/83949586\" rel=\"nofollow noopener\" target=\"_blank\"><\/p>\n<p>        <img loading=\"lazy\" decoding=\"async\" src=\"https:\/\/www.europesays.com\/no\/wp-content\/uploads\/2025\/12\/1765251252_796_83949590.webp\" width=\"980\" height=\"441\" title=\"Slaktes av sine egne\" alt=\"\" class=\"lazyload\" style=\"--aspect-ratio-image: 2.22; \"\/><\/p>\n<p>        Slaktes av sine egne<\/p>\n<p>    <\/a><\/p>\n<p>Hegseth var vag da han ble spurt om en mulig offentliggj\u00f8ring av opptaket.<\/p>\n<p>&#8211; Vi gjennomg\u00e5r prosessen, s\u00e5 f\u00e5r vi se.\u00a0Uansett hva vi eventuelt bestemmer oss for \u00e5 offentliggj\u00f8re, m\u00e5 vi v\u00e6re sv\u00e6rt ansvarlige i vurderingene n\u00e5, sa Hegseth if\u00f8lge <a href=\"https:\/\/www.nytimes.com\/2025\/12\/08\/us\/politics\/trump-boat-strike-video-hegseth.html\" rel=\"nofollow noopener\" target=\"_blank\">New York Times<\/a>.\u00a0<\/p>\n<p>Administrasjonen har gjennom h\u00f8sten offentliggjort en rekke videoer fra lignende angrep, samt den f\u00f8rste delen av angrepet som har skapt sterke reaksjoner de siste ukene.<\/p>\n<p>        BEKREFTER: Mandag, 1. desember bekreftet Det hvite hus at de utf\u00f8rte et dobbelt-angrep p\u00e5 en b\u00e5t i Karibia, 2. september. Angrepet anses \u00e5 v\u00e6re en potensiell krigsforbrytelse. Video: AP \/ X. Reporter: Anabelle Bruun.<\/p>\n<p>Minst 87 mennesker er drept i de 22 angrepene mot sm\u00e5b\u00e5ter som amerikanske myndigheter hevder smugler narkotika fra Latin-Amerika til USA, if\u00f8lge nyhetsbyr\u00e5et AP. USA har forsvart angrepene ved \u00e5 si at de er i krig med narkokartellene og at narkotikaen utgj\u00f8r en stor trussel mot USA.\u00a0<\/p>\n<p>Angrepene og begrunnelsen har m\u00f8tt kraftig kritikk, og s\u00e6rlig nye detaljer om et oppf\u00f8lgingsangrep etter den f\u00f8rste b\u00e5tbombingen i starten av september har vakt sterke reaksjoner.<\/p>\n<p>        <img loading=\"lazy\" decoding=\"async\" src=\"https:\/\/www.europesays.com\/no\/wp-content\/uploads\/2025\/12\/1765251253_192_83936306.webp\" width=\"980\" height=\"559\" title=\"I HARDT V\u00c6R: USAs forsvarsminister Pete Hegseth. Foto: ANDREW CABALLERO-REYNOLDS \/ AFP)\" alt=\"\" class=\"\" style=\"--aspect-ratio-image: 1.75; \"\/><\/p>\n<p>\n        I HARDT V\u00c6R: USAs forsvarsminister Pete Hegseth. Foto: ANDREW CABALLERO-REYNOLDS \/ AFP)\n    <\/p>\n<p>Washington Post meldte nemlig at det ble utf\u00f8rt ytterligere angrep mot to overlevende etter det f\u00f8rste angrepet. If\u00f8lge kritikerne, som mener disse umulig kan ha v\u00e6rt en direkte trussel mot USA, var dette en krigsforbrytelse.\u00a0<\/p>\n<p>    <a itemprop=\"url\" href=\"https:\/\/www.dagbladet.no\/nyheter\/nye-detaljer-ryster-veldig-sjokkerende\/83915930\" rel=\"nofollow noopener\" target=\"_blank\"><\/p>\n<p>        <img loading=\"lazy\" decoding=\"async\" src=\"https:\/\/www.europesays.com\/no\/wp-content\/uploads\/2025\/12\/1765251254_819_83915955.webp\" width=\"980\" height=\"441\" title=\"Nye detaljer ryster: - Veldig sjokkerende\" alt=\"\" class=\"lazyload\" style=\"--aspect-ratio-image: 2.22; \"\/><\/p>\n<p>        Nye detaljer ryster: &#8211; Veldig sjokkerende<\/p>\n<p>    <\/a><\/p>\n<p>If\u00f8lge det amerikanske forsvarsdepartementets egen manual for krigens regler forbys angrep mot stridende som er ute av stand til \u00e5 kjempe, er bevisstl\u00f8se eller skipbrudne s\u00e5 lenge de avst\u00e5r fra fiendtligheter og ikke fors\u00f8ker \u00e5 r\u00f8mme.<\/p>\n<p>Margaret Donovan, tidligere milit\u00e6rjurist som har vurdert hundrevis av amerikanske luftangrep, mener administrasjonen n\u00e5 b\u00f8r offentliggj\u00f8re videoen.<\/p>\n<p>&#8211;\u00a0 Det smerter meg \u00e5 si det, for jeg har sett slike opptak f\u00f8r, og de er ikke alltid noe hyggelig \u00e5 se p\u00e5. Men med all spekulasjonen og de skiftende forklaringene som har kommet i denne saken, er det bare videoen som kan gi svar og skape klarhet for folk, sier Donovan til CNN natt til tirsdag.\u00a0<\/p>\n<p>    <a itemprop=\"url\" href=\"https:\/\/www.dagbladet.no\/nyheter\/en-kvalmende-moralsk-slum\/83931340\" rel=\"nofollow noopener\" target=\"_blank\"><\/p>\n<p>        <img loading=\"lazy\" decoding=\"async\" src=\"https:\/\/www.europesays.com\/no\/wp-content\/uploads\/2025\/12\/1765251255_799_83931356.webp\" width=\"980\" height=\"441\" title=\"\u00abEn kvalmende moralsk slum\u00bb\" alt=\"\" class=\"lazyload\" style=\"--aspect-ratio-image: 2.22; \"\/><\/p>\n<p>        \u00abEn kvalmende moralsk slum\u00bb<\/p>\n<p>    <\/a><\/p>\n<p>Videoen ble vist til noen f\u00e5 medlemmer av Kongressen forrige uke, i det som var Pentagons f\u00f8rste fors\u00f8k p\u00e5 \u00e5 dempe den kraftige kritikken \u2013 ogs\u00e5 fra enkelte republikanere.<\/p>\n<p>Demokrater som kom ut etter \u00e5 ha sett opptaket, beskrev at bildene var s\u00e5 sterke at de ville vekke avsky i offentligheten, skriver New York Times.\u00a0<\/p>\n<p>Jim Himes fra Connecticut, den \u00f8verste demokraten i etterretningskomiteen i Representantenes hus, sa til CBS s\u00f8ndag at de to overlevende s\u00e5 vidt var i live, langt ifra \u00e5 utgj\u00f8re noen trussel da det andre angrepet fant sted.<\/p>\n<p>Forsvarsminister Hegseth har forsvart angrepet, og viser til \u00abkrigens t\u00e5ke\u00bb. Han sa han ikke s\u00e5 overlevende i vannet da det andre angrepet ble gjennomf\u00f8rt tidlig i september. Hegseth\u00a0forklarte videre at han \u00abikke ble v\u00e6rende\u00bb under resten av oppdraget, og at admiralen med ansvar hadde \u00abtatt den riktige avgj\u00f8relsen\u00bb med \u00e5 beordre det andre angrepet, noe han \u00abhadde full myndighet til \u00e5 gj\u00f8re\u00bb.<\/p>\n","protected":false},"excerpt":{"rendered":"Mens presset \u00f8ker for \u00e5 frigi videoen av det omstridte oppf\u00f8lgningsangrepet i Karibia, snur Trump og avviser at&hellip;\n","protected":false},"author":2,"featured_media":108028,"comment_status":"","ping_status":"","sticky":false,"template":"","format":"standard","meta":{"footnotes":""},"categories":[10],"tags":[20,21,24,25,15,22,23,13,30,28,29,14,16,26,27,412],"class_list":{"0":"post-108027","1":"post","2":"type-post","3":"status-publish","4":"format-standard","5":"has-post-thumbnail","7":"category-norge","8":"tag-breaking-news","9":"tag-breakingnews","10":"tag-featured-news","11":"tag-featurednews","12":"tag-headlines","13":"tag-latest-news","14":"tag-latestnews","15":"tag-news","16":"tag-no","17":"tag-norge","18":"tag-norway","19":"tag-nyheter","20":"tag-overskrifter","21":"tag-top-stories","22":"tag-topstories","23":"tag-utenriks"},"share_on_mastodon":{"url":"https:\/\/pubeurope.com\/@no\/115687513610044676","error":""},"_links":{"self":[{"href":"https:\/\/www.europesays.com\/no\/wp-json\/wp\/v2\/posts\/108027","targetHints":{"allow":["GET"]}}],"collection":[{"href":"https:\/\/www.europesays.com\/no\/wp-json\/wp\/v2\/posts"}],"about":[{"href":"https:\/\/www.europesays.com\/no\/wp-json\/wp\/v2\/types\/post"}],"author":[{"embeddable":true,"href":"https:\/\/www.europesays.com\/no\/wp-json\/wp\/v2\/users\/2"}],"replies":[{"embeddable":true,"href":"https:\/\/www.europesays.com\/no\/wp-json\/wp\/v2\/comments?post=108027"}],"version-history":[{"count":0,"href":"https:\/\/www.europesays.com\/no\/wp-json\/wp\/v2\/posts\/108027\/revisions"}],"wp:featuredmedia":[{"embeddable":true,"href":"https:\/\/www.europesays.com\/no\/wp-json\/wp\/v2\/media\/108028"}],"wp:attachment":[{"href":"https:\/\/www.europesays.com\/no\/wp-json\/wp\/v2\/media?parent=108027"}],"wp:term":[{"taxonomy":"category","embeddable":true,"href":"https:\/\/www.europesays.com\/no\/wp-json\/wp\/v2\/categories?post=108027"},{"taxonomy":"post_tag","embeddable":true,"href":"https:\/\/www.europesays.com\/no\/wp-json\/wp\/v2\/tags?post=108027"}],"curies":[{"name":"wp","href":"https:\/\/api.w.org\/{rel}","templated":true}]}}