{"id":108031,"date":"2025-12-09T03:48:12","date_gmt":"2025-12-09T03:48:12","guid":{"rendered":"https:\/\/www.europesays.com\/no\/108031\/"},"modified":"2025-12-09T03:48:12","modified_gmt":"2025-12-09T03:48:12","slug":"stord-nyheter-stord-person-til-sykehus-sjafor-fikk-forerkortet-beslaglagt","status":"publish","type":"post","link":"https:\/\/www.europesays.com\/no\/108031\/","title":{"rendered":"Stord, Nyheter | Stord: Person til sykehus \u2013 sj\u00e5f\u00f8r fikk f\u00f8rerkortet beslaglagt"},"content":{"rendered":"\n<p><b>STORD: \u2013 Det har kommet melding om en p\u00e5kj\u00f8rt elsparkesyklist. En pasient blir tatt med av ambulanse, opplyser operasjonsleder Helen Rygg Ims i S\u00f8r-Vest politidistrikt. <\/b><\/p>\n<p>Det var en ambulanse som kom over uhellet mandag ettermiddag. Det har skjedd i Vikastemmo-omr\u00e5det p\u00e5 Stord.<\/p>\n<p><b>\u2013 Elsparkesyklisten er p\u00e5kj\u00f8rt av en bil. Vedkommende ble kj\u00f8rt til sykehuset for sjekk, ukjent skadeomfang. Hendelsesforl\u00f8pet er ukjent, skriver operasjonsleder Olaug Bj\u00f8rnsen i politiloggen. <\/b><\/p>\n<p>Tatt med for avh\u00f8r<\/p>\n<p>F\u00f8reren av bilen, en kvinne i 20-\u00e5rene, bl\u00e5ste til null i alkometeret. <\/p>\n<p><b>\u2013 Hun blir tatt med inn p\u00e5 politistasjonen for avh\u00f8r.<\/b><\/p>\n<p>Like f\u00f8r klokken 16.30 opplyser Bj\u00f8rnsen at hendelsen har funnet sted i fotgjengerfeltet.<\/p>\n<p><b>\u2013 Bilf\u00f8reren fikk f\u00f8rerkortet beslaglagt, opplyser hun.<\/b><\/p>\n<p>Politiet opplyser videre at en patrulje vil opps\u00f8ke elsparkesyklisten p\u00e5 Stord sjukehus for \u00e5 unders\u00f8ke skadeomfanget m.m.<\/p>\n<p>Bruddskader i foten<\/p>\n<p>Klokken 17.13 oppdaterer Bj\u00f8rnsen med at f\u00f8reren av elsparkesykkelen er en mindre\u00e5rig jente.<\/p>\n<p><b>\u2013 Hun er innlagt p\u00e5 sykehuset med bruddskader i en fot, opplyser hun.<\/b><\/p>\n<p>Sak blir opprettet.<\/p>\n","protected":false},"excerpt":{"rendered":"STORD: \u2013 Det har kommet melding om en p\u00e5kj\u00f8rt elsparkesyklist. En pasient blir tatt med av ambulanse, opplyser&hellip;\n","protected":false},"author":2,"featured_media":23205,"comment_status":"","ping_status":"","sticky":false,"template":"","format":"standard","meta":{"footnotes":""},"categories":[10],"tags":[36,20,21,24,25,15,22,23,13,30,28,29,447,14,16,366,1510,26,27],"class_list":{"0":"post-108031","1":"post","2":"type-post","3":"status-publish","4":"format-standard","5":"has-post-thumbnail","7":"category-norge","8":"tag-art","9":"tag-breaking-news","10":"tag-breakingnews","11":"tag-featured-news","12":"tag-featurednews","13":"tag-headlines","14":"tag-latest-news","15":"tag-latestnews","16":"tag-news","17":"tag-no","18":"tag-norge","19":"tag-norway","20":"tag-nyhet","21":"tag-nyheter","22":"tag-overskrifter","23":"tag-stord","24":"tag-story","25":"tag-top-stories","26":"tag-topstories"},"share_on_mastodon":{"url":"https:\/\/pubeurope.com\/@no\/115687568388915585","error":""},"_links":{"self":[{"href":"https:\/\/www.europesays.com\/no\/wp-json\/wp\/v2\/posts\/108031","targetHints":{"allow":["GET"]}}],"collection":[{"href":"https:\/\/www.europesays.com\/no\/wp-json\/wp\/v2\/posts"}],"about":[{"href":"https:\/\/www.europesays.com\/no\/wp-json\/wp\/v2\/types\/post"}],"author":[{"embeddable":true,"href":"https:\/\/www.europesays.com\/no\/wp-json\/wp\/v2\/users\/2"}],"replies":[{"embeddable":true,"href":"https:\/\/www.europesays.com\/no\/wp-json\/wp\/v2\/comments?post=108031"}],"version-history":[{"count":0,"href":"https:\/\/www.europesays.com\/no\/wp-json\/wp\/v2\/posts\/108031\/revisions"}],"wp:featuredmedia":[{"embeddable":true,"href":"https:\/\/www.europesays.com\/no\/wp-json\/wp\/v2\/media\/23205"}],"wp:attachment":[{"href":"https:\/\/www.europesays.com\/no\/wp-json\/wp\/v2\/media?parent=108031"}],"wp:term":[{"taxonomy":"category","embeddable":true,"href":"https:\/\/www.europesays.com\/no\/wp-json\/wp\/v2\/categories?post=108031"},{"taxonomy":"post_tag","embeddable":true,"href":"https:\/\/www.europesays.com\/no\/wp-json\/wp\/v2\/tags?post=108031"}],"curies":[{"name":"wp","href":"https:\/\/api.w.org\/{rel}","templated":true}]}}