{"id":108034,"date":"2025-12-09T03:56:15","date_gmt":"2025-12-09T03:56:15","guid":{"rendered":"https:\/\/www.europesays.com\/no\/108034\/"},"modified":"2025-12-09T03:56:15","modified_gmt":"2025-12-09T03:56:15","slug":"er-i-samtaler-med-russland","status":"publish","type":"post","link":"https:\/\/www.europesays.com\/no\/108034\/","title":{"rendered":"Er i samtaler med Russland"},"content":{"rendered":"<p>Dialogen mellom Norge og Russland starter opp med et plenumsm\u00f8te som holdes mandag 8. desember. Fra norsk side ledes forhandlingene av departementsr\u00e5d Mette I. Wikborg.<\/p>\n<p>Fiskarlaget deltar som vanlig i forhandlingsdelegasjonen og tre tillitsvalgte og ansatte er med som r\u00e5dgivere for v\u00e5re myndigheter i disse viktige samtalene; leder Jan Roger Lerbukt, generalsekret\u00e6r Sverre Johansen og fagsjef Synn\u00f8ve Liab\u00f8.<\/p>\n<p>Jan Roger Lerbukt sier Fiskarlagets hovedrolle er \u00e5 bidra med r\u00e5d overfor N\u00e6rings- og fiskeridepartementet. Han ser frem til \u00e5 komme i gang med forhandlingene, og sier det f\u00f8rst vil bli kommunisert noe konkret fra samtalene n\u00e5r det er en avklaring p\u00e5 bordet.<\/p>\n<p>\u2013 Det vil som vanlig ikke v\u00e6re anledning for oss \u00e5 gi kommentarer underveis. Det er forhandlingsledelsen som uttaler seg om forhandlingene inntil en eventuell avtale er undertegnet, p\u00e5peker han i en pressemelding.<\/p>\n<p>Har gitt innspill<\/p>\n<p>Jan Roger Lerbukt sier Fiskarlagets hovedanliggende ogs\u00e5 i \u00e5rets forhandlinger er \u00e5 peke p\u00e5 at v\u00e5re felles fiskeriressurser blir forvaltet best mulig.<\/p>\n<p>\u2013 Det har v\u00e6rt et godt samarbeid mellom norske og russiske fiskerimyndigheter gjennom mange \u00e5r, til tross for perioder med krevende baktepper \u2013 som n\u00e5, sier han.<\/p>\n<p><img decoding=\"async\" src=\"data:image\/gif;base64,R0lGODlhEAAJAIAAAP\/\/\/wAAACH5BAEAAAAALAAAAAAQAAkAAAIKhI+py+0Po5yUFQA7\" alt=\"\"\/><br \/>\n  Leder i Norges Fiskarlag, Jan Roger Lerbukt har tro p\u00e5 at forhandlingene blir h\u00e5ndtert p\u00e5 en balansert m\u00e5te.<br \/>\n  <strong>Foto:<\/strong> Jan-Erik Indrestrand, Norges Fiskarlag<\/p>\n<p>\u2013 Vi har tiltro til at norske myndigheter h\u00e5ndterer forhandlingene p\u00e5 en balansert m\u00e5te og bidrar til konstruktive l\u00f8sninger som kan sikre at de marine ressursene ogs\u00e5 i \u00e5rene framover blir forvaltet i fellesskap.<\/p>\n<p>Lerbukt opplyser at Fiskarlaget blant annet har gitt forh\u00e5ndsinnspill til v\u00e5re myndigheter om kvotefastsettelsen for fellesbestandene, evaluering av h\u00f8stingsregler, soneadgang og kvotebytte.<\/p>\n<p>\u2013 Vil v\u00e6re sv\u00e6rt uheldig <\/p>\n<p>Mandag morgen deltok fagsjef Synn\u00f8ve Liab\u00f8 i et intervju med NRKs Nyhetsmorgen om fiskeriforhandlingene, om hvordan de gjennomf\u00f8res og betydningen av fiskeriforvaltningssamarbeidet i Barentshavet.<\/p>\n<p>Hun p\u00e5pekte blant annet at det vil v\u00e6re sv\u00e6rt uheldig dersom vi ikke oppn\u00e5r en avtale for 2026 og \u00e5rene framover.<\/p>\n<p><img decoding=\"async\" src=\"data:image\/gif;base64,R0lGODlhEAAJAIAAAP\/\/\/wAAACH5BAEAAAAALAAAAAAQAAkAAAIKhI+py+0Po5yUFQA7\" alt=\"\"\/><br \/>\n  Fagsjef i Norges Fiskarlag, Synn\u00f8ve Liab\u00f8.<br \/>\n  <strong>Foto:<\/strong> Jan-Erik Indrestrand, Norges Fiskarlag<\/p>\n<p>Norskehavet og Barentshavet er et av verdens mest produktive havomr\u00e5der. Det er en ny og krevende situasjon for b\u00e5de norsk fiskerin\u00e6ring og for Norge, men ogs\u00e5 for andre fiskerinasjoner, om forsknings- og forvaltningssamarbeidet skulle settes p\u00e5 pause.<\/p>\n<p>Fiskarlaget har p\u00e5pekt at vi har en forpliktelse til \u00e5 forvalte ressursene p\u00e5 en b\u00e6rekraftig og langsiktig m\u00e5te, og Liab\u00f8 forklarte overfor NRK at det optimale er \u00e5 komme frem til en felles avtale som gj\u00f8r at b\u00e5de norske og russiske fiskere kan fortsette \u00e5 h\u00f8ste fisken etter at den er ferdig med gytingen i omr\u00e5det utenfor Lofoten og Vester\u00e5len.<\/p>\n","protected":false},"excerpt":{"rendered":"Dialogen mellom Norge og Russland starter opp med et plenumsm\u00f8te som holdes mandag 8. desember. Fra norsk side&hellip;\n","protected":false},"author":2,"featured_media":108035,"comment_status":"","ping_status":"","sticky":false,"template":"","format":"standard","meta":{"footnotes":""},"categories":[5],"tags":[2833,20,21,13394,24,25,2460,15,19,22,23,803,17,18,1580,13,30,28,29,14,16,188,26,27,1106],"class_list":{"0":"post-108034","1":"post","2":"type-post","3":"status-publish","4":"format-standard","5":"has-post-thumbnail","7":"category-overskrifter","8":"tag-barentshavet","9":"tag-breaking-news","10":"tag-breakingnews","11":"tag-den-blandede-norsk-russiske-fiskerikommisjon","12":"tag-featured-news","13":"tag-featurednews","14":"tag-forhandling","15":"tag-headlines","16":"tag-hovedoppslag","17":"tag-latest-news","18":"tag-latestnews","19":"tag-lofoten","20":"tag-main-news","21":"tag-mainnews","22":"tag-naerings-og-fiskeridepartementet","23":"tag-news","24":"tag-no","25":"tag-norge","26":"tag-norway","27":"tag-nyheter","28":"tag-overskrifter","29":"tag-russland","30":"tag-top-stories","31":"tag-topstories","32":"tag-vesteralen"},"share_on_mastodon":{"url":"https:\/\/pubeurope.com\/@no\/115687599824014555","error":""},"_links":{"self":[{"href":"https:\/\/www.europesays.com\/no\/wp-json\/wp\/v2\/posts\/108034","targetHints":{"allow":["GET"]}}],"collection":[{"href":"https:\/\/www.europesays.com\/no\/wp-json\/wp\/v2\/posts"}],"about":[{"href":"https:\/\/www.europesays.com\/no\/wp-json\/wp\/v2\/types\/post"}],"author":[{"embeddable":true,"href":"https:\/\/www.europesays.com\/no\/wp-json\/wp\/v2\/users\/2"}],"replies":[{"embeddable":true,"href":"https:\/\/www.europesays.com\/no\/wp-json\/wp\/v2\/comments?post=108034"}],"version-history":[{"count":0,"href":"https:\/\/www.europesays.com\/no\/wp-json\/wp\/v2\/posts\/108034\/revisions"}],"wp:featuredmedia":[{"embeddable":true,"href":"https:\/\/www.europesays.com\/no\/wp-json\/wp\/v2\/media\/108035"}],"wp:attachment":[{"href":"https:\/\/www.europesays.com\/no\/wp-json\/wp\/v2\/media?parent=108034"}],"wp:term":[{"taxonomy":"category","embeddable":true,"href":"https:\/\/www.europesays.com\/no\/wp-json\/wp\/v2\/categories?post=108034"},{"taxonomy":"post_tag","embeddable":true,"href":"https:\/\/www.europesays.com\/no\/wp-json\/wp\/v2\/tags?post=108034"}],"curies":[{"name":"wp","href":"https:\/\/api.w.org\/{rel}","templated":true}]}}