{"id":108040,"date":"2025-12-09T04:25:08","date_gmt":"2025-12-09T04:25:08","guid":{"rendered":"https:\/\/www.europesays.com\/no\/108040\/"},"modified":"2025-12-09T04:25:08","modified_gmt":"2025-12-09T04:25:08","slug":"2025-pa-vei-mot-a-bli-historiens-nest-varmeste-ar-siste-nytt-nrk","status":"publish","type":"post","link":"https:\/\/www.europesays.com\/no\/108040\/","title":{"rendered":"2025 p\u00e5 vei mot \u00e5 bli historiens nest varmeste \u00e5r \u2013 Siste nytt \u2013\u00a0NRK"},"content":{"rendered":"<p>2025 ligger an til \u00e5 tangere 2023 som historiens nest varmeste \u00e5r, if\u00f8lge EUs klimatjeneste Copernicus.<\/p>\n<p>\u00c5rets novemberm\u00e5ned er ogs\u00e5 den tredje varmeste globalt som er registrert. November hadde en gjennomsnittstemperatur p\u00e5 14,02 grader, noe som er 0,65 grader over gjennomsnittet mellom 1991\u20132020.<\/p>\n<p>\u2013 I november l\u00e5 temperaturene 1,54 grader over f\u00f8rindustrielt niv\u00e5 p\u00e5 verdensbasis. Tre\u00e5rsperioden 2023\u20132025 ligger for f\u00f8rste gang an til \u00e5 overstige 1,5 grader, sier Samantha Burgess i Copernicus.<\/p>\n<p>\u2013 Dette er ikke abstrakte milep\u00e6ler \u2013 de gjenspeiler det akselererende tempoet i klimaendringene, og den eneste m\u00e5ten \u00e5 begrense fremtidig temperatur\u00f8kning er \u00e5 kutte utslippene av drivhusgasser raskt, sier hun.<\/p>\n","protected":false},"excerpt":{"rendered":"2025 ligger an til \u00e5 tangere 2023 som historiens nest varmeste \u00e5r, if\u00f8lge EUs klimatjeneste Copernicus. \u00c5rets novemberm\u00e5ned&hellip;\n","protected":false},"author":2,"featured_media":108041,"comment_status":"","ping_status":"","sticky":false,"template":"","format":"standard","meta":{"footnotes":""},"categories":[12],"tags":[20,21,24,25,15,22,23,13,30,28,29,14,16,26,27,42,43,44,45],"class_list":{"0":"post-108040","1":"post","2":"type-post","3":"status-publish","4":"format-standard","5":"has-post-thumbnail","7":"category-verden","8":"tag-breaking-news","9":"tag-breakingnews","10":"tag-featured-news","11":"tag-featurednews","12":"tag-headlines","13":"tag-latest-news","14":"tag-latestnews","15":"tag-news","16":"tag-no","17":"tag-norge","18":"tag-norway","19":"tag-nyheter","20":"tag-overskrifter","21":"tag-top-stories","22":"tag-topstories","23":"tag-verden","24":"tag-world","25":"tag-world-news","26":"tag-worldnews"},"share_on_mastodon":{"url":"https:\/\/pubeurope.com\/@no\/115687713984483430","error":""},"_links":{"self":[{"href":"https:\/\/www.europesays.com\/no\/wp-json\/wp\/v2\/posts\/108040","targetHints":{"allow":["GET"]}}],"collection":[{"href":"https:\/\/www.europesays.com\/no\/wp-json\/wp\/v2\/posts"}],"about":[{"href":"https:\/\/www.europesays.com\/no\/wp-json\/wp\/v2\/types\/post"}],"author":[{"embeddable":true,"href":"https:\/\/www.europesays.com\/no\/wp-json\/wp\/v2\/users\/2"}],"replies":[{"embeddable":true,"href":"https:\/\/www.europesays.com\/no\/wp-json\/wp\/v2\/comments?post=108040"}],"version-history":[{"count":0,"href":"https:\/\/www.europesays.com\/no\/wp-json\/wp\/v2\/posts\/108040\/revisions"}],"wp:featuredmedia":[{"embeddable":true,"href":"https:\/\/www.europesays.com\/no\/wp-json\/wp\/v2\/media\/108041"}],"wp:attachment":[{"href":"https:\/\/www.europesays.com\/no\/wp-json\/wp\/v2\/media?parent=108040"}],"wp:term":[{"taxonomy":"category","embeddable":true,"href":"https:\/\/www.europesays.com\/no\/wp-json\/wp\/v2\/categories?post=108040"},{"taxonomy":"post_tag","embeddable":true,"href":"https:\/\/www.europesays.com\/no\/wp-json\/wp\/v2\/tags?post=108040"}],"curies":[{"name":"wp","href":"https:\/\/api.w.org\/{rel}","templated":true}]}}