{"id":108044,"date":"2025-12-09T04:27:08","date_gmt":"2025-12-09T04:27:08","guid":{"rendered":"https:\/\/www.europesays.com\/no\/108044\/"},"modified":"2025-12-09T04:27:08","modified_gmt":"2025-12-09T04:27:08","slug":"skattelistene-fattigdom-kommunedirektorene-deler-ikke-ut-gaver-men-oppsigelser","status":"publish","type":"post","link":"https:\/\/www.europesays.com\/no\/108044\/","title":{"rendered":"Skattelistene, Fattigdom | Kommunedirekt\u00f8rene\u00a0deler ikke ut gaver \u2013 men oppsigelser"},"content":{"rendered":"\n<p><a href=\"https:\/\/www.an.no\/sjekk-bunnlista-han-tjener-minst-i-nordland\/o\/5-4-2289195\" rel=\"Follow nofollow noopener\" target=\"_blank\">(Avisa Nordland)<\/a>: Onsdag lyste avisene over hele landet opp med skattelistene for 2024. Jeg kunne igjen konstatere at jeg ikke befant meg p\u00e5 topplisten verken i fylket eller byen, men jeg var heller ikke p\u00e5 bunnen. Det er da noe.<\/p>\n<p>Da vi diskuterte hva vi skulle gj\u00f8re p\u00e5 skattedagen i Avisa Nordland, kom en av jentene med det betimelige sp\u00f8rsm\u00e5let:<\/p>\n<p>\u2013 Hvorfor lager vi ikke listen \u00abDette er de rikeste single under 45 \u00e5r\u00bb? Det er jo det vi alle lurer p\u00e5, la hun til, og h\u00f8stet latter i hele rommet.<\/p>\n<p>\u00c9n liste jeg selv alltid savner p\u00e5 skattedagen er: \u00abDisse tjener minst i Nordland\u00bb.<\/p>\n<p>N\u00e5 snakker jeg ikke om kaksene som har funnet smutthull, slik at de st\u00e5r registrert med null inntekt og unng\u00e5r skatt. Jeg snakker om de som helt reelt sliter mest. Tallene p\u00e5 hva de faktisk m\u00e5 leve p\u00e5 per m\u00e5ned ville nok ristet litt edruelighet fram hos de juleantrukne.<\/p>\n<p>Selv om \u00abGlade jul\u00bb om kort tid runger over det ganske land, vil nok jula i 2025 for enkelte v\u00e6re bedre oppsummert gjennom Merle Haggards sosialrealistiske klassiker: \u00abIf We Make It Through December\u00bb (Hvis vi klarer oss gjennom desember).<\/p>\n<p><b>Les ogs\u00e5:<a href=\"https:\/\/www.nettavisen.no\/norsk-debatt\/eier-du-ikke-skam-kan-du-se-hva-jakob-ingebrigtsen-tjener\/o\/5-95-2758336\" rel=\"Follow nofollow noopener\" target=\"_blank\"> Eier ingen skam i dag<\/a><\/b><\/p>\n<p>Den sosiale smerten<\/p>\n<p>Desember er nemlig m\u00e5neden da fattigdommen blir synlig, fordi forventningene er s\u00e5 h\u00f8ye. Som Haggard s\u00e5 fint poengterer det: \u00abJeg mener ikke \u00e5 hate desember. Det skal v\u00e6re den lykkeligste tida p\u00e5 \u00e5ret. Men lillejenta skj\u00f8nner ikke hvorfor pappa ikke har r\u00e5d til juletre\u00bb.<\/p>\n<p>For min del handler ikke jula om \u00e5 f\u00e5 det til \u00e5 strekke til fram mot jul. Det blir nok b\u00e5de pinnekj\u00f8tt og ribbe p\u00e5 meg og mine. Kanskje for mye, vil enkelte hevde. Jeg f\u00e5r til og med dratt p\u00e5 noen byturer i l\u00f8pet av m\u00e5neden, uten at dette gj\u00f8r at gaver til barna utg\u00e5r \u2013 eller noe annet vesentlig til husstanden.<\/p>\n<p>Selv om desember er m\u00e5neden for familiekos og hygge, er det ogs\u00e5 m\u00e5neden for utenforskap. Rundt 350.000 nordmenn feirer julen alene, if\u00f8lge SSB. Over 500.000 mennesker i Norge lever i husholdninger med vedvarende lavinntekt. Det tilsvarer omtrent ti prosent av befolkningen.<\/p>\n<p>Det er ogs\u00e5 verdt \u00e5 merke seg at 102.600 barn (ca. 11,3 prosent) vokser opp i familier med vedvarende lavinntekt. For disse ungene betyr det at de ikke kan v\u00e6re med p\u00e5 det klassekameratene gj\u00f8r, eller at julegavene uteblir. Det er dette som skaper den sosiale smerten.<\/p>\n<p>Forskjellen p\u00e5 de som kan kj\u00f8pe det de vil, og de som gruer seg til hver str\u00f8mregning, blir ekstremt synlig akkurat i denne perioden. Eller, \u00absynlig\u00bb er vel ikke ordet, for de fleste gjemmer seg bort i skam, for \u00e5 unng\u00e5 at andre vet hvor ille det er fatt.<\/p>\n<p>Deler ut oppsigelser<\/p>\n<p>Nordmenn har ikke for vane \u00e5 klage p\u00e5 restauranter \u2013 om maten er aldri s\u00e5 elendig. Vi liker simpelthen ikke styr. P\u00e5 samme vis er det ikke allment akseptert \u00e5 klage p\u00e5 at man har det for ille. Ikke hvis man er ordentlig fattig, i alle fall. De som klager mest, befinner seg gjerne h\u00f8yere p\u00e5 l\u00f8nnsstigen.<\/p>\n<p><b>Fattigdom i Norge handler sjelden om sult, men mer om utenforskap.<\/b><\/p>\n<p>If\u00f8lge EU-definisjonen (EU60), regnes man som \u00abfattig\u00bb hvis man tjener mindre enn 60 prosent av medianinntekten i landet over tre \u00e5r. SIFO har ferskere tall som fanger opp effekten av rentehevinger og prisvekst. Deres rapporter fra 2024\/2025 viser at langt flere enn f\u00f8r \u2013 opp mot 15\u201320 prosent av husholdningene \u2013 har \u00f8konomiske utfordringer der de m\u00e5 velge bort mat eller str\u00f8m, for \u00e5 f\u00e5 endene til \u00e5 m\u00f8tes.<\/p>\n<p>Det er et paradoks at Oljefondet setter nye rekorder, mens norske kommuner og fylkeskommuner m\u00e5 kutte i lovp\u00e5lagte tjenester, legge ned skoler og innstille bussruter. Vi er \u00abverdens rikeste land\u00bb, men har \u00abverdens fattigste kommuner\u00bb. Har vi rett og slett bygd oss et samfunn som vi ikke har r\u00e5d til \u00e5 drifte?<\/p>\n<p><b>Det er snart jul, men kommunedirekt\u00f8rene deler ikke ut gaver \u2013 de deler ut oppsigelser.<\/b><\/p>\n<p> Og hver gang det skal kuttes, er det velferdstilbudet til dem som har minst det g\u00e5r ut over. Nettopp fordi de ikke klager. Skolenedleggelser er mer brysomme for kommunene \u00e5 h\u00e5ndtere. Da blir det nemlig fakkeltog og h\u00f8ym\u00e6lte protester.<\/p>\n<p><b>Les ogs\u00e5: <a href=\"https:\/\/www.nettavisen.no\/norsk-debatt\/pakkekalender-reaksjonen-kom-som-et-sjokk\/o\/5-95-2764705\" rel=\"Follow nofollow noopener\" target=\"_blank\">Pakkekalender er dyrt, un\u00f8dvendig og bidrar til stress<\/a><\/b><\/p>\n<p>\u00abJuledugnad\u00bb<\/p>\n<p>At denne nedadg\u00e5ende spiralen skal kunne endres i en krisetid, er kanskje for mye \u00e5 forvente, men i stedet for bare \u00e5 se p\u00e5 at dette skjer, er det faktisk noe du kan bidra med.<\/p>\n<p>Da det ble kalt inn til julegr\u00f8t p\u00e5 kontoret, kom det en befriende oppfordring fra en om at det ved Natthjemmet i Junkerveien og p\u00e5 Kvinnehuset er stort behov for vinterkl\u00e6r, og at alle som ryddet til jul burde ha dette i bakhodet, og heller gi overflodslageret i klesskapet til noen som omtrent ikke har noe. Slike initiativ trenger vi flere av.<\/p>\n<p>Om ikke annet, vil en slik lavterskel \u00abjuledugnad\u00bb kunne bringe julefred til noen \u2013 og sjelefred til andre.<\/p>\n","protected":false},"excerpt":{"rendered":"(Avisa Nordland): Onsdag lyste avisene over hele landet opp med skattelistene for 2024. Jeg kunne igjen konstatere at&hellip;\n","protected":false},"author":2,"featured_media":108045,"comment_status":"","ping_status":"","sticky":false,"template":"","format":"standard","meta":{"footnotes":""},"categories":[5],"tags":[20,21,24,25,15,19,22,23,17,18,13,30,28,29,14,16,26,27],"class_list":{"0":"post-108044","1":"post","2":"type-post","3":"status-publish","4":"format-standard","5":"has-post-thumbnail","7":"category-overskrifter","8":"tag-breaking-news","9":"tag-breakingnews","10":"tag-featured-news","11":"tag-featurednews","12":"tag-headlines","13":"tag-hovedoppslag","14":"tag-latest-news","15":"tag-latestnews","16":"tag-main-news","17":"tag-mainnews","18":"tag-news","19":"tag-no","20":"tag-norge","21":"tag-norway","22":"tag-nyheter","23":"tag-overskrifter","24":"tag-top-stories","25":"tag-topstories"},"share_on_mastodon":{"url":"https:\/\/pubeurope.com\/@no\/115687721750806891","error":""},"_links":{"self":[{"href":"https:\/\/www.europesays.com\/no\/wp-json\/wp\/v2\/posts\/108044","targetHints":{"allow":["GET"]}}],"collection":[{"href":"https:\/\/www.europesays.com\/no\/wp-json\/wp\/v2\/posts"}],"about":[{"href":"https:\/\/www.europesays.com\/no\/wp-json\/wp\/v2\/types\/post"}],"author":[{"embeddable":true,"href":"https:\/\/www.europesays.com\/no\/wp-json\/wp\/v2\/users\/2"}],"replies":[{"embeddable":true,"href":"https:\/\/www.europesays.com\/no\/wp-json\/wp\/v2\/comments?post=108044"}],"version-history":[{"count":0,"href":"https:\/\/www.europesays.com\/no\/wp-json\/wp\/v2\/posts\/108044\/revisions"}],"wp:featuredmedia":[{"embeddable":true,"href":"https:\/\/www.europesays.com\/no\/wp-json\/wp\/v2\/media\/108045"}],"wp:attachment":[{"href":"https:\/\/www.europesays.com\/no\/wp-json\/wp\/v2\/media?parent=108044"}],"wp:term":[{"taxonomy":"category","embeddable":true,"href":"https:\/\/www.europesays.com\/no\/wp-json\/wp\/v2\/categories?post=108044"},{"taxonomy":"post_tag","embeddable":true,"href":"https:\/\/www.europesays.com\/no\/wp-json\/wp\/v2\/tags?post=108044"}],"curies":[{"name":"wp","href":"https:\/\/api.w.org\/{rel}","templated":true}]}}