{"id":108046,"date":"2025-12-09T04:32:09","date_gmt":"2025-12-09T04:32:09","guid":{"rendered":"https:\/\/www.europesays.com\/no\/108046\/"},"modified":"2025-12-09T04:32:09","modified_gmt":"2025-12-09T04:32:09","slug":"jimmy-kimmel-forlenget-kontrakt-etter-kontroversielle-kommentarer","status":"publish","type":"post","link":"https:\/\/www.europesays.com\/no\/108046\/","title":{"rendered":"Jimmy Kimmel forlenget kontrakt etter kontroversielle kommentarer"},"content":{"rendered":"\n<p class=\"_lead_o9xde_2 _lead_xtcu6_50 layout-component text-serif-m layout-normal text-serif-l layout-component layout-wide layout-padded _wide_17hqh_1 layout-padded\">Talkshow-verten fikk ny avtale med ABC til tross for suspensjon.<\/p>\n<p><img alt=\" Foto: PATRICK T. FALLON \/ AFP \/ NTB\" class=\"_image_qp4xg_65 layout-component layout-wide\" data-fullscreen- data-track-element-type=\"Article image fullscreen\" data-track-name=\"ImageFullscreen\" fetchpriority=\"high\" decoding=\"sync\" loading=\"eager\" height=\"2192\" itemprop=\"image\"  src=\"https:\/\/www.europesays.com\/no\/wp-content\/uploads\/2025\/12\/5d8be6b3-6c42-4626-a747-834ff4848217\"  style=\"object-position:0% 0%\" width=\"3280\"\/> Foto: PATRICK T. FALLON \/ AFP \/ NTB<\/p>\n<ul aria-hidden=\"true\" class=\"_images_ntbth_112\">\n<li><a class=\"_link_ntbth_117\" href=\"https:\/\/www.vg.no\/forfatter\/kari-aarstad-aase\" style=\"z-index:1\" title=\"Kari Aarstad Aase\" rel=\"nofollow noopener\" target=\"_blank\"><img alt=\"Bilde av Kari Aarstad Aase\" class=\"_image_ntbth_93\" fetchpriority=\"low\" loading=\"lazy\" decoding=\"async\" itemprop=\"image\"  src=\"https:\/\/www.europesays.com\/no\/wp-content\/uploads\/2025\/12\/1765254729_304_0dbde33e-6d8e-4680-8e4f-e2a64281e2b8\"  width=\"480\"\/><\/a><\/li>\n<\/ul>\n<p> Oppdatert tirsdag 9. desember kl. 04:44     <\/p>\n<p class=\"_paragraph_o9xde_4 _paragraph_xtcu6_10 layout-component text-serif-m layout-normal text-serif-m layout-padded\"><a href=\"https:\/\/www.vg.no\/tag\/jimmy-kimmel?utm_source=vg-article&amp;utm_medium=auto-tagger&amp;utm_campaign=y5vm1g\" class=\"_link_o9xde_39\" rel=\"nofollow noopener\" target=\"_blank\">Jimmy Kimmel<\/a> har signert en ett\u00e5rig kontraktforlengelse med ABC for \u00e5 fortsette som vert for \u00abJimmy Kimmel Live!\u00bb, melder <a href=\"https:\/\/www.nbcnews.com\/pop-culture\/pop-culture-news\/jimmy-kimmel-signs-one-year-extension-abc-late-night-show-rcna248102\" class=\"_link_o9xde_39\" rel=\"nofollow noopener\" target=\"_blank\">NBC News<\/a>.<\/p>\n<p class=\"_paragraph_o9xde_4 _paragraph_xtcu6_10 layout-component text-serif-m layout-normal text-serif-m layout-padded\">Den nye avtalen kommer bare m\u00e5neder etter at Disney-eide ABC midlertidig tok showet av lufta p\u00e5 grunn av konservativ kritikk mot kommentarer Kimmel kom med i en monolog.<\/p>\n<p class=\"_paragraph_o9xde_4 _paragraph_xtcu6_10 layout-component text-serif-m layout-normal text-serif-m layout-padded\">Under den nye kontrakten skal \u00abJimmy Kimmel Live!\u00bb kj\u00f8re til mai 2027.<\/p>\n<p class=\"_paragraph_o9xde_4 _paragraph_xtcu6_10 layout-component text-serif-m layout-normal text-serif-m layout-padded\">Kimmel fikk kritikk etter at han spekulerte i de politiske motivene til personen som myndighetene sier skj\u00f8t og drepte Charlie Kirk. Brendan Carr, som er utnevnt av Trump som leder av Federal Communications Commission, beskrev monologen som \u00abden sykeste oppf\u00f8rselen mulig\u00bb.<\/p>\n<p class=\"_paragraph_o9xde_4 _paragraph_xtcu6_10 layout-component text-serif-m layout-normal text-serif-m layout-padded\">To store eiere av ABC-tilknyttede kanaler kunngjorde deretter at de ville droppe Kimmels show.<\/p>\n<p class=\"_paragraph_o9xde_4 _paragraph_xtcu6_10 layout-component text-serif-m layout-normal text-serif-m layout-padded\">Disneys beslutning om \u00e5 suspendere Kimmel utl\u00f8ste umiddelbar offentlig motreaksjon. Fans ford\u00f8mte det de beskrev som et inngrep i komedikerens grunnlovsfestede rett til ytringsfrihet. <\/p>\n<p><img alt=\"Foto: Jae C. Hong \/ AP \/ NTB\" class=\"_image_qp4xg_65 layout-component layout-normal\" data-fullscreen- data-track-element-type=\"Article image fullscreen\" data-track-name=\"ImageFullscreen\" decoding=\"async\" loading=\"lazy\" height=\"4000\" itemprop=\"image\"  src=\"https:\/\/www.europesays.com\/no\/wp-content\/uploads\/2025\/12\/89e3f20e-dd09-4aa0-8111-826071e6ec23\"  style=\"object-position:0% 0%\" width=\"6000\"\/>Foto: Jae C. Hong \/ AP \/ NTB<\/p>\n<p class=\"_paragraph_o9xde_4 _paragraph_xtcu6_10 layout-component text-serif-m layout-normal text-serif-m layout-padded\">Mange oppfordret ogs\u00e5 til boikott av Disney-eide str\u00f8mmetjenester som Hulu, Disney+ og ESPN.<\/p>\n<p class=\"_paragraph_o9xde_4 _paragraph_xtcu6_10 layout-component text-serif-m layout-normal text-serif-m layout-padded\">Etter \u00f8kende press tok ABC Kimmel tilbake p\u00e5 lufta nesten en uke senere. Hans retur trakk 6,3 millioner seere, noe som gjorde det til showets h\u00f8yest ratede regul\u00e6re episode p\u00e5 over ti \u00e5r.<\/p>\n<p class=\"_paragraph_o9xde_4 _paragraph_xtcu6_10 layout-component text-serif-m layout-normal text-serif-m layout-padded\">Den 58 \u00e5r gamle programlederen hadde tidligere nektet \u00e5 dele om han ville fortsette etter at kontrakten utl\u00f8p i mai.<\/p>\n","protected":false},"excerpt":{"rendered":"Talkshow-verten fikk ny avtale med ABC til tross for suspensjon. Foto: PATRICK T. FALLON \/ AFP \/ NTB&hellip;\n","protected":false},"author":2,"featured_media":108047,"comment_status":"","ping_status":"","sticky":false,"template":"","format":"standard","meta":{"footnotes":""},"categories":[12],"tags":[20,21,24,25,15,6076,22,23,13,30,28,29,14,16,26,27,42,46,43,44,45],"class_list":{"0":"post-108046","1":"post","2":"type-post","3":"status-publish","4":"format-standard","5":"has-post-thumbnail","7":"category-verden","8":"tag-breaking-news","9":"tag-breakingnews","10":"tag-featured-news","11":"tag-featurednews","12":"tag-headlines","13":"tag-jimmy-kimmel","14":"tag-latest-news","15":"tag-latestnews","16":"tag-news","17":"tag-no","18":"tag-norge","19":"tag-norway","20":"tag-nyheter","21":"tag-overskrifter","22":"tag-top-stories","23":"tag-topstories","24":"tag-verden","25":"tag-vgai","26":"tag-world","27":"tag-world-news","28":"tag-worldnews"},"share_on_mastodon":{"url":"https:\/\/pubeurope.com\/@no\/115687741688696401","error":""},"_links":{"self":[{"href":"https:\/\/www.europesays.com\/no\/wp-json\/wp\/v2\/posts\/108046","targetHints":{"allow":["GET"]}}],"collection":[{"href":"https:\/\/www.europesays.com\/no\/wp-json\/wp\/v2\/posts"}],"about":[{"href":"https:\/\/www.europesays.com\/no\/wp-json\/wp\/v2\/types\/post"}],"author":[{"embeddable":true,"href":"https:\/\/www.europesays.com\/no\/wp-json\/wp\/v2\/users\/2"}],"replies":[{"embeddable":true,"href":"https:\/\/www.europesays.com\/no\/wp-json\/wp\/v2\/comments?post=108046"}],"version-history":[{"count":0,"href":"https:\/\/www.europesays.com\/no\/wp-json\/wp\/v2\/posts\/108046\/revisions"}],"wp:featuredmedia":[{"embeddable":true,"href":"https:\/\/www.europesays.com\/no\/wp-json\/wp\/v2\/media\/108047"}],"wp:attachment":[{"href":"https:\/\/www.europesays.com\/no\/wp-json\/wp\/v2\/media?parent=108046"}],"wp:term":[{"taxonomy":"category","embeddable":true,"href":"https:\/\/www.europesays.com\/no\/wp-json\/wp\/v2\/categories?post=108046"},{"taxonomy":"post_tag","embeddable":true,"href":"https:\/\/www.europesays.com\/no\/wp-json\/wp\/v2\/tags?post=108046"}],"curies":[{"name":"wp","href":"https:\/\/api.w.org\/{rel}","templated":true}]}}